{"id":66198,"date":"2025-04-10T13:54:16","date_gmt":"2025-04-10T16:54:16","guid":{"rendered":"https:\/\/www.paranapraia.com.br\/?p=66198"},"modified":"2025-04-10T16:04:10","modified_gmt":"2025-04-10T19:04:10","slug":"crianca-de-dois-anos-atropelada-em-pontal-do-parana-nao-resiste-e-morre","status":"publish","type":"post","link":"https:\/\/www.paranapraia.com.br\/index.php\/2025\/04\/10\/crianca-de-dois-anos-atropelada-em-pontal-do-parana-nao-resiste-e-morre\/","title":{"rendered":"Crian\u00e7a de dois anos atropelada em Pontal do Paran\u00e1, n\u00e3o resiste e morre"},"content":{"rendered":"\n<p>Morre no Hospital do Trabalador, em Curitiba, a crian\u00e7a de 2 anos atropelada ontem no Balne\u00e1rio Gaivotas, no munic\u00edpio de Pontal do Paran\u00e1. A fam\u00edlia autorizou a doa\u00e7\u00e3o dos \u00f3rg\u00e3os da crian\u00e7a. O tr\u00e1gico acidente ocorreu ontem noite, quarta-feira, 9, em PontaldoParan\u00e1 no Litoral do Estado. A crian\u00e7a de 2 anos foi atropelada por um ve\u00edculo na rua Jamaica, no Balne\u00e1rio Gaivotas.<\/p>\n\n\n\n<p>A v\u00edtima foi socorrida pela condutora do ve\u00edculo at\u00e9 o Pronto Atendimento 24h de Praia de Leste e tranferida para o Hospital Regional do Litoral, em Paranagu\u00e1 e depois para o Hospital do Trabalhador, em Curitiba. Infelizmente, a pequena v\u00edtima n\u00e3o resistiu aos ferimentos e morreu na manh\u00e3 desta quinta-feira, dia 1O.<\/p>\n\n\n\n<p>A condutora do ve\u00edculo idenfificada como sendo Ilyusca Cidral moradora em Paranagu\u00e1. Ela trabalha na Policl\u00ednica de Praia de Leste, em Pontal do Paran\u00e1, onde atua como Fonoaudiologa. A crian\u00e7a estava brincando na cal\u00e7ada e acabou indo para frente do ve\u00edculo. Devido ao seu tamanho, a motorista n\u00e3o enxergou e saiu com o carro, atropelando a crian\u00e7a. Populares gritaram que a crian\u00e7a estava debaixo do carro.<\/p>\n\n\n\n<p>A condutora prestou o socorro e levou a crian\u00e7a e sua m\u00e3e ao Pronto Atendimento em Praia de Leste. A crian\u00e7a foi transferida com urg\u00eancia para o Hospital Regional do Litoral (HRL) e, posteriormente, para o Hospital do Trabalador em Curitiba, mas n\u00e3o nao resistiu.<\/p>\n\n\n\n<p>O estado de sa\u00fade era cr\u00edtico, com les\u00e3o na cabe\u00e7a, pupilas dilatadas, escoria\u00e7\u00f5es pelo corpo e poss\u00edvel fratura no bra\u00e7o esquerdo, n\u00e3o resistiu. Este caso \u00e9 um lembrete da import\u00e2ncia da conscientiza\u00e7\u00e3o sobre a seguran\u00e7a no tr\u00e2nsito e a necessidade de aten\u00e7\u00e3o e cuidado ao dirigir, especialmente em \u00e1reas residenciais e perto de crian\u00e7as e principalmente aos pais para ficar de olho em seus filhos.<\/p>\n\n\n\n<p>A condutora foi conduzida para a Delegacia Cidad\u00e3 de Matinhos. A pol\u00edcia investiga o caso e apura as circunst\u00e2ncias do acidente.<\/p>\n\n\n\n<p>Com informa\u00e7\u00f5es da internet<\/p>\n","protected":false},"excerpt":{"rendered":"<p>Morre no Hospital do Trabalador, em Curitiba, a crian\u00e7a de 2 anos atropelada ontem no Balne\u00e1rio Gaivotas, no munic\u00edpio de Pontal do Paran\u00e1. A fam\u00edlia autorizou a doa\u00e7\u00e3o dos \u00f3rg\u00e3os da crian\u00e7a. O tr\u00e1gico acidente ocorreu ontem noite, quarta-feira, 9, em PontaldoParan\u00e1 no Litoral do Estado. A crian\u00e7a de 2 anos foi atropelada por um [&hellip;]<\/p>\n","protected":false},"author":2,"featured_media":66199,"comment_status":"open","ping_status":"open","sticky":false,"template":"","format":"standard","meta":{"advanced_seo_description":"","jetpack_seo_html_title":"","jetpack_seo_noindex":false,"_jetpack_memberships_contains_paid_content":false,"footnotes":""},"categories":[52,101,65],"tags":[318],"class_list":{"0":"post-66198","1":"post","2":"type-post","3":"status-publish","4":"format-standard","5":"has-post-thumbnail","7":"category-acidentes","8":"category-luto","9":"category-pontal-do-parana","10":"tag-pontal-do-parana"},"jetpack_featured_media_url":"https:\/\/www.paranapraia.com.br\/wp-content\/uploads\/2025\/04\/605c742a42687-605bab1df2e6a-dsc_9147-scaled.jpg","jetpack_sharing_enabled":true,"_links":{"self":[{"href":"https:\/\/www.paranapraia.com.br\/index.php\/wp-json\/wp\/v2\/posts\/66198"}],"collection":[{"href":"https:\/\/www.paranapraia.com.br\/index.php\/wp-json\/wp\/v2\/posts"}],"about":[{"href":"https:\/\/www.paranapraia.com.br\/index.php\/wp-json\/wp\/v2\/types\/post"}],"author":[{"embeddable":true,"href":"https:\/\/www.paranapraia.com.br\/index.php\/wp-json\/wp\/v2\/users\/2"}],"replies":[{"embeddable":true,"href":"https:\/\/www.paranapraia.com.br\/index.php\/wp-json\/wp\/v2\/comments?post=66198"}],"version-history":[{"count":2,"href":"https:\/\/www.paranapraia.com.br\/index.php\/wp-json\/wp\/v2\/posts\/66198\/revisions"}],"predecessor-version":[{"id":66201,"href":"https:\/\/www.paranapraia.com.br\/index.php\/wp-json\/wp\/v2\/posts\/66198\/revisions\/66201"}],"wp:featuredmedia":[{"embeddable":true,"href":"https:\/\/www.paranapraia.com.br\/index.php\/wp-json\/wp\/v2\/media\/66199"}],"wp:attachment":[{"href":"https:\/\/www.paranapraia.com.br\/index.php\/wp-json\/wp\/v2\/media?parent=66198"}],"wp:term":[{"taxonomy":"category","embeddable":true,"href":"https:\/\/www.paranapraia.com.br\/index.php\/wp-json\/wp\/v2\/categories?post=66198"},{"taxonomy":"post_tag","embeddable":true,"href":"https:\/\/www.paranapraia.com.br\/index.php\/wp-json\/wp\/v2\/tags?post=66198"}],"curies":[{"name":"wp","href":"https:\/\/api.w.org\/{rel}","templated":true}]}}