{"id":66117,"date":"2025-04-05T19:14:25","date_gmt":"2025-04-05T22:14:25","guid":{"rendered":"https:\/\/www.paranapraia.com.br\/?p=66117"},"modified":"2025-04-05T19:14:27","modified_gmt":"2025-04-05T22:14:27","slug":"pontal-do-parana-entrega-65-novos-titulos-e-amplia-acoes-na-area-de-habitacao","status":"publish","type":"post","link":"https:\/\/www.paranapraia.com.br\/index.php\/2025\/04\/05\/pontal-do-parana-entrega-65-novos-titulos-e-amplia-acoes-na-area-de-habitacao\/","title":{"rendered":"Pontal do Paran\u00e1 entrega 65 novos t\u00edtulos e amplia a\u00e7\u00f5es na \u00e1rea de habita\u00e7\u00e3o"},"content":{"rendered":"\n<p>Neste s\u00e1bado (05), a Prefeitura de Pontal do Paran\u00e1 realizou a entrega de 65 t\u00edtulos de propriedade para fam\u00edlias do Jardim Jacarand\u00e1 2. A cerim\u00f4nia ocorreu no refeit\u00f3rio da Escola C\u00edvico-Militar Ezequiel Pinto da Silva, no Jardim Canad\u00e1, e contou com a presen\u00e7a de autoridades municipais, t\u00e9cnicos da \u00e1rea e moradores.<\/p>\n\n\n\n<p>A a\u00e7\u00e3o faz parte do trabalho de regulariza\u00e7\u00e3o fundi\u00e1ria promovido pelo munic\u00edpio, que j\u00e1 ultrapassou a marca de mil t\u00edtulos entregues desde o in\u00edcio da primeira gest\u00e3o do prefeito Rud\u00e3o Gimenes. Durante a cerim\u00f4nia, o prefeito destacou os avan\u00e7os obtidos e anunciou a nova etapa de regulariza\u00e7\u00e3o da Ch\u00e1cara S\u00e3o Pedro, poss\u00edvel ap\u00f3s a doa\u00e7\u00e3o da \u00e1rea pelo Governo do Estado ao munic\u00edpio.<\/p>\n\n\n\n<p>\u201cEsse \u00e9 um trabalho que iniciamos ainda na primeira gest\u00e3o, com foco na regulariza\u00e7\u00e3o fundi\u00e1ria de diversas \u00e1reas do munic\u00edpio. J\u00e1 passamos da marca de mil t\u00edtulos entregues e seguimos com novas etapas. A Ch\u00e1cara S\u00e3o Pedro \u00e9 uma delas. No ano passado iniciamos os primeiros encaminhamentos e, agora, com a doa\u00e7\u00e3o da \u00e1rea pelo Governo do Estado ao munic\u00edpio, teremos condi\u00e7\u00f5es legais de avan\u00e7ar com o processo. \u00c9 uma a\u00e7\u00e3o que pode beneficiar mais de mil fam\u00edlias e que exige um esfor\u00e7o conjunto das secretarias e da equipe t\u00e9cnica para garantir a entrega dos documentos que reconhecem oficialmente o direito \u00e0 moradia.\u201dAfirmou o prefeito Rud\u00e3o Gimenes.<\/p>\n\n\n\n<p>O secret\u00e1rio de Habita\u00e7\u00e3o e Assuntos Fundi\u00e1rios, Antonio Brustolin, tamb\u00e9m falou sobre os esfor\u00e7os da equipe t\u00e9cnica e o planejamento da gest\u00e3o para dar continuidade \u00e0s a\u00e7\u00f5es. \u201cA regulariza\u00e7\u00e3o fundi\u00e1ria exige planejamento, di\u00e1logo com os moradores e articula\u00e7\u00e3o entre diferentes setores da administra\u00e7\u00e3o. Nosso foco tem sido estruturar a secretaria para dar conta da demanda e avan\u00e7ar com novas \u00e1reas. Cada t\u00edtulo entregue \u00e9 resultado de um processo t\u00e9cnico que envolve levantamento, an\u00e1lise e acompanhamento. Agrade\u00e7o a equipe da secretaria pelo empenho em cada etapa. O trabalho continua, com novos projetos j\u00e1 em andamento,\u201dcomentou.<\/p>\n\n\n\n<p>Durante o evento, o casal Sirlene Terezinha Keps Gomes e Ageu Gomes recebeu a documenta\u00e7\u00e3o. \u201cO terreno est\u00e1 na fam\u00edlia h\u00e1 mais de 30 anos esperando por regulariza\u00e7\u00e3o. Agora, com o documento em m\u00e3os, temos a seguran\u00e7a de que est\u00e1 tudo certo perante a lei,\u201d relatou Sirlene. \u201cEsse documento traz seguran\u00e7a. A partir de agora, podemos negociar o im\u00f3vel e colocar em pr\u00e1tica projetos que j\u00e1 v\u00ednhamos esperando h\u00e1 bastante tempo,\u201dcompletou Ageu.<\/p>\n\n\n\n<p>Michel Mendes, s\u00f3cio-propriet\u00e1rio da empresa Cogep, respons\u00e1vel pela execu\u00e7\u00e3o do projeto t\u00e9cnico, destacou o processo da regulariza\u00e7\u00e3o. \u201cFoi um trabalho de cerca de quatro anos desde a instala\u00e7\u00e3o da Reurb. Todo o projeto foi acompanhado pela prefeitura. Agradecemos \u00e0 popula\u00e7\u00e3o e \u00e0 equipe que confiaram em nosso trabalho,\u201d afirmou.<\/p>\n\n\n\n<p>Al\u00e9m da regulariza\u00e7\u00e3o fundi\u00e1ria, a prefeitura tamb\u00e9m d\u00e1 continuidade \u00e0 pol\u00edtica habitacional. No final da gest\u00e3o passada, foram entregues sete casas populares. Agora, nesta segunda-feira (7), ser\u00e1 autorizada a constru\u00e7\u00e3o de mais sete unidades, com investimento de R$ 700 mil.&nbsp;<\/p>\n\n\n\n<p>Participaram da cerim\u00f4nia o prefeito Rud\u00e3o Gimenes, a vice-prefeita Professora Patricia, a procuradora-geral do munic\u00edpio Verginia Pedroso, o secret\u00e1rio de Habita\u00e7\u00e3o Antonio Brustolin, o secret\u00e1rio de Projetos e Planejamento Heitor Kayamori, o secret\u00e1rio de Obras e Servi\u00e7os P\u00fablicos Vitor Santana, os vereadores Nei da Pesca, Juvanete Pereira, Any Messina e o representante da empresa Cogep, Michel Mendes.<\/p>\n\n\n\n<p>Imagens: Prefeitura de Pontal do Paran\u00e1 \/ Anderson Franco<\/p>\n","protected":false},"excerpt":{"rendered":"<p>Neste s\u00e1bado (05), a Prefeitura de Pontal do Paran\u00e1 realizou a entrega de 65 t\u00edtulos de propriedade para fam\u00edlias do Jardim Jacarand\u00e1 2. A cerim\u00f4nia ocorreu no refeit\u00f3rio da Escola C\u00edvico-Militar Ezequiel Pinto da Silva, no Jardim Canad\u00e1, e contou com a presen\u00e7a de autoridades municipais, t\u00e9cnicos da \u00e1rea e moradores. A a\u00e7\u00e3o faz parte [&hellip;]<\/p>\n","protected":false},"author":2,"featured_media":66118,"comment_status":"open","ping_status":"open","sticky":false,"template":"","format":"standard","meta":{"advanced_seo_description":"","jetpack_seo_html_title":"","jetpack_seo_noindex":false,"_jetpack_memberships_contains_paid_content":false,"footnotes":""},"categories":[65],"tags":[805,318,1029],"class_list":{"0":"post-66117","1":"post","2":"type-post","3":"status-publish","4":"format-standard","5":"has-post-thumbnail","7":"category-pontal-do-parana","8":"tag-habitacao","9":"tag-pontal-do-parana","10":"tag-titulos"},"jetpack_featured_media_url":"https:\/\/www.paranapraia.com.br\/wp-content\/uploads\/2025\/04\/050425125350_5156994492920868631_jpg-scaled.jpg","jetpack_sharing_enabled":true,"_links":{"self":[{"href":"https:\/\/www.paranapraia.com.br\/index.php\/wp-json\/wp\/v2\/posts\/66117"}],"collection":[{"href":"https:\/\/www.paranapraia.com.br\/index.php\/wp-json\/wp\/v2\/posts"}],"about":[{"href":"https:\/\/www.paranapraia.com.br\/index.php\/wp-json\/wp\/v2\/types\/post"}],"author":[{"embeddable":true,"href":"https:\/\/www.paranapraia.com.br\/index.php\/wp-json\/wp\/v2\/users\/2"}],"replies":[{"embeddable":true,"href":"https:\/\/www.paranapraia.com.br\/index.php\/wp-json\/wp\/v2\/comments?post=66117"}],"version-history":[{"count":1,"href":"https:\/\/www.paranapraia.com.br\/index.php\/wp-json\/wp\/v2\/posts\/66117\/revisions"}],"predecessor-version":[{"id":66119,"href":"https:\/\/www.paranapraia.com.br\/index.php\/wp-json\/wp\/v2\/posts\/66117\/revisions\/66119"}],"wp:featuredmedia":[{"embeddable":true,"href":"https:\/\/www.paranapraia.com.br\/index.php\/wp-json\/wp\/v2\/media\/66118"}],"wp:attachment":[{"href":"https:\/\/www.paranapraia.com.br\/index.php\/wp-json\/wp\/v2\/media?parent=66117"}],"wp:term":[{"taxonomy":"category","embeddable":true,"href":"https:\/\/www.paranapraia.com.br\/index.php\/wp-json\/wp\/v2\/categories?post=66117"},{"taxonomy":"post_tag","embeddable":true,"href":"https:\/\/www.paranapraia.com.br\/index.php\/wp-json\/wp\/v2\/tags?post=66117"}],"curies":[{"name":"wp","href":"https:\/\/api.w.org\/{rel}","templated":true}]}}