{"id":66114,"date":"2025-04-04T14:39:08","date_gmt":"2025-04-04T17:39:08","guid":{"rendered":"https:\/\/www.paranapraia.com.br\/?p=66114"},"modified":"2025-04-04T14:39:12","modified_gmt":"2025-04-04T17:39:12","slug":"bairros-em-morretes-estao-aptos-para-ligacao-na-rede-de-esgoto","status":"publish","type":"post","link":"https:\/\/www.paranapraia.com.br\/index.php\/2025\/04\/04\/bairros-em-morretes-estao-aptos-para-ligacao-na-rede-de-esgoto\/","title":{"rendered":"Bairros em Morretes est\u00e3o aptos para liga\u00e7\u00e3o na rede de esgoto"},"content":{"rendered":"\n<p><em>Ambiental Paran\u00e1 em parceria com a Sanepar concluiu obras que d\u00e3o acesso a dezenas de resid\u00eancias ao esgoto tratado<\/em><\/p>\n\n\n\n<p>Mais de 200 casas residenciais e estabelecimentos comerciais dos bairros S\u00edtio do Campo e Jardim das Palmeiras, em Morretes no Litoral do Paran\u00e1, foram beneficiados com a expans\u00e3o da rede de esgoto na cidade e j\u00e1 podem ligar seus im\u00f3veis ao sistema. O pr\u00f3prio morador pode fazer esse procedimento de forma correta no Dispositivo Tubular de Inspe\u00e7\u00e3o (DTI) presente nas ruas ou contratar um encanador.<\/p>\n\n\n\n<p><br>A expans\u00e3o foi realizada pela Ambiental Paran\u00e1, empresa da Aegea Saneamento e l\u00edder no setor privado de saneamento b\u00e1sico no Brasil, respons\u00e1vel pela gest\u00e3o do esgotamento sanit\u00e1rio em 52 munic\u00edpios do Paran\u00e1 em parceria com a Companhia de Saneamento do Paran\u00e1 (Sanepar). \u201cEstamos trabalhando para universalizar o saneamento nos munic\u00edpios em que atendemos, possibilitando in\u00fameros benef\u00edcios \u00e0 popula\u00e7\u00e3o, em especial relacionados a sa\u00fade\u201d, afirma Bruna Boldrini, diretora presidente da Ambiental Paran\u00e1.<\/p>\n\n\n\n<p><br>Um levantamento realizado pelo Instituto Trata Brasil, organiza\u00e7\u00e3o da sociedade civil de interesse p\u00fablico que aborda as quest\u00f5es de saneamento b\u00e1sico, aponta que os munic\u00edpios s\u00f3 t\u00eam benef\u00edcios quando seus im\u00f3veis s\u00e3o ligados \u00e0 rede de esgoto. O principal deles diz respeito a sa\u00fade p\u00fablica. Os n\u00fameros do Trata Brasil\u00a0mostram que no per\u00edodo de 2010 a 2022 a taxa de interna\u00e7\u00f5es hospitalares reduziu em mais de 50% nos munic\u00edpios que tinham implantado o servi\u00e7o de coleta domiciliar de esgoto.<\/p>\n\n\n\n<p><br>Para Antony Serpa Antoniuk, 39, m\u00e9dico especialista em Medicina de Fam\u00edlia e Comunidade, o saneamento b\u00e1sico interfere de maneira direta no bem-estar da popula\u00e7\u00e3o. \u201cHistoricamente, no Brasil e no mundo, tivemos diversas epidemias como a c\u00f3lera e a febre tif\u00f3ide, relacionadas \u00e0 car\u00eancia da rede de esgoto. Atualmente, temos como principais doen\u00e7as relacionadas a esta falta, as s\u00edndromes diarreicas ocasionadas em sua maioria pelos v\u00edrus, bact\u00e9rias, parasitoses\u00a0e\u00a0toxinas\u201d, explica ele, destacando ainda que o saneamento b\u00e1sico ajuda a proporcionar um ambiente mais saud\u00e1vel, al\u00e9m de diminuir o mau cheiro, a prolifera\u00e7\u00e3o de ratos e mosquitos vetores de doen\u00e7as.<\/p>\n\n\n\n<p><br>A expans\u00e3o da coleta de esgoto tamb\u00e9m pode reduzir os atendimentos e filas nas unidades b\u00e1sicas de sa\u00fade e UPAs e internamentos. \u201cNo come\u00e7o deste ano, tivemos um aumento importante no litoral dos casos de infec\u00e7\u00f5es intestinais, resultando na montagem de tr\u00eas tendas acopladas nas UPAs de Matinhos, Guaratuba e Pontal do Paran\u00e1 s\u00f3 para atender esses eventos. Segundo a SESA, foram registrados mais de 5 mil casos s\u00f3 nos primeiros 13\u00a0dias\u00a0de\u00a02025\u201d,\u00a0alerta\u00a0Serpa.<\/p>\n\n\n\n<p><br>A universaliza\u00e7\u00e3o do saneamento no Brasil \u2013 que corresponde a 90% dos mun\u00edcipios atendidos pela rede de esgoto &#8211; deve reduzir 86.760 interna\u00e7\u00f5es por Doen\u00e7as Relacionadas ao Saneamento Ambiental Inadequado (DRSAI) no pa\u00eds por ano, representando tamb\u00e9m uma economia de quase R$ 44 milh\u00f5es nos cofres p\u00fablicos.<\/p>\n\n\n\n<p><br>Em casos de d\u00favida para ligar sua resid\u00eancia na rede coletora de esgoto, os moradores podem entrar em contato com a Sanepar pelo n\u00famero 0800-200-0115.<\/p>\n\n\n\n<p>Sobre Ambiental Paran\u00e1\u00a0<br>A Ambiental Paran\u00e1 \u00e9 uma empresa da Aegea Saneamento, l\u00edder no setor privado de saneamento b\u00e1sico no Brasil, e respons\u00e1vel, desde janeiro de 2024, pela opera\u00e7\u00e3o dos servi\u00e7os de coleta e tratamento de esgoto, incluindo as atividades de execu\u00e7\u00e3o de obras, opera\u00e7\u00e3o, manuten\u00e7\u00e3o, amplia\u00e7\u00f5es, melhorias e implanta\u00e7\u00f5es em 52 cidades do estado, por meio da Parceria P\u00fablico Privada com a Companhia de Saneamento do Paran\u00e1 (Sanepar).<\/p>\n\n\n\n<p>Ela \u00e9 respons\u00e1vel pelo atendimento de 16 munic\u00edpios da regi\u00e3o Centro-Litoral do Paran\u00e1 e por outros 36 munic\u00edpios da regi\u00e3o Centro-Leste. Ao lado da Sanepar, a Ambiental Paran\u00e1 atuar\u00e1 promovendo o acesso \u00e0 coleta e tratamento de esgoto de 90% da popula\u00e7\u00e3o das duas regi\u00f5es, beneficiando mais de 800 mil pessoas at\u00e9 2033.\u00a0<\/p>\n\n\n\n<p><br>Os munic\u00edpios atendidos na regi\u00e3o Centro-Litoral s\u00e3o: Adrian\u00f3polis, Almirante Tamandar\u00e9, Bocai\u00fava do Sul, Campo do Tenente, Campo Largo, Cerro Azul, Contenda, Fazenda Rio Grande, Guaratuba, Mandirituba, Morretes, Rio Branco do Sul, Pi\u00ean, Quitandinha, Rio Negro e Tijucas do Sul. Os munic\u00edpios atendidos na regi\u00e3o Centro-Leste s\u00e3o: Arapu\u00e3, Ariranha do Iva\u00ed, Borraz\u00f3polis, Cafeara, Campina do Sim\u00e3o, Congonhinhas, Cruzmaltina, Cruz Machado, Espig\u00e3o Alto do Igua\u00e7u, Fernandes Pinheiros, Foz do Jord\u00e3o, General Carneiro, Goioxim, Grandes Rios, Guaraci, Ibaiti Itaguaj\u00e9, Jaboti, Jardim Alegre, Lupian\u00f3polis, Marquinho, Nova Tebas, Palmital, Pinhal\u00e3o, Pinh\u00e3o, Pitanga, Porto Vit\u00f3ria, Rancho Alegre, Ribeir\u00e3o do Pinhal, Rio Branco do Ivai, Sab\u00e1udia, Santa Am\u00e9lia, Santa Maria do Oeste, S\u00e3o Pedro do Iva\u00ed, Teixeira Soares e Turvo.<\/p>\n\n\n\n<p style=\"margin-bottom:180px\">Assessoria <\/p>\n","protected":false},"excerpt":{"rendered":"<p>Ambiental Paran\u00e1 em parceria com a Sanepar concluiu obras que d\u00e3o acesso a dezenas de resid\u00eancias ao esgoto tratado Mais de 200 casas residenciais e estabelecimentos comerciais dos bairros S\u00edtio do Campo e Jardim das Palmeiras, em Morretes no Litoral do Paran\u00e1, foram beneficiados com a expans\u00e3o da rede de esgoto na cidade e j\u00e1 [&hellip;]<\/p>\n","protected":false},"author":2,"featured_media":66115,"comment_status":"open","ping_status":"open","sticky":false,"template":"","format":"standard","meta":{"advanced_seo_description":"","jetpack_seo_html_title":"","jetpack_seo_noindex":false,"_jetpack_memberships_contains_paid_content":false,"footnotes":""},"categories":[40,125],"tags":[],"class_list":{"0":"post-66114","1":"post","2":"type-post","3":"status-publish","4":"format-standard","5":"has-post-thumbnail","7":"category-destaques","8":"category-morretes"},"jetpack_featured_media_url":"https:\/\/www.paranapraia.com.br\/wp-content\/uploads\/2025\/04\/SAVE_20250404_143438-scaled.jpg","jetpack_sharing_enabled":true,"_links":{"self":[{"href":"https:\/\/www.paranapraia.com.br\/index.php\/wp-json\/wp\/v2\/posts\/66114"}],"collection":[{"href":"https:\/\/www.paranapraia.com.br\/index.php\/wp-json\/wp\/v2\/posts"}],"about":[{"href":"https:\/\/www.paranapraia.com.br\/index.php\/wp-json\/wp\/v2\/types\/post"}],"author":[{"embeddable":true,"href":"https:\/\/www.paranapraia.com.br\/index.php\/wp-json\/wp\/v2\/users\/2"}],"replies":[{"embeddable":true,"href":"https:\/\/www.paranapraia.com.br\/index.php\/wp-json\/wp\/v2\/comments?post=66114"}],"version-history":[{"count":1,"href":"https:\/\/www.paranapraia.com.br\/index.php\/wp-json\/wp\/v2\/posts\/66114\/revisions"}],"predecessor-version":[{"id":66116,"href":"https:\/\/www.paranapraia.com.br\/index.php\/wp-json\/wp\/v2\/posts\/66114\/revisions\/66116"}],"wp:featuredmedia":[{"embeddable":true,"href":"https:\/\/www.paranapraia.com.br\/index.php\/wp-json\/wp\/v2\/media\/66115"}],"wp:attachment":[{"href":"https:\/\/www.paranapraia.com.br\/index.php\/wp-json\/wp\/v2\/media?parent=66114"}],"wp:term":[{"taxonomy":"category","embeddable":true,"href":"https:\/\/www.paranapraia.com.br\/index.php\/wp-json\/wp\/v2\/categories?post=66114"},{"taxonomy":"post_tag","embeddable":true,"href":"https:\/\/www.paranapraia.com.br\/index.php\/wp-json\/wp\/v2\/tags?post=66114"}],"curies":[{"name":"wp","href":"https:\/\/api.w.org\/{rel}","templated":true}]}}