{"id":65980,"date":"2025-03-31T14:58:26","date_gmt":"2025-03-31T17:58:26","guid":{"rendered":"https:\/\/www.paranapraia.com.br\/?p=65980"},"modified":"2025-03-31T14:58:29","modified_gmt":"2025-03-31T17:58:29","slug":"paranagua-vacinacao-contra-a-gripe-influenza-inicia-nesta-terca-feira-1o-de-abril","status":"publish","type":"post","link":"https:\/\/www.paranapraia.com.br\/index.php\/2025\/03\/31\/paranagua-vacinacao-contra-a-gripe-influenza-inicia-nesta-terca-feira-1o-de-abril\/","title":{"rendered":"Paranagu\u00e1: Vacina\u00e7\u00e3o contra a gripe Influenza inicia nesta ter\u00e7a-feira, 1\u00ba de abril"},"content":{"rendered":"\n<p>Nesta ter\u00e7a-feira, 1\u00ba de abril, inicia a vacina\u00e7\u00e3o contra a Influenza em todas as unidades de sa\u00fade e em locais espec\u00edficos de Paranagu\u00e1. A vacina\u00e7\u00e3o \u00e9 considerada a melhor estrat\u00e9gia para a preven\u00e7\u00e3o contra a doen\u00e7a. \u00c9 capaz de imunizar durante o per\u00edodo de maior circula\u00e7\u00e3o dos v\u00edrus, reduzindo o agravamento da enfermidade, interna\u00e7\u00e3o e n\u00famero de \u00f3bitos. A Influenza \u00e9 uma infec\u00e7\u00e3o viral que afeta o sistema respirat\u00f3rio, possui elevada transmissibilidade, distribui\u00e7\u00e3o global e tend\u00eancia de disseminar facilmente em epidemias.<\/p>\n\n\n\n<p>\u00c9 causada por quatro tipos de v\u00edrus: A, B, C e D, sendo os v\u00edrus A e B respons\u00e1veis pelas epidemias sazonais em seres humanos. Al\u00e9m disso, o v\u00edrus A est\u00e1 relacionado aos eventos pand\u00eamicos. Neste ano, ser\u00e1 utilizada a vacina trivalente, produzida pelo Instituto Butantan e que apresenta tr\u00eas tipos de cepas de v\u00edrus: H1N1, H3N2, B\/ linhagem Vict\u00f3ria.<\/p>\n\n\n\n<p>Os grupos definidos pela estrat\u00e9gia de vacina\u00e7\u00e3o s\u00e3o crian\u00e7as a partir de 6 meses, pu\u00e9rperas, gestantes, idosos com mais de 60 anos, povos ind\u00edgenas, quilombolas, pessoas em situa\u00e7\u00e3o de rua, profissionais da sa\u00fade, professores, profissionais de seguran\u00e7a e salvamento e das for\u00e7as armadas, pessoas com defici\u00eancias, caminhoneiros, trabalhadores do transporte coletivo, rodovi\u00e1rio e urbano, portu\u00e1rios, funcion\u00e1rios dos correios, popula\u00e7\u00e3o privada de liberdade, adolescentes cumprindo medidas socioeducativas, pessoas com doen\u00e7as cr\u00f4nicas n\u00e3o transmiss\u00edveis, entre outras condi\u00e7\u00f5es cl\u00ednicas especiais. Os profissionais dever\u00e3o levar um documento que comprove sua atividade de trabalho. Nos demais casos, basta estar munido de documento oficial com foto.<\/p>\n\n\n\n<p>A Secretaria Municipal de Sa\u00fade (Semsa) informa que a vacina n\u00e3o \u00e9 indicada para quem possui sinais severos de anafilaxia ap\u00f3s a ingest\u00e3o de ovo. J\u00e1 pessoas que apresentem estado febril, ou Covid, recomenda-se adiar a vacina\u00e7\u00e3o at\u00e9 a melhora do quadro.<\/p>\n\n\n\n<p>Assessoria<\/p>\n","protected":false},"excerpt":{"rendered":"<p>Nesta ter\u00e7a-feira, 1\u00ba de abril, inicia a vacina\u00e7\u00e3o contra a Influenza em todas as unidades de sa\u00fade e em locais espec\u00edficos de Paranagu\u00e1. A vacina\u00e7\u00e3o \u00e9 considerada a melhor estrat\u00e9gia para a preven\u00e7\u00e3o contra a doen\u00e7a. \u00c9 capaz de imunizar durante o per\u00edodo de maior circula\u00e7\u00e3o dos v\u00edrus, reduzindo o agravamento da enfermidade, interna\u00e7\u00e3o e [&hellip;]<\/p>\n","protected":false},"author":2,"featured_media":65981,"comment_status":"open","ping_status":"open","sticky":false,"template":"","format":"standard","meta":{"advanced_seo_description":"","jetpack_seo_html_title":"","jetpack_seo_noindex":false,"_jetpack_memberships_contains_paid_content":false,"footnotes":""},"categories":[77,50],"tags":[321],"class_list":{"0":"post-65980","1":"post","2":"type-post","3":"status-publish","4":"format-standard","5":"has-post-thumbnail","7":"category-paranagua","8":"category-saude","9":"tag-paranagua"},"jetpack_featured_media_url":"https:\/\/www.paranapraia.com.br\/wp-content\/uploads\/2025\/03\/thumb-23-scaled.jpg","jetpack_sharing_enabled":true,"_links":{"self":[{"href":"https:\/\/www.paranapraia.com.br\/index.php\/wp-json\/wp\/v2\/posts\/65980"}],"collection":[{"href":"https:\/\/www.paranapraia.com.br\/index.php\/wp-json\/wp\/v2\/posts"}],"about":[{"href":"https:\/\/www.paranapraia.com.br\/index.php\/wp-json\/wp\/v2\/types\/post"}],"author":[{"embeddable":true,"href":"https:\/\/www.paranapraia.com.br\/index.php\/wp-json\/wp\/v2\/users\/2"}],"replies":[{"embeddable":true,"href":"https:\/\/www.paranapraia.com.br\/index.php\/wp-json\/wp\/v2\/comments?post=65980"}],"version-history":[{"count":1,"href":"https:\/\/www.paranapraia.com.br\/index.php\/wp-json\/wp\/v2\/posts\/65980\/revisions"}],"predecessor-version":[{"id":65982,"href":"https:\/\/www.paranapraia.com.br\/index.php\/wp-json\/wp\/v2\/posts\/65980\/revisions\/65982"}],"wp:featuredmedia":[{"embeddable":true,"href":"https:\/\/www.paranapraia.com.br\/index.php\/wp-json\/wp\/v2\/media\/65981"}],"wp:attachment":[{"href":"https:\/\/www.paranapraia.com.br\/index.php\/wp-json\/wp\/v2\/media?parent=65980"}],"wp:term":[{"taxonomy":"category","embeddable":true,"href":"https:\/\/www.paranapraia.com.br\/index.php\/wp-json\/wp\/v2\/categories?post=65980"},{"taxonomy":"post_tag","embeddable":true,"href":"https:\/\/www.paranapraia.com.br\/index.php\/wp-json\/wp\/v2\/tags?post=65980"}],"curies":[{"name":"wp","href":"https:\/\/api.w.org\/{rel}","templated":true}]}}