{"id":65744,"date":"2025-03-25T09:26:58","date_gmt":"2025-03-25T12:26:58","guid":{"rendered":"https:\/\/www.paranapraia.com.br\/?p=65744"},"modified":"2025-03-25T09:27:47","modified_gmt":"2025-03-25T12:27:47","slug":"mdb-de-pontal-do-parana-participa-da-celebracao-dos-59-anos-do-partido-e-reafirma-compromisso-com-a-democracia","status":"publish","type":"post","link":"https:\/\/www.paranapraia.com.br\/index.php\/2025\/03\/25\/mdb-de-pontal-do-parana-participa-da-celebracao-dos-59-anos-do-partido-e-reafirma-compromisso-com-a-democracia\/","title":{"rendered":"MDB de Pontal do Paran\u00e1 participa da celebra\u00e7\u00e3o dos 59 anos do partido e reafirma compromisso com a democracia"},"content":{"rendered":"\n<p>O Movimento Democr\u00e1tico Brasileiro (MDB) completou, nesta semana, 59 anos de hist\u00f3ria, luta e protagonismo na pol\u00edtica nacional. O munic\u00edpio de Pontal do Paran\u00e1 marcou presen\u00e7a nas comemora\u00e7\u00f5es do anivers\u00e1rio do partido, reafirmando seu compromisso com os valores democr\u00e1ticos, o di\u00e1logo e o desenvolvimento social.<\/p>\n\n\n\n<p>Representando o munic\u00edpio, lideran\u00e7as pol\u00edticas de Pontal participaram do evento ao lado do presidente estadual do MDB-PR, deputado Anibelli Neto, em uma noite especial, marcada por reencontros, troca de experi\u00eancias e reconhecimento \u00e0 trajet\u00f3ria do partido no Brasil e no Paran\u00e1.<\/p>\n\n\n\n<p>O prefeito Rud\u00e3o Gimenes, uma das principais lideran\u00e7as do MDB na regi\u00e3o, enviou uma sauda\u00e7\u00e3o especial a todos que constroem diariamente o caminho do partido em Pontal e em todo o Brasil. Para ele, a data \u00e9 s\u00edmbolo de resist\u00eancia, uni\u00e3o e compromisso com o povo.<\/p>\n\n\n\n<p>Durante a cerim\u00f4nia, o presidente Anibelli Neto destacou a import\u00e2ncia da participa\u00e7\u00e3o ativa das bases municipais para o fortalecimento do MDB. O evento reuniu lideran\u00e7as de diversas regi\u00f5es do estado, evidenciando a capilaridade do partido e sua relev\u00e2ncia no cen\u00e1rio pol\u00edtico paranaense.<\/p>\n\n\n\n<p>O MDB nasceu da luta pela democracia durante o per\u00edodo militar e consolidou-se como um dos principais defensores da inclus\u00e3o social, do respeito \u00e0 diversidade e do desenvolvimento humano. Em Pontal do Paran\u00e1, essa trajet\u00f3ria \u00e9 refletida em pol\u00edticas p\u00fablicas voltadas para a melhoria da qualidade de vida da popula\u00e7\u00e3o e na atua\u00e7\u00e3o firme em defesa dos direitos da comunidade.<\/p>\n\n\n\n<p>Ao celebrar seus 59 anos, o MDB reafirma seu prop\u00f3sito de continuar sendo um instrumento de transforma\u00e7\u00e3o social, construindo pontes entre governo e popula\u00e7\u00e3o, sempre com foco em um futuro mais justo, plural e humano.<\/p>\n\n\n\n<p>Reda\u00e7\u00e3o<\/p>\n","protected":false},"excerpt":{"rendered":"<p>O Movimento Democr\u00e1tico Brasileiro (MDB) completou, nesta semana, 59 anos de hist\u00f3ria, luta e protagonismo na pol\u00edtica nacional. O munic\u00edpio de Pontal do Paran\u00e1 marcou presen\u00e7a nas comemora\u00e7\u00f5es do anivers\u00e1rio do partido, reafirmando seu compromisso com os valores democr\u00e1ticos, o di\u00e1logo e o desenvolvimento social. Representando o munic\u00edpio, lideran\u00e7as pol\u00edticas de Pontal participaram do evento [&hellip;]<\/p>\n","protected":false},"author":2,"featured_media":65745,"comment_status":"open","ping_status":"open","sticky":false,"template":"","format":"standard","meta":{"advanced_seo_description":"","jetpack_seo_html_title":"","jetpack_seo_noindex":false,"_jetpack_memberships_contains_paid_content":false,"footnotes":""},"categories":[32,65,1],"tags":[1049,509,318],"class_list":{"0":"post-65744","1":"post","2":"type-post","3":"status-publish","4":"format-standard","5":"has-post-thumbnail","7":"category-politica","8":"category-pontal-do-parana","9":"category-sem-categoria","10":"tag-59-anos","11":"tag-mdb","12":"tag-pontal-do-parana"},"jetpack_featured_media_url":"https:\/\/www.paranapraia.com.br\/wp-content\/uploads\/2025\/03\/IMG-20250324-WA0056-scaled.jpg","jetpack_sharing_enabled":true,"_links":{"self":[{"href":"https:\/\/www.paranapraia.com.br\/index.php\/wp-json\/wp\/v2\/posts\/65744"}],"collection":[{"href":"https:\/\/www.paranapraia.com.br\/index.php\/wp-json\/wp\/v2\/posts"}],"about":[{"href":"https:\/\/www.paranapraia.com.br\/index.php\/wp-json\/wp\/v2\/types\/post"}],"author":[{"embeddable":true,"href":"https:\/\/www.paranapraia.com.br\/index.php\/wp-json\/wp\/v2\/users\/2"}],"replies":[{"embeddable":true,"href":"https:\/\/www.paranapraia.com.br\/index.php\/wp-json\/wp\/v2\/comments?post=65744"}],"version-history":[{"count":1,"href":"https:\/\/www.paranapraia.com.br\/index.php\/wp-json\/wp\/v2\/posts\/65744\/revisions"}],"predecessor-version":[{"id":65746,"href":"https:\/\/www.paranapraia.com.br\/index.php\/wp-json\/wp\/v2\/posts\/65744\/revisions\/65746"}],"wp:featuredmedia":[{"embeddable":true,"href":"https:\/\/www.paranapraia.com.br\/index.php\/wp-json\/wp\/v2\/media\/65745"}],"wp:attachment":[{"href":"https:\/\/www.paranapraia.com.br\/index.php\/wp-json\/wp\/v2\/media?parent=65744"}],"wp:term":[{"taxonomy":"category","embeddable":true,"href":"https:\/\/www.paranapraia.com.br\/index.php\/wp-json\/wp\/v2\/categories?post=65744"},{"taxonomy":"post_tag","embeddable":true,"href":"https:\/\/www.paranapraia.com.br\/index.php\/wp-json\/wp\/v2\/tags?post=65744"}],"curies":[{"name":"wp","href":"https:\/\/api.w.org\/{rel}","templated":true}]}}