{"id":65740,"date":"2025-03-24T16:47:25","date_gmt":"2025-03-24T19:47:25","guid":{"rendered":"https:\/\/www.paranapraia.com.br\/?p=65740"},"modified":"2025-03-24T16:47:28","modified_gmt":"2025-03-24T19:47:28","slug":"cidades-de-antonina-e-matinhos-recebem-apresentacoes-gratuitas-do-espetaculo-amma-circo-show","status":"publish","type":"post","link":"https:\/\/www.paranapraia.com.br\/index.php\/2025\/03\/24\/cidades-de-antonina-e-matinhos-recebem-apresentacoes-gratuitas-do-espetaculo-amma-circo-show\/","title":{"rendered":"Cidades de Antonina e Matinhos recebem apresenta\u00e7\u00f5es gratuitas\u00a0do espet\u00e1culo &#8220;AMMA Circo Show&#8221;"},"content":{"rendered":"\n<p><em>Apresenta\u00e7\u00f5es fazem parte do projeto itinerante &#8220;Furebo e Pinduca pelo Paran\u00e1&#8221; e ocorrem<\/em><\/p>\n\n\n\n<p><em>&nbsp;nos dias 27 de mar\u00e7o, em Antonina, e 29 de mar\u00e7o, no Cal\u00e7ad\u00e3o Central de Matinhos<\/em><\/p>\n\n\n\n<p>A partir do dia 27 de mar\u00e7o, as cidades de Antonina e Matinhos recebem apresenta\u00e7\u00f5es gratuitas do espet\u00e1culo&nbsp;<strong>&#8220;AMMA Circo Show&#8221;,<\/strong>&nbsp;da Cia. AMMA, de Londrina.&nbsp;<\/p>\n\n\n\n<p>A pe\u00e7a faz parte do projeto<strong>&#8220;Furebo e Pinduca pelo Paran\u00e1&#8221;<\/strong>, realizado com recursos da Lei Paulo Gustavo &#8211; Governo Federal, em parceria com a Secretaria de Estado da Cultura do Paran\u00e1,<strong>&nbsp;<\/strong>que busca democratizar o acesso \u00e0 cultura por meio da gratuidade da arte.&nbsp;<\/p>\n\n\n\n<figure class=\"wp-block-image size-large\"><img loading=\"lazy\" decoding=\"async\" width=\"1024\" height=\"683\" src=\"https:\/\/www.paranapraia.com.br\/wp-content\/uploads\/2025\/03\/Apresentacoes-ocorrem-nos-dias-27-de-marco-em-Antonina-e-29-de-marco-no-Calcadao-Central-de-Matinhos-Cred-Tiago-Barros-1024x683.jpg\" alt=\"\" class=\"wp-image-65742\" srcset=\"https:\/\/www.paranapraia.com.br\/wp-content\/uploads\/2025\/03\/Apresentacoes-ocorrem-nos-dias-27-de-marco-em-Antonina-e-29-de-marco-no-Calcadao-Central-de-Matinhos-Cred-Tiago-Barros-1024x683.jpg 1024w, https:\/\/www.paranapraia.com.br\/wp-content\/uploads\/2025\/03\/Apresentacoes-ocorrem-nos-dias-27-de-marco-em-Antonina-e-29-de-marco-no-Calcadao-Central-de-Matinhos-Cred-Tiago-Barros-300x200.jpg 300w, https:\/\/www.paranapraia.com.br\/wp-content\/uploads\/2025\/03\/Apresentacoes-ocorrem-nos-dias-27-de-marco-em-Antonina-e-29-de-marco-no-Calcadao-Central-de-Matinhos-Cred-Tiago-Barros-768x512.jpg 768w, https:\/\/www.paranapraia.com.br\/wp-content\/uploads\/2025\/03\/Apresentacoes-ocorrem-nos-dias-27-de-marco-em-Antonina-e-29-de-marco-no-Calcadao-Central-de-Matinhos-Cred-Tiago-Barros-696x464.jpg 696w, https:\/\/www.paranapraia.com.br\/wp-content\/uploads\/2025\/03\/Apresentacoes-ocorrem-nos-dias-27-de-marco-em-Antonina-e-29-de-marco-no-Calcadao-Central-de-Matinhos-Cred-Tiago-Barros-1068x712.jpg 1068w, https:\/\/www.paranapraia.com.br\/wp-content\/uploads\/2025\/03\/Apresentacoes-ocorrem-nos-dias-27-de-marco-em-Antonina-e-29-de-marco-no-Calcadao-Central-de-Matinhos-Cred-Tiago-Barros-scaled.jpg 800w\" sizes=\"(max-width: 1024px) 100vw, 1024px\" \/><\/figure>\n\n\n\n<p>No espet\u00e1culo, os personagens Furebo e Pinduca est\u00e3o prestes a se apresentar para o p\u00fablico. Por\u00e9m, um deles anunciou que seria um show de circo, enquanto outro acredita que a arte circense n\u00e3o seria para eles.&nbsp;<\/p>\n\n\n\n<p>Em meio a m\u00e1gicas atrapalhadas, acrobacias com bambol\u00ea e n\u00fameros cl\u00e1ssicos, Furebo e Pinduca descobrem a import\u00e2ncia de ser livre por ser quem eles realmente s\u00e3o.&nbsp;<\/p>\n\n\n\n<p><em>&#8220;O espet\u00e1culo traz uma importante reflex\u00e3o sobre sua verdadeira identidade e a que os outros esperam de voc\u00ea. Ser\u00e1 que o show vai sair como o esperado? Ser\u00e1 que vai ser melhor?&#8221;,<\/em>&nbsp;comentam os artistas&nbsp;<strong>Adalberto Perei-ra&nbsp;<\/strong>e&nbsp;<strong>Andr\u00e9 Demarchi<\/strong>, fundadores da<strong>&nbsp;Cia. AMMA.&nbsp;<\/strong><\/p>\n\n\n\n<p>Desde a sua estreia em 2021, o&nbsp;<strong>&#8220;AMMA Circo Show&#8221;&nbsp;<\/strong>passou por constantes reinven\u00e7\u00f5es, refletindo o esp\u00edrito inquieto e l\u00fadico da companhia, que nasceu do desejo de explorar o riso em suas m\u00faltiplas formas, com pesquisa e cria\u00e7\u00e3o dentro da palha\u00e7aria e da arte drag, buscando unir o c\u00f4mico \u00e0 pot\u00eancia da transforma\u00e7\u00e3o.<\/p>\n\n\n\n<p>Al\u00e9m das apresenta\u00e7\u00f5es, o projeto&nbsp;<strong>&#8220;Furebo e Pinduca pelo Paran\u00e1&#8221;&nbsp;<\/strong>ainda promove a oficina&nbsp;<strong>&#8220;Tem um Cortejo L\u00e1 na Escola&#8221;<\/strong>, voltada para estudantes do ensino fundamental da rede p\u00fablica. Depois de Antonina, a iniciativa passa por Matinhos.&nbsp;<\/p>\n\n\n\n<p><strong><u>Hor\u00e1rios das apresenta\u00e7\u00f5es<\/u><\/strong><\/p>\n\n\n\n<p>No dia 27 de mar\u00e7o, \u00e0s 17h, o p\u00fablico de&nbsp;<strong>Antonina&nbsp;<\/strong>poder\u00e1 conferir a apresenta\u00e7\u00e3o de&nbsp;<strong>&#8220;Furebo e Pinduca pelo Paran\u00e1<\/strong>&#8220;, na&nbsp;<strong>Pra\u00e7a Bino&nbsp;<\/strong>(R. Egberto de Le\u00e3o, 175 &#8211; 1) &#8211; Em caso de chuva, a apresenta\u00e7\u00e3o ser\u00e1 transferida para o gin\u00e1sio da&nbsp;<strong>Escola Municipal Prof. Gil Feres<\/strong>&nbsp;(R. dos Expedicion\u00e1rios, 594);&nbsp;<\/p>\n\n\n\n<p>Em&nbsp;<strong>Matinhos<\/strong>, a apresenta\u00e7\u00e3o ocorre no dia 29 de mar\u00e7o, \u00e0s 17h, no&nbsp;<strong>Cal\u00e7ad\u00e3o Central de Matinhos&nbsp;<\/strong>(Av. Albano M\u00fcller, 90 -130).&nbsp;<\/p>\n\n\n\n<p>O projeto ainda promove apresenta\u00e7\u00f5es exclusivas para os estudantes da Escola Municipal Prof. Gil Feres, em Antonina, e da Escola Municipal Elias Abrah\u00e3o (Av. Paranagu\u00e1, sn\u00ba), em Matinhos. Os estudantes tamb\u00e9m ir\u00e3o conferir a oficina&nbsp;<strong>&#8220;Tem Um Cortejo L\u00e1 na Escola&#8221;.<\/strong><\/p>\n\n\n\n<p><strong><u>Servi\u00e7o<\/u><\/strong>:<br><strong>Espet\u00e1culo &#8220;AMMA &#8211; Show Circo&#8221;, do projeto &#8220;Furebo e Pinduca pelo Paran\u00e1&#8221;<\/strong><\/p>\n\n\n\n<p><strong>Data<\/strong>:27 de mar\u00e7o &#8211; Antonina<\/p>\n\n\n\n<p>&nbsp;&nbsp;&nbsp;&nbsp;&nbsp;&nbsp;&nbsp;&nbsp;&nbsp;29 de mar\u00e7o &#8211; Matinhos<\/p>\n\n\n\n<p><strong>Realiza\u00e7\u00e3o<\/strong>: Lei Paulo Gustavo &#8211; Governo Federal, em parceria com a Secretaria de Estado da Cultura do Paran\u00e1<\/p>\n\n\n\n<p>Assessoria<\/p>\n","protected":false},"excerpt":{"rendered":"<p>Apresenta\u00e7\u00f5es fazem parte do projeto itinerante &#8220;Furebo e Pinduca pelo Paran\u00e1&#8221; e ocorrem &nbsp;nos dias 27 de mar\u00e7o, em Antonina, e 29 de mar\u00e7o, no Cal\u00e7ad\u00e3o Central de Matinhos A partir do dia 27 de mar\u00e7o, as cidades de Antonina e Matinhos recebem apresenta\u00e7\u00f5es gratuitas do espet\u00e1culo&nbsp;&#8220;AMMA Circo Show&#8221;,&nbsp;da Cia. AMMA, de Londrina.&nbsp; A pe\u00e7a [&hellip;]<\/p>\n","protected":false},"author":2,"featured_media":65741,"comment_status":"open","ping_status":"open","sticky":false,"template":"","format":"standard","meta":{"advanced_seo_description":"","jetpack_seo_html_title":"","jetpack_seo_noindex":false,"_jetpack_memberships_contains_paid_content":false,"footnotes":""},"categories":[132,40,88],"tags":[1048,388,317],"class_list":{"0":"post-65740","1":"post","2":"type-post","3":"status-publish","4":"format-standard","5":"has-post-thumbnail","7":"category-antonina","8":"category-destaques","9":"category-matinhos","10":"tag-amma-circo-show","11":"tag-antonina","12":"tag-matinhos"},"jetpack_featured_media_url":"https:\/\/www.paranapraia.com.br\/wp-content\/uploads\/2025\/03\/Cidades-de-Antonina-e-Matinhos-recebem-apresentacoes-gratuitas-do-espetaculo-AMMA-Circo-Show-scaled.jpg","jetpack_sharing_enabled":true,"_links":{"self":[{"href":"https:\/\/www.paranapraia.com.br\/index.php\/wp-json\/wp\/v2\/posts\/65740"}],"collection":[{"href":"https:\/\/www.paranapraia.com.br\/index.php\/wp-json\/wp\/v2\/posts"}],"about":[{"href":"https:\/\/www.paranapraia.com.br\/index.php\/wp-json\/wp\/v2\/types\/post"}],"author":[{"embeddable":true,"href":"https:\/\/www.paranapraia.com.br\/index.php\/wp-json\/wp\/v2\/users\/2"}],"replies":[{"embeddable":true,"href":"https:\/\/www.paranapraia.com.br\/index.php\/wp-json\/wp\/v2\/comments?post=65740"}],"version-history":[{"count":1,"href":"https:\/\/www.paranapraia.com.br\/index.php\/wp-json\/wp\/v2\/posts\/65740\/revisions"}],"predecessor-version":[{"id":65743,"href":"https:\/\/www.paranapraia.com.br\/index.php\/wp-json\/wp\/v2\/posts\/65740\/revisions\/65743"}],"wp:featuredmedia":[{"embeddable":true,"href":"https:\/\/www.paranapraia.com.br\/index.php\/wp-json\/wp\/v2\/media\/65741"}],"wp:attachment":[{"href":"https:\/\/www.paranapraia.com.br\/index.php\/wp-json\/wp\/v2\/media?parent=65740"}],"wp:term":[{"taxonomy":"category","embeddable":true,"href":"https:\/\/www.paranapraia.com.br\/index.php\/wp-json\/wp\/v2\/categories?post=65740"},{"taxonomy":"post_tag","embeddable":true,"href":"https:\/\/www.paranapraia.com.br\/index.php\/wp-json\/wp\/v2\/tags?post=65740"}],"curies":[{"name":"wp","href":"https:\/\/api.w.org\/{rel}","templated":true}]}}