{"id":65683,"date":"2025-03-24T09:57:39","date_gmt":"2025-03-24T12:57:39","guid":{"rendered":"https:\/\/www.paranapraia.com.br\/?p=65683"},"modified":"2025-03-24T11:00:34","modified_gmt":"2025-03-24T14:00:34","slug":"falta-de-ambulancias-prejudica-operacao-do-samu-em-matinhos-vereadora-cobra-prefeito-na-camara","status":"publish","type":"post","link":"https:\/\/www.paranapraia.com.br\/index.php\/2025\/03\/24\/falta-de-ambulancias-prejudica-operacao-do-samu-em-matinhos-vereadora-cobra-prefeito-na-camara\/","title":{"rendered":"Falta de ambul\u00e2ncias prejudica opera\u00e7\u00e3o do Samu em Matinhos; vereadora cobra prefeito na C\u00e2mara"},"content":{"rendered":"\n<p>Quem ligar para o 192 e solicitar o atendimento do Servi\u00e7o de Atendimento M\u00f3vel de Urg\u00eancia (Samu) em Matinhos ser\u00e1 orientado a se dirigir a um pronto-socorro por conta pr\u00f3pria, sem o suporte de uma equipe de resgate. Isso porque a cidade est\u00e1 sem ambul\u00e2ncias para esse tipo de servi\u00e7o.<\/p>\n\n\n\n<p>A falta de estrutura no atendimento pr\u00e9-hospitalar se agravou com o fim da opera\u00e7\u00e3o Ver\u00e3o Maior. Ap\u00f3s a sa\u00edda da infraestrutura alocada pelo Governo do Estado, a Prefeitura n\u00e3o est\u00e1 dando conta de manter a frota de ve\u00edculos em opera\u00e7\u00e3o.<\/p>\n\n\n\n<p>Fontes ouvidas pelo JB Litoral afirmam que o problema se arrasta desde setembro do ano passado, quando a ambul\u00e2ncia do Samu baseada em Matinhos foi tirada de circula\u00e7\u00e3o por problemas mec\u00e2nicos. Para manter o servi\u00e7o, o Cons\u00f3rcio Intermunicipal de Sa\u00fade do Litoral do Paran\u00e1 (Cislipa) emprestou ao munic\u00edpio uma viatura reserva, pertencente a Paranagu\u00e1.<\/p>\n\n\n\n<p>O ve\u00edculo rodou at\u00e9 dezembro, quando tamb\u00e9m saiu de opera\u00e7\u00e3o por problemas mec\u00e2nicos. De acordo com o Cislipa, a ambul\u00e2ncia emprestada voltou a operar no mesmo m\u00eas e seguiu rodando at\u00e9 mar\u00e7o, quando estragou novamente.<\/p>\n\n\n\n<p>No auge da temporada de ver\u00e3o, a Prefeitura de Curitiba tamb\u00e9m cedeu ambul\u00e2ncias para Matinhos. Embora elas estivessem caracterizadas como do Samu, a administra\u00e7\u00e3o municipal optou por retirar a plotagem original e coloc\u00e1-las em opera\u00e7\u00e3o apenas para transporte de pacientes entre a UPA e o Hospital.<\/p>\n\n\n\n<p>VEREADORA RELATA \u00d3BITO<\/p>\n\n\n\n<p>A crise no Samu de Matinhos tamb\u00e9m foi abordada na sess\u00e3o da C\u00e2mara Municipal nesta semana. A vereadora Hirman da Sa\u00fade (PODE) cobrou o prefeito Eduardo Dalmora (PL) para que tome uma atitude em car\u00e1ter emergencial, tendo em vista que a falta do atendimento pr\u00e9-hospitalar pode ter contribu\u00eddo para um \u00f3bito na cidade.<\/p>\n\n\n\n<figure class=\"wp-block-image size-full\"><img loading=\"lazy\" decoding=\"async\" width=\"670\" height=\"346\" src=\"https:\/\/www.paranapraia.com.br\/wp-content\/uploads\/2025\/03\/WhatsApp-Image-2025-03-24-at-09.56.42.jpeg\" alt=\"\" class=\"wp-image-65685\" srcset=\"https:\/\/www.paranapraia.com.br\/wp-content\/uploads\/2025\/03\/WhatsApp-Image-2025-03-24-at-09.56.42.jpeg 670w, https:\/\/www.paranapraia.com.br\/wp-content\/uploads\/2025\/03\/WhatsApp-Image-2025-03-24-at-09.56.42-300x155.jpeg 300w\" sizes=\"(max-width: 670px) 100vw, 670px\" \/><\/figure>\n\n\n\n<p>\u201cUma pessoa foi a \u00f3bito devido a n\u00e3o ter uma ambul\u00e2ncia adequada para ir [fazer o resgate]. A ambul\u00e2ncia do hospital n\u00e3o pode ir buscar. O motorista n\u00e3o est\u00e1 habilitado e treinado para fazer esse resgate\u201d, disse a vereadora, alertando que esse tipo de atendimento seria realizado pelo Samu.<\/p>\n\n\n\n<p>Em tom de desabafo, a vereadora fez um apelo. \u201cEstou aqui em nome da popula\u00e7\u00e3o pedindo socorro ao senhor prefeito Eduardo Dalmora, para que [resolva esse problema] o mais r\u00e1pido poss\u00edvel. Porque pode ser que amanh\u00e3 a minha m\u00e3e precise do Samu. Eu, sendo t\u00e9cnica de enfermagem, n\u00e3o poderei socorrer ela sem uma ambul\u00e2ncia adequada\u201d, enfatizou Hirmana da Sa\u00fade.<\/p>\n\n\n\n<p>PAI EST\u00c1 ON<\/p>\n\n\n\n<p>Embora o atendimento do Samu seja feito com equipes contratadas pelo Cons\u00f3rcio Intermunicipal de Sa\u00fade do Litoral do Paran\u00e1 (Cislipa), a responsabilidade pela disponibiliza\u00e7\u00e3o da viatura e manuten\u00e7\u00e3o da base \u00e9 da Prefeitura.<\/p>\n\n\n\n<p>Procurada pela reportagem do JB Litoral, a gest\u00e3o do prefeito Eduardo Dalmora (PL) n\u00e3o respondeu aos questionamentos. Em live nas redes sociais, na \u00faltima semana, o prefeito alegou que o munic\u00edpio acumula mais de R$ 30 milh\u00f5es em d\u00edvidas herdadas da gest\u00e3o anterior.<\/p>\n\n\n\n<p>Estima-se que pelo menos R$ 2 milh\u00f5es desta d\u00edvida \u00e9 justamente com o Cislipa, respons\u00e1vel pela gest\u00e3o das equipes e pela regula\u00e7\u00e3o do Samu no Litoral. A comunica\u00e7\u00e3o do Cislipa confirmou que a Prefeitura de Matinhos tem d\u00edvidas com o cons\u00f3rcio, mas n\u00e3o soube informar o valor exato.<\/p>\n\n\n\n<p>No entanto, nas redes sociais, o prefeito divulgou no m\u00eas passado que conseguiu mais uma ambul\u00e2ncia para Matinhos com recursos do Governo do Estado. \u201cRecebemos mais uma ambul\u00e2ncia. N\u00e3o \u00e9 por falta de ambul\u00e2ncia que Matinhos ter\u00e1 problemas. Recebemos mais uma ambul\u00e2ncia zerada. Estamos fazendo a diferen\u00e7a. Estamos subindo um degrau de cada vez, mas estamos chegando l\u00e1\u201d. Dalmora ainda termina o v\u00eddeo com o bord\u00e3o \u201cO pai est\u00e1 on\u201d.<\/p>\n\n\n\n<p>SAMU LITORAL RECEBE VIATURAS DO GOVERNO FEDERAL<\/p>\n\n\n\n<p>Enquanto Matinhos sofre com falta de ambul\u00e2ncias, as cidades de Paranagu\u00e1 e Morretes est\u00e3o sendo contempladas com duas novas viaturas do Samu. A entrega faz parte de um lote de 143 ambul\u00e2ncias, adquiridas pelo Governo Federal, que chegar\u00e3o ao Paran\u00e1 para renovar e ampliar a frota do Samu no estado.<\/p>\n\n\n\n<p>Com informa\u00e7\u00f5es do JB Litoral<\/p>\n","protected":false},"excerpt":{"rendered":"<p>Quem ligar para o 192 e solicitar o atendimento do Servi\u00e7o de Atendimento M\u00f3vel de Urg\u00eancia (Samu) em Matinhos ser\u00e1 orientado a se dirigir a um pronto-socorro por conta pr\u00f3pria, sem o suporte de uma equipe de resgate. Isso porque a cidade est\u00e1 sem ambul\u00e2ncias para esse tipo de servi\u00e7o. A falta de estrutura no [&hellip;]<\/p>\n","protected":false},"author":2,"featured_media":65684,"comment_status":"open","ping_status":"open","sticky":false,"template":"","format":"standard","meta":{"advanced_seo_description":"","jetpack_seo_html_title":"","jetpack_seo_noindex":false,"_jetpack_memberships_contains_paid_content":false,"footnotes":""},"categories":[40,88,50],"tags":[1030,317,1031],"class_list":{"0":"post-65683","1":"post","2":"type-post","3":"status-publish","4":"format-standard","5":"has-post-thumbnail","7":"category-destaques","8":"category-matinhos","9":"category-saude","10":"tag-falta-de-ambulancias-2","11":"tag-matinhos","12":"tag-vereadora"},"jetpack_featured_media_url":"https:\/\/www.paranapraia.com.br\/wp-content\/uploads\/2025\/03\/WhatsApp-Image-2025-03-24-at-09.53.13-1.jpeg","jetpack_sharing_enabled":true,"_links":{"self":[{"href":"https:\/\/www.paranapraia.com.br\/index.php\/wp-json\/wp\/v2\/posts\/65683"}],"collection":[{"href":"https:\/\/www.paranapraia.com.br\/index.php\/wp-json\/wp\/v2\/posts"}],"about":[{"href":"https:\/\/www.paranapraia.com.br\/index.php\/wp-json\/wp\/v2\/types\/post"}],"author":[{"embeddable":true,"href":"https:\/\/www.paranapraia.com.br\/index.php\/wp-json\/wp\/v2\/users\/2"}],"replies":[{"embeddable":true,"href":"https:\/\/www.paranapraia.com.br\/index.php\/wp-json\/wp\/v2\/comments?post=65683"}],"version-history":[{"count":2,"href":"https:\/\/www.paranapraia.com.br\/index.php\/wp-json\/wp\/v2\/posts\/65683\/revisions"}],"predecessor-version":[{"id":65698,"href":"https:\/\/www.paranapraia.com.br\/index.php\/wp-json\/wp\/v2\/posts\/65683\/revisions\/65698"}],"wp:featuredmedia":[{"embeddable":true,"href":"https:\/\/www.paranapraia.com.br\/index.php\/wp-json\/wp\/v2\/media\/65684"}],"wp:attachment":[{"href":"https:\/\/www.paranapraia.com.br\/index.php\/wp-json\/wp\/v2\/media?parent=65683"}],"wp:term":[{"taxonomy":"category","embeddable":true,"href":"https:\/\/www.paranapraia.com.br\/index.php\/wp-json\/wp\/v2\/categories?post=65683"},{"taxonomy":"post_tag","embeddable":true,"href":"https:\/\/www.paranapraia.com.br\/index.php\/wp-json\/wp\/v2\/tags?post=65683"}],"curies":[{"name":"wp","href":"https:\/\/api.w.org\/{rel}","templated":true}]}}