{"id":65650,"date":"2025-03-22T17:08:00","date_gmt":"2025-03-22T20:08:00","guid":{"rendered":"https:\/\/www.paranapraia.com.br\/?p=65650"},"modified":"2025-03-22T17:08:03","modified_gmt":"2025-03-22T20:08:03","slug":"mutirao-de-limpeza-remove-quase-duas-toneladas-de-residuos-na-ilha-do-mel","status":"publish","type":"post","link":"https:\/\/www.paranapraia.com.br\/index.php\/2025\/03\/22\/mutirao-de-limpeza-remove-quase-duas-toneladas-de-residuos-na-ilha-do-mel\/","title":{"rendered":"Mutir\u00e3o de limpeza remove quase duas toneladas de res\u00edduos na Ilha do Mel"},"content":{"rendered":"\n<p>A Secretaria Municipal de Desenvolvimento Rural, Ilhas, Pesca , Abastecimento e Agricultura em conjunto com a Secretaria Municipal de Meio Ambiente e a colabora\u00e7\u00e3o da PAVI, realizou, nesta sexta (21), uma grande opera\u00e7\u00e3o de limpeza na comunidade de Bras\u00edlia, na Ilha do Mel. A a\u00e7\u00e3o resultou na remo\u00e7\u00e3o de quase duas toneladas de entulhos e materiais s\u00f3lidos, como geladeiras, colch\u00f5es, televisores e m\u00e1quinas de lavar, encontrados em terrenos da regi\u00e3o.<\/p>\n\n\n\n<figure class=\"wp-block-image size-full\"><img loading=\"lazy\" decoding=\"async\" width=\"800\" height=\"499\" src=\"https:\/\/www.paranapraia.com.br\/wp-content\/uploads\/2025\/03\/1000354594-scaled.jpg\" alt=\"\" class=\"wp-image-65652\" srcset=\"https:\/\/www.paranapraia.com.br\/wp-content\/uploads\/2025\/03\/1000354594-scaled.jpg 800w, https:\/\/www.paranapraia.com.br\/wp-content\/uploads\/2025\/03\/1000354594-300x187.jpg 300w, https:\/\/www.paranapraia.com.br\/wp-content\/uploads\/2025\/03\/1000354594-768x479.jpg 768w, https:\/\/www.paranapraia.com.br\/wp-content\/uploads\/2025\/03\/1000354594-696x434.jpg 696w\" sizes=\"(max-width: 800px) 100vw, 800px\" \/><\/figure>\n\n\n\n<p>A mobiliza\u00e7\u00e3o contou com a participa\u00e7\u00e3o ativa dos moradores, que n\u00e3o apenas abriram as portas de suas casas para a execu\u00e7\u00e3o dos servi\u00e7os, mas tamb\u00e9m levaram res\u00edduos at\u00e9 a balsa da limpeza, contribuindo diretamente para o sucesso da iniciativa. Todo o material coletado passou por uma triagem e foi destinado aos locais apropriados, com parte sendo encaminhada ao aterro sanit\u00e1rio.<\/p>\n\n\n\n<figure class=\"wp-block-image size-full\"><img loading=\"lazy\" decoding=\"async\" width=\"800\" height=\"499\" src=\"https:\/\/www.paranapraia.com.br\/wp-content\/uploads\/2025\/03\/1000354595-scaled.jpg\" alt=\"\" class=\"wp-image-65653\" srcset=\"https:\/\/www.paranapraia.com.br\/wp-content\/uploads\/2025\/03\/1000354595-scaled.jpg 800w, https:\/\/www.paranapraia.com.br\/wp-content\/uploads\/2025\/03\/1000354595-300x187.jpg 300w, https:\/\/www.paranapraia.com.br\/wp-content\/uploads\/2025\/03\/1000354595-768x479.jpg 768w, https:\/\/www.paranapraia.com.br\/wp-content\/uploads\/2025\/03\/1000354595-696x434.jpg 696w\" sizes=\"(max-width: 800px) 100vw, 800px\" \/><\/figure>\n\n\n\n<p>O mutir\u00e3o tem como principal objetivo eliminar poss\u00edveis focos de prolifera\u00e7\u00e3o do mosquito Aedes aegypti, transmissor da dengue, zika e chikungunya, refor\u00e7ando a import\u00e2ncia da preven\u00e7\u00e3o e do cuidado com a sa\u00fade p\u00fablica. O secret\u00e1rio municipal M\u00e1rcio Vega destacou a relev\u00e2ncia do trabalho conjunto entre poder p\u00fablico e comunidade para combater a doen\u00e7a e manter a ilha limpa e segura.<\/p>\n\n\n\n<p>A a\u00e7\u00e3o ter\u00e1 continuidade na pr\u00f3xima semana, novamente na comunidade de Bras\u00edlia, e tamb\u00e9m em Encantadas, ampliando o alcance da iniciativa e fortalecendo o compromisso com a preserva\u00e7\u00e3o ambiental e o bem-estar dos moradores e visitantes da Ilha do Mel.<\/p>\n\n\n\n<p>Assessoria<\/p>\n","protected":false},"excerpt":{"rendered":"<p>A Secretaria Municipal de Desenvolvimento Rural, Ilhas, Pesca , Abastecimento e Agricultura em conjunto com a Secretaria Municipal de Meio Ambiente e a colabora\u00e7\u00e3o da PAVI, realizou, nesta sexta (21), uma grande opera\u00e7\u00e3o de limpeza na comunidade de Bras\u00edlia, na Ilha do Mel. A a\u00e7\u00e3o resultou na remo\u00e7\u00e3o de quase duas toneladas de entulhos e [&hellip;]<\/p>\n","protected":false},"author":2,"featured_media":65651,"comment_status":"open","ping_status":"open","sticky":false,"template":"","format":"standard","meta":{"advanced_seo_description":"","jetpack_seo_html_title":"","jetpack_seo_noindex":false,"_jetpack_memberships_contains_paid_content":false,"footnotes":""},"categories":[40,76,77],"tags":[715,573,1027,321],"class_list":{"0":"post-65650","1":"post","2":"type-post","3":"status-publish","4":"format-standard","5":"has-post-thumbnail","7":"category-destaques","8":"category-ilha-do-mel","9":"category-paranagua","10":"tag-ilha-do-mel","11":"tag-limpeza","12":"tag-mutirao-2","13":"tag-paranagua"},"jetpack_featured_media_url":"https:\/\/www.paranapraia.com.br\/wp-content\/uploads\/2025\/03\/thumb-2025-03-22T170557.505-scaled.jpeg","jetpack_sharing_enabled":true,"_links":{"self":[{"href":"https:\/\/www.paranapraia.com.br\/index.php\/wp-json\/wp\/v2\/posts\/65650"}],"collection":[{"href":"https:\/\/www.paranapraia.com.br\/index.php\/wp-json\/wp\/v2\/posts"}],"about":[{"href":"https:\/\/www.paranapraia.com.br\/index.php\/wp-json\/wp\/v2\/types\/post"}],"author":[{"embeddable":true,"href":"https:\/\/www.paranapraia.com.br\/index.php\/wp-json\/wp\/v2\/users\/2"}],"replies":[{"embeddable":true,"href":"https:\/\/www.paranapraia.com.br\/index.php\/wp-json\/wp\/v2\/comments?post=65650"}],"version-history":[{"count":1,"href":"https:\/\/www.paranapraia.com.br\/index.php\/wp-json\/wp\/v2\/posts\/65650\/revisions"}],"predecessor-version":[{"id":65654,"href":"https:\/\/www.paranapraia.com.br\/index.php\/wp-json\/wp\/v2\/posts\/65650\/revisions\/65654"}],"wp:featuredmedia":[{"embeddable":true,"href":"https:\/\/www.paranapraia.com.br\/index.php\/wp-json\/wp\/v2\/media\/65651"}],"wp:attachment":[{"href":"https:\/\/www.paranapraia.com.br\/index.php\/wp-json\/wp\/v2\/media?parent=65650"}],"wp:term":[{"taxonomy":"category","embeddable":true,"href":"https:\/\/www.paranapraia.com.br\/index.php\/wp-json\/wp\/v2\/categories?post=65650"},{"taxonomy":"post_tag","embeddable":true,"href":"https:\/\/www.paranapraia.com.br\/index.php\/wp-json\/wp\/v2\/tags?post=65650"}],"curies":[{"name":"wp","href":"https:\/\/api.w.org\/{rel}","templated":true}]}}