{"id":65174,"date":"2025-03-04T15:16:04","date_gmt":"2025-03-04T18:16:04","guid":{"rendered":"https:\/\/www.paranapraia.com.br\/?p=65174"},"modified":"2025-03-04T15:16:07","modified_gmt":"2025-03-04T18:16:07","slug":"a-nova-cara-do-litoral-como-as-obras-do-estado-vao-transformar-a-regiao","status":"publish","type":"post","link":"https:\/\/www.paranapraia.com.br\/index.php\/2025\/03\/04\/a-nova-cara-do-litoral-como-as-obras-do-estado-vao-transformar-a-regiao\/","title":{"rendered":"A nova cara do Litoral: como as obras do Estado v\u00e3o transformar a Regi\u00e3o"},"content":{"rendered":"\n<p>Toneladas de areia, dezenas de quil\u00f4metros de novas cal\u00e7adas, ciclovias e pistas de corrida. Com grandes projetos de revitaliza\u00e7\u00e3o e infraestrutura, o Litoral do Paran\u00e1 est\u00e1 passando por uma transforma\u00e7\u00e3o. O Governo do Estado est\u00e1 moderniza\u00e7\u00e3o a regi\u00e3o com o objetivo de impulsionar o turismo e melhorar a qualidade de vida dos moradores de Matinhos, Pontal do Paran\u00e1, Guaratuba e Paranagu\u00e1, em um dos maiores ciclos de investimento da hist\u00f3ria da regi\u00e3o.<\/p>\n\n\n\n<p>Entre os projetos est\u00e3o a engorda das praias, revitaliza\u00e7\u00e3o de orlas e de \u00e1reas urbanas dos munic\u00edpios e cria\u00e7\u00e3o de \u00e1reas de novas \u00e1reas de lazer. Todas elas conduzidas com responsabilidade ambiental, priorizando o desenvolvimento sustent\u00e1vel das cidades e o bem-estar dos moradores.<\/p>\n\n\n\n<p>\u201cCome\u00e7amos com a revitaliza\u00e7\u00e3o da Orla de Matinhos, que j\u00e1 foi aprovada pelos moradores e veranistas que passaram pela cidade ao longo da temporada. Agora estamos avan\u00e7ando para os demais munic\u00edpios, aproveitando todo o potencial tur\u00edstico e as belezas do nosso Litoral\u201d, afirmou o governador Carlos Massa Ratinho Junior.<\/p>\n\n\n\n<p><strong>MATINHOS &#8211;<\/strong>&nbsp; Com investimento de R$ 354,4 milh\u00f5es, a interven\u00e7\u00e3o em Matinhos \u00e9 a maior obra de alargamento de orla do Brasil. Al\u00e9m da engorda da faixa de areia, a revitaliza\u00e7\u00e3o conta com plantio de \u00e1rea de restinga e instala\u00e7\u00e3o de ciclovias, pistas de caminhada e novas cal\u00e7adas, tornando os ambientes ainda mais agrad\u00e1veis.<\/p>\n\n\n\n<p>Durante a interven\u00e7\u00e3o, tamb\u00e9m foram instalados milhares de tetr\u00e1podes, que s\u00e3o pe\u00e7as de concreto de quatro pontas que ajudam que a mar\u00e9 n\u00e3o danifique os espig\u00f5es ou n\u00e3o leve a areia de volta para o mar. Cada uma destas pe\u00e7as tem 3 metros de altura e mais de 10 toneladas. Ao todo, foram lan\u00e7ados 4,6 tetr\u00e1podes em seis pontos da orla.<\/p>\n\n\n\n<p>At\u00e9 fevereiro,\u00a097% de toda a obra j\u00e1 tinha sido executada, restando algumas obras de drenagem e urbaniza\u00e7\u00e3o que est\u00e3o em fase final.<\/p>\n\n\n\n<p><strong>Confira alguns n\u00fameros da obra em Matinhos:<\/strong><\/p>\n\n\n\n<ul class=\"wp-block-list\">\n<li>Engorda de 6,3 quil\u00f4metros de praia.<\/li>\n\n\n\n<li>Mais de 3 milh\u00f5es de metros c\u00fabicos de areia, que equivalem a 220 mil caminh\u00f5es.<\/li>\n\n\n\n<li>Amplia\u00e7\u00e3o de at\u00e9 100 metros da faixa de praia.<\/li>\n\n\n\n<li>Paran\u00e1 atraiu mais de 206 mil turistas estrangeiros em janeiro, maior n\u00famero desde 2018<\/li>\n<\/ul>\n\n\n\n<p><strong>PONTAL DO PARAN\u00c1 &#8211;\u00a0<\/strong>Diante do sucesso das interven\u00e7\u00f5es feitas em Matinhos, uma revitaliza\u00e7\u00e3o parecida est\u00e1 prestes a sair do papel tamb\u00e9m em Pontal do Paran\u00e1. Ao todo, ser\u00e3o 23 quil\u00f4metros requalificados, divididos em seis lotes. Na primeira delas, que teve\u00a0ordem de servi\u00e7o emitida em fevereiro, ser\u00e3o modernizados 3,66 quil\u00f4metros entre os balne\u00e1rios de Mon\u00e7\u00f5es e Canoas.<\/p>\n\n\n\n<p>Tamb\u00e9m est\u00e3o previstas reformas no cal\u00e7amento, obras para a constru\u00e7\u00e3o de novas pistas de corrida, ciclovia, quiosques e \u00e1reas de lazer, al\u00e9m da moderniza\u00e7\u00e3o do molhe e da guia de corrente que ficam na desembocadura do canal de Pontal do Sul.<\/p>\n\n\n\n<p>Toda a interven\u00e7\u00e3o \u00e9 acompanhada por um grande projeto de arboriza\u00e7\u00e3o, planejado para beneficiar a biodiversidade local, melhorar a qualidade do ar e reduzir o impacto das ilhas de calor na regi\u00e3o.<\/p>\n\n\n\n<p>Para a\u00a0segunda fase da obra, que envolve um trecho de 2,77 quil\u00f4metros entre os balne\u00e1rios de Santa Terezinha e Ipanema, a previs\u00e3o \u00e9 que sejam constru\u00eddos cal\u00e7ad\u00f5es, quiosques e passarelas urbanos para que turistas e moradores possam curtir a praia com seguran\u00e7a e conforto.<\/p>\n\n\n\n<p><strong>Confira alguns n\u00fameros da obra em Pontal do Paran\u00e1:<\/strong><\/p>\n\n\n\n<ul class=\"wp-block-list\">\n<li>23 quil\u00f4metros revitalizados, divididos em seis fases.<\/li>\n\n\n\n<li>2.430 novas mudas, entre esp\u00e9cies de \u00e1rvores, arbustos e herb\u00e1ceas.<\/li>\n\n\n\n<li>13 lounges urbanos, com quiosques e \u00e1reas de lazer.<\/li>\n<\/ul>\n\n\n\n<p><strong>GUARATUBA &#8211;&nbsp;<\/strong>Com o objetivo de ampliar o turismo em Guaratuba, o Governo do Estado tamb\u00e9m tem um<a href=\"https:\/\/www.aen.pr.gov.br\/Noticia\/Com-nova-Orla-Historica-e-engorda-das-praias-Estado-quer-ampliar-turismo-em-Guaratuba\" target=\"_blank\" rel=\"noreferrer noopener\">&nbsp;projeto para uma nova Orla Hist\u00f3rica na cidade<\/a>, abrangendo o entorno da Pra\u00e7a dos Namorados, o casario e a margem da ba\u00eda. A obra envolve a constru\u00e7\u00e3o de um grande deck de madeira, novas cal\u00e7adas, reforma dos trapiches, al\u00e9m de paisagismo, ilumina\u00e7\u00e3o e espa\u00e7os de lazer.<\/p>\n\n\n\n<p>Ap\u00f3s esta primeira interven\u00e7\u00e3o, tamb\u00e9m ser\u00e1 conduzida uma obra de engorda das praias Central, Caieiras e Prainha, ao longo de 4,7 quil\u00f4metros de extens\u00e3o. O trecho vai receber novas cal\u00e7adas, ciclovia, pistas de corrida e caminhada.<\/p>\n\n\n\n<p>Al\u00e9m disso, a cidade recebe uma das obras mais importantes do Estado, que \u00e9 a Ponta de Guaratuba. Fruto de um investimento de R$ 386,9 milh\u00f5es, a instala\u00e7\u00e3o de 1.244 metros j\u00e1\u00a0chegou a 38,8% da execu\u00e7\u00e3o.\u00a0Antes mesmo de ser conclu\u00edda, a\u00a0nova estrutura j\u00e1 anima o com\u00e9rcio e moradores, que acreditam na transforma\u00e7\u00e3o econ\u00f4mica de Guaratuba com a nova ponte.\u00a0<\/p>\n\n\n\n<p><strong>Confira algumas curiosidades dos projetos em Guaratuba:<\/strong><\/p>\n\n\n\n<ul class=\"wp-block-list\">\n<li>Cerca de 11 mil metros quadrados ser\u00e3o revitalizados na obra da nova Orla Hist\u00f3rica<\/li>\n\n\n\n<li>Pr\u00f3ximo ao Terminal Tur\u00edstico Pesqueiro est\u00e1 prevista uma fonte de \u00e1guas dan\u00e7antes, ideal para espet\u00e1culos noturnos<\/li>\n\n\n\n<li>A Ponte de Guaratuba pode encurtar as travessias at\u00e9 Matinhos de at\u00e9 duas horas, dependendo do tr\u00e1fego, para apenas dois minutos<\/li>\n<\/ul>\n\n\n\n<p><strong>PARANAGU\u00c1 &#8211;\u00a0<\/strong>Um dos centros hist\u00f3ricos mais antigos e tradicionais do Brasil tamb\u00e9m vai ser requalificado. Em Paranagu\u00e1,\u00a0a \u00e1rea central da cidade vai receber melhorias\u00a0de paisagismo, ilumina\u00e7\u00e3o e pavimenta\u00e7\u00e3o que v\u00e3o transformar a cidade mais antiga do Estado em um polo tur\u00edstico e cultural ainda mais pujante.<\/p>\n\n\n\n<p>AEN<\/p>\n","protected":false},"excerpt":{"rendered":"<p>Toneladas de areia, dezenas de quil\u00f4metros de novas cal\u00e7adas, ciclovias e pistas de corrida. Com grandes projetos de revitaliza\u00e7\u00e3o e infraestrutura, o Litoral do Paran\u00e1 est\u00e1 passando por uma transforma\u00e7\u00e3o. O Governo do Estado est\u00e1 moderniza\u00e7\u00e3o a regi\u00e3o com o objetivo de impulsionar o turismo e melhorar a qualidade de vida dos moradores de Matinhos, [&hellip;]<\/p>\n","protected":false},"author":2,"featured_media":65175,"comment_status":"open","ping_status":"open","sticky":false,"template":"","format":"standard","meta":{"advanced_seo_description":"","jetpack_seo_html_title":"","jetpack_seo_noindex":false,"_jetpack_memberships_contains_paid_content":false,"footnotes":""},"categories":[40,91],"tags":[316,935,936],"class_list":{"0":"post-65174","1":"post","2":"type-post","3":"status-publish","4":"format-standard","5":"has-post-thumbnail","7":"category-destaques","8":"category-litoral","9":"tag-litoral","10":"tag-obras-no-litoral","11":"tag-ratinho-junior"},"jetpack_featured_media_url":"https:\/\/www.paranapraia.com.br\/wp-content\/uploads\/2025\/03\/guaratuba_8_-_photo_0_0-scaled.jpg","jetpack_sharing_enabled":true,"_links":{"self":[{"href":"https:\/\/www.paranapraia.com.br\/index.php\/wp-json\/wp\/v2\/posts\/65174"}],"collection":[{"href":"https:\/\/www.paranapraia.com.br\/index.php\/wp-json\/wp\/v2\/posts"}],"about":[{"href":"https:\/\/www.paranapraia.com.br\/index.php\/wp-json\/wp\/v2\/types\/post"}],"author":[{"embeddable":true,"href":"https:\/\/www.paranapraia.com.br\/index.php\/wp-json\/wp\/v2\/users\/2"}],"replies":[{"embeddable":true,"href":"https:\/\/www.paranapraia.com.br\/index.php\/wp-json\/wp\/v2\/comments?post=65174"}],"version-history":[{"count":1,"href":"https:\/\/www.paranapraia.com.br\/index.php\/wp-json\/wp\/v2\/posts\/65174\/revisions"}],"predecessor-version":[{"id":65176,"href":"https:\/\/www.paranapraia.com.br\/index.php\/wp-json\/wp\/v2\/posts\/65174\/revisions\/65176"}],"wp:featuredmedia":[{"embeddable":true,"href":"https:\/\/www.paranapraia.com.br\/index.php\/wp-json\/wp\/v2\/media\/65175"}],"wp:attachment":[{"href":"https:\/\/www.paranapraia.com.br\/index.php\/wp-json\/wp\/v2\/media?parent=65174"}],"wp:term":[{"taxonomy":"category","embeddable":true,"href":"https:\/\/www.paranapraia.com.br\/index.php\/wp-json\/wp\/v2\/categories?post=65174"},{"taxonomy":"post_tag","embeddable":true,"href":"https:\/\/www.paranapraia.com.br\/index.php\/wp-json\/wp\/v2\/tags?post=65174"}],"curies":[{"name":"wp","href":"https:\/\/api.w.org\/{rel}","templated":true}]}}