{"id":65077,"date":"2025-02-25T17:07:08","date_gmt":"2025-02-25T20:07:08","guid":{"rendered":"https:\/\/www.paranapraia.com.br\/?p=65077"},"modified":"2025-02-25T17:07:12","modified_gmt":"2025-02-25T20:07:12","slug":"pcpr-conclui-primeira-etapa-de-investigacoes-sobre-confronto-entre-torcidas-em-ponta-grossa","status":"publish","type":"post","link":"https:\/\/www.paranapraia.com.br\/index.php\/2025\/02\/25\/pcpr-conclui-primeira-etapa-de-investigacoes-sobre-confronto-entre-torcidas-em-ponta-grossa\/","title":{"rendered":"PCPR conclui primeira etapa de investiga\u00e7\u00f5es sobre confronto entre torcidas em Ponta Grossa"},"content":{"rendered":"\n<p>A Pol\u00edcia Civil do Paran\u00e1 (PCPR) concluiu nesta ter\u00e7a-feira (25) a primeira etapa das investiga\u00e7\u00f5es sobre o confronto entre torcidas organizadas ocorrido no dia 6 de fevereiro no bairro Contorno, em Ponta Grossa, na regi\u00e3o dos Campos Gerais. O&nbsp;fato aconteceu ap\u00f3s uma partida de futebol, quando integrantes de torcidas organizadas de dois clubes se dirigiram at\u00e9 a sede de outra torcida, resultando em diversos feridos, incluindo dois baleados.<\/p>\n\n\n\n<p>Ap\u00f3s a investiga\u00e7\u00e3o, a PCPR identificou cinco suspeitos e solicitou a decreta\u00e7\u00e3o de suas pris\u00f5es preventivas ou, alternativamente, a aplica\u00e7\u00e3o de medidas cautelares. Ap\u00f3s manifesta\u00e7\u00e3o do Minist\u00e9rio P\u00fablico, o Poder Judici\u00e1rio decidiu pela aplica\u00e7\u00e3o de restri\u00e7\u00f5es aos investigados, com idades entre 22 e 32 anos.&nbsp;<\/p>\n\n\n\n<p>De acordo com o delegado Derick Moura, entre as medidas adotadas est\u00e3o a proibi\u00e7\u00e3o de frequentar est\u00e1dios de futebol e suas imedia\u00e7\u00f5es em um raio de cinco quil\u00f4metros nos dias de jogos, o comparecimento obrigat\u00f3rio ao Batalh\u00e3o da Pol\u00edcia Militar em dias de jogos, com perman\u00eancia desde 30 minutos antes do in\u00edcio a at\u00e9 30 minutos ap\u00f3s o t\u00e9rmino da partida.&nbsp;<\/p>\n\n\n\n<p>\u201cTamb\u00e9m foi imposta a proibi\u00e7\u00e3o de participa\u00e7\u00e3o em atividades de torcidas organizadas e a suspens\u00e3o imediata de qualquer v\u00ednculo, al\u00e9m da obriga\u00e7\u00e3o de manter endere\u00e7o atualizado e a proibi\u00e7\u00e3o de sair da Comarca de resid\u00eancia sem autoriza\u00e7\u00e3o judicial, exceto para trabalho\u201d, explica.<\/p>\n\n\n\n<p>A PCPR segue com as investiga\u00e7\u00f5es para identificar outros poss\u00edveis envolvidos no confronto. Caso sejam identificados novos autores, ser\u00e1 feita nova representa\u00e7\u00e3o ao Poder Judici\u00e1rio.&nbsp;<\/p>\n\n\n\n<p>PCPR<\/p>\n","protected":false},"excerpt":{"rendered":"<p>A Pol\u00edcia Civil do Paran\u00e1 (PCPR) concluiu nesta ter\u00e7a-feira (25) a primeira etapa das investiga\u00e7\u00f5es sobre o confronto entre torcidas organizadas ocorrido no dia 6 de fevereiro no bairro Contorno, em Ponta Grossa, na regi\u00e3o dos Campos Gerais. O&nbsp;fato aconteceu ap\u00f3s uma partida de futebol, quando integrantes de torcidas organizadas de dois clubes se dirigiram [&hellip;]<\/p>\n","protected":false},"author":2,"featured_media":65078,"comment_status":"open","ping_status":"open","sticky":false,"template":"","format":"standard","meta":{"advanced_seo_description":"","jetpack_seo_html_title":"","jetpack_seo_noindex":false,"_jetpack_memberships_contains_paid_content":false,"footnotes":""},"categories":[33],"tags":[],"class_list":{"0":"post-65077","1":"post","2":"type-post","3":"status-publish","4":"format-standard","5":"has-post-thumbnail","7":"category-policia"},"jetpack_featured_media_url":"https:\/\/www.paranapraia.com.br\/wp-content\/uploads\/2025\/02\/whatsapp_image_2025-02-25_at_14.53.01_2.jpg","jetpack_sharing_enabled":true,"_links":{"self":[{"href":"https:\/\/www.paranapraia.com.br\/index.php\/wp-json\/wp\/v2\/posts\/65077"}],"collection":[{"href":"https:\/\/www.paranapraia.com.br\/index.php\/wp-json\/wp\/v2\/posts"}],"about":[{"href":"https:\/\/www.paranapraia.com.br\/index.php\/wp-json\/wp\/v2\/types\/post"}],"author":[{"embeddable":true,"href":"https:\/\/www.paranapraia.com.br\/index.php\/wp-json\/wp\/v2\/users\/2"}],"replies":[{"embeddable":true,"href":"https:\/\/www.paranapraia.com.br\/index.php\/wp-json\/wp\/v2\/comments?post=65077"}],"version-history":[{"count":1,"href":"https:\/\/www.paranapraia.com.br\/index.php\/wp-json\/wp\/v2\/posts\/65077\/revisions"}],"predecessor-version":[{"id":65079,"href":"https:\/\/www.paranapraia.com.br\/index.php\/wp-json\/wp\/v2\/posts\/65077\/revisions\/65079"}],"wp:featuredmedia":[{"embeddable":true,"href":"https:\/\/www.paranapraia.com.br\/index.php\/wp-json\/wp\/v2\/media\/65078"}],"wp:attachment":[{"href":"https:\/\/www.paranapraia.com.br\/index.php\/wp-json\/wp\/v2\/media?parent=65077"}],"wp:term":[{"taxonomy":"category","embeddable":true,"href":"https:\/\/www.paranapraia.com.br\/index.php\/wp-json\/wp\/v2\/categories?post=65077"},{"taxonomy":"post_tag","embeddable":true,"href":"https:\/\/www.paranapraia.com.br\/index.php\/wp-json\/wp\/v2\/tags?post=65077"}],"curies":[{"name":"wp","href":"https:\/\/api.w.org\/{rel}","templated":true}]}}