{"id":64790,"date":"2025-02-16T11:02:11","date_gmt":"2025-02-16T14:02:11","guid":{"rendered":"https:\/\/www.paranapraia.com.br\/?p=64790"},"modified":"2025-03-03T10:05:47","modified_gmt":"2025-03-03T13:05:47","slug":"cleyton-romario-abrem-penultimo-fim-de-semana-de-shows-com-41-mil-pessoas-em-matinhos","status":"publish","type":"post","link":"https:\/\/www.paranapraia.com.br\/index.php\/2025\/02\/16\/cleyton-romario-abrem-penultimo-fim-de-semana-de-shows-com-41-mil-pessoas-em-matinhos\/","title":{"rendered":"Cleyton &#038; Rom\u00e1rio abrem pen\u00faltimo fim de semana de shows com 41 mil pessoas em Matinhos"},"content":{"rendered":"\n<p>A dupla Cleyton &amp; Rom\u00e1rio abriu, nesta sexta-feira (14), o pen\u00faltimo fim de semana de shows do Ver\u00e3o Maior Paran\u00e1 reunindo um p\u00fablico de 41 mil pessoas em Matinhos, no Litoral do Estado.<\/p>\n\n\n\n<p>Os irm\u00e3os goianos retornaram com p\u00e9 direito ao palco do evento promovido pelo Governo do Estado, j\u00e1 que eram atra\u00e7\u00e3o confirmada no ano passado, mas tiveram que adiar a participa\u00e7\u00e3o por causa das chuvas.<\/p>\n\n\n\n<p><a><\/a>Desta vez, a chuva fraca n\u00e3o atrapalhou a apresenta\u00e7\u00e3o.<\/p>\n\n\n\n<p>O p\u00fablico acompanhou sucessos da dupla e outros cl\u00e1ssicos sertanejos, como \u201cBoate Azul\u201d e \u201cAinda Ontem Chorei de Saudades\u201d.<\/p>\n\n\n\n<p>Eles tocaram algumas das can\u00e7\u00f5es que embalam seus quase 17 anos de carreira, como \u201cMorro de Saudade\/Vem me Amar\u201d, \u201cO Grau Bateu\u201d e \u201cPingaiada\u201d.<\/p>\n\n\n\n<p>\u201cN\u00f3s acabamos cantando junto com Jorge &amp; Mateus no ano passado, mas j\u00e1 estava ansioso para estar aqui e fazer nosso show completo nessa festa, que a cada ano cresce mais.<\/p>\n\n\n\n<p>Ent\u00e3o muito obrigado por deixarem a gente fazer parte do Ver\u00e3o Maior em Matinhos\u201d, disse Cleyton.<\/p>\n\n\n\n<p>\u201cN\u00f3s e o Brasil inteiro estamos acompanhando essa festa linda e, para a gente, \u00e9 um privil\u00e9gio estar aqui pelo segundo ano consecutivo.<\/p>\n\n\n\n<p>S\u00f3 que agora a chuva segurou um pouquinho e conseguimos fazer o nosso show\u201d, ressaltou Rom\u00e1rio.<\/p>\n\n\n\n<p>Os m\u00fasicos tamb\u00e9m elogiaram a estrutura preparada pelo Governo do Estado para o Ver\u00e3o Maior Paran\u00e1, que \u00e9 o maior festival de ver\u00e3o gratuito do Brasil.<\/p>\n\n\n\n<p>\u201cO Governo do Paran\u00e1 prepara esse evento com tanto carinho, o povo do Paran\u00e1 merece.<\/p>\n\n\n\n<p>S\u00e3o tantos shows grandiosos.<\/p>\n\n\n\n<p>A gente roda o Brasil todo, e ver todos esses artistas que passam por aqui gratuitamente \u00e9 emocionante.<\/p>\n\n\n\n<p>Parab\u00e9ns ao Governo do Paran\u00e1\u201d, completou Cleyton<\/p>\n\n\n\n<p>EMO\u00c7\u00c3O<\/p>\n\n\n\n<p>Quem se emocionou muito por poder ver a dupla t\u00e3o pr\u00f3xima foi a manicure Camila Cordeiro, que desmarcou as clientes em Curitiba para descer para o Litoral e curtir os \u00eddolos de pertinho.<\/p>\n\n\n\n<p>\u201cEu fechei a agenda para estar aqui e cheguei \u00e0s 15h.<\/p>\n\n\n\n<p>Chegamos cedo porque queria ficar na grade, eu sou f\u00e3 e faz muito tempo que eles n\u00e3o v\u00e3o para Curitiba, ent\u00e3o essa foi minha oportunidade\u201d, disse.<\/p>\n\n\n\n<p>As vendedoras Daniele Vila\u00e7a e Beatriz Frizon aproveitaram o dia de folga e vieram de Curitiba para curtir o show gratuito.<\/p>\n\n\n\n<p>\u201cChegamos cedo e ficamos praticamente de camarote, sentadas bem perto do palco.<\/p>\n\n\n\n<p>A experi\u00eancia tem sido muito legal, \u00e9 um show muito grande e voc\u00ea n\u00e3o paga nada.<\/p>\n\n\n\n<p>\u00c9 uma experi\u00eancia muito legal mesmo\u201d, disse Daniele.<\/p>\n\n\n\n<p>\u201cA estrutura do show est\u00e1 muito boa, at\u00e9 o banheiro \u00e9 melhor do que em shows que a gente paga para ir, tudo muito limpo e organizado\u201d, destacou Beatriz. \u201cAcho que as pessoas n\u00e3o t\u00eam dimens\u00e3o do quanto a estrutura aqui \u00e9 boa.<\/p>\n\n\n\n<p>\u00c9 incr\u00edvel de verdade\u201d, completou Daniele.<\/p>\n\n\n\n<p>PROGRAMA\u00c7\u00c3O<\/p>\n\n\n\n<p>Al\u00e9m de Cleyton &amp; Rom\u00e1rio, quem tamb\u00e9m marcou presen\u00e7a nesta sexta-feira foi o sertanejo Eduardo Costa, que levou 28 mil pessoas \u00e0 Arena Ver\u00e3o Maior em Pontal do Paran\u00e1.<\/p>\n\n\n\n<p>O m\u00fasico dobra a dose e se apresenta em Matinhos no s\u00e1bado (15), enquanto a dupla Rio Negro &amp; Solim\u00f5es se apresentam em Pontal do Paran\u00e1.<\/p>\n\n\n\n<p>Ao longo de sete fins de semana, ser\u00e3o 33 shows gratuitos do Ver\u00e3o Maior Paran\u00e1 no Litoral do Estado, reunindo grandes nomes da m\u00fasica brasileira de estilos que v\u00e3o do sertanejo ao pagode e pop rock.<\/p>\n\n\n\n<p>A programa\u00e7\u00e3o se encerra na semana que vem com Fernando &amp; Sorocaba e Tit\u00e3s levantando o p\u00fablico em Matinhos e George Henrique &amp; Rodrigo e Rick &amp; Renner prometendo muita divers\u00e3o para Pontal do Paran\u00e1.<\/p>\n\n\n\n<p>VER\u00c3O MAIOR PARAN\u00c1<\/p>\n\n\n\n<p>A programa\u00e7\u00e3o completa do Ver\u00e3o Maior Paran\u00e1 est\u00e1 dispon\u00edvel no site exclusivo do Governo do Estado, o <a href=\"http:\/\/pr.gov.br\/verao?fbclid=IwZXh0bgNhZW0CMTAAAR1VpY9wjWO7qspyf-WE9lbcmNi7SHokGMnachk8mGXPQjGHMoj5NLD0EZw_aem_d23IO-i7JztVl3fj7uKulw\" rel=\"noreferrer noopener\" target=\"_blank\">pr.gov.br\/verao<\/a>.<\/p>\n\n\n\n<p>Ao todo, ser\u00e3o 33 shows nacionais gratuitos nas praias do Litoral paranaense e na regi\u00e3o Noroeste, al\u00e9m de uma grande agenda esportiva e de lazer.<\/p>\n\n\n\n<p>Fonte: AEN\/PR<\/p>\n","protected":false},"excerpt":{"rendered":"<p>A dupla Cleyton &amp; Rom\u00e1rio abriu, nesta sexta-feira (14), o pen\u00faltimo fim de semana de shows do Ver\u00e3o Maior Paran\u00e1 reunindo um p\u00fablico de 41 mil pessoas em Matinhos, no Litoral do Estado. Os irm\u00e3os goianos retornaram com p\u00e9 direito ao palco do evento promovido pelo Governo do Estado, j\u00e1 que eram atra\u00e7\u00e3o confirmada no [&hellip;]<\/p>\n","protected":false},"author":2,"featured_media":64791,"comment_status":"open","ping_status":"open","sticky":false,"template":"","format":"standard","meta":{"advanced_seo_description":"","jetpack_seo_html_title":"","jetpack_seo_noindex":false,"_jetpack_memberships_contains_paid_content":false,"footnotes":""},"categories":[40,88],"tags":[317],"class_list":{"0":"post-64790","1":"post","2":"type-post","3":"status-publish","4":"format-standard","5":"has-post-thumbnail","7":"category-destaques","8":"category-matinhos","9":"tag-matinhos"},"jetpack_featured_media_url":"https:\/\/www.paranapraia.com.br\/wp-content\/uploads\/2025\/02\/480172327_1111192701022847_1107112621338988662_n-scaled.jpg","jetpack_sharing_enabled":true,"_links":{"self":[{"href":"https:\/\/www.paranapraia.com.br\/index.php\/wp-json\/wp\/v2\/posts\/64790"}],"collection":[{"href":"https:\/\/www.paranapraia.com.br\/index.php\/wp-json\/wp\/v2\/posts"}],"about":[{"href":"https:\/\/www.paranapraia.com.br\/index.php\/wp-json\/wp\/v2\/types\/post"}],"author":[{"embeddable":true,"href":"https:\/\/www.paranapraia.com.br\/index.php\/wp-json\/wp\/v2\/users\/2"}],"replies":[{"embeddable":true,"href":"https:\/\/www.paranapraia.com.br\/index.php\/wp-json\/wp\/v2\/comments?post=64790"}],"version-history":[{"count":1,"href":"https:\/\/www.paranapraia.com.br\/index.php\/wp-json\/wp\/v2\/posts\/64790\/revisions"}],"predecessor-version":[{"id":64792,"href":"https:\/\/www.paranapraia.com.br\/index.php\/wp-json\/wp\/v2\/posts\/64790\/revisions\/64792"}],"wp:featuredmedia":[{"embeddable":true,"href":"https:\/\/www.paranapraia.com.br\/index.php\/wp-json\/wp\/v2\/media\/64791"}],"wp:attachment":[{"href":"https:\/\/www.paranapraia.com.br\/index.php\/wp-json\/wp\/v2\/media?parent=64790"}],"wp:term":[{"taxonomy":"category","embeddable":true,"href":"https:\/\/www.paranapraia.com.br\/index.php\/wp-json\/wp\/v2\/categories?post=64790"},{"taxonomy":"post_tag","embeddable":true,"href":"https:\/\/www.paranapraia.com.br\/index.php\/wp-json\/wp\/v2\/tags?post=64790"}],"curies":[{"name":"wp","href":"https:\/\/api.w.org\/{rel}","templated":true}]}}