{"id":64734,"date":"2025-02-13T14:11:28","date_gmt":"2025-02-13T17:11:28","guid":{"rendered":"https:\/\/www.paranapraia.com.br\/?p=64734"},"modified":"2025-02-13T14:11:31","modified_gmt":"2025-02-13T17:11:31","slug":"secretaria-de-inclusao-firma-parcerias-com-o-intuito-de-incentivar-a-pratica-esportiva-para-pessoas-com-deficiencia","status":"publish","type":"post","link":"https:\/\/www.paranapraia.com.br\/index.php\/2025\/02\/13\/secretaria-de-inclusao-firma-parcerias-com-o-intuito-de-incentivar-a-pratica-esportiva-para-pessoas-com-deficiencia\/","title":{"rendered":"Secretaria de Inclus\u00e3o firma parcerias com o intuito de incentivar a pr\u00e1tica esportiva para pessoas com defici\u00eancia"},"content":{"rendered":"\n<p><em>Secretaria de Inclus\u00e3o firma parcerias com o intuito de incentivar a pr\u00e1tica esportiva para pessoas com defici\u00eancia<\/em><\/p>\n\n\n\n<p>A Secretaria de Inclus\u00e3o, da Prefeitura de Paranagu\u00e1, recebeu a visita do coordenador do projeto Coletivo Inclus\u00e3o, Thiago Luis Filipi. O Coletivo Inclus\u00e3o tem seu escrit\u00f3rio em Fazenda Rio Grande (PR) e vem mudando vidas atrav\u00e9s do esporte.<\/p>\n\n\n\n<p>\u201cNa ocasi\u00e3o, foram apresentadas propostas e atividades desenvolvidas pela institui\u00e7\u00e3o. Al\u00e9m disso, debatemos iniciativas voltadas \u00e0 inclus\u00e3o e incentivo \u00e0 pr\u00e1tica esportiva para pessoas com defici\u00eancia, destacando a import\u00e2ncia do paradesporto como ferramenta de transforma\u00e7\u00e3o social\u201d, destacou a secret\u00e1ria Isabelle Dias.<\/p>\n\n\n\n<p>O objetivo do Coletivo Inclus\u00e3o \u00e9 proporcionar mudan\u00e7as que aumentem a qualidade de vida da pessoa com defici\u00eancia, recuperando sua autoestima e senso de pertencimento e desenvolvendo seus potenciais. A iniciativa tamb\u00e9m busca atender familiares, membros e funcion\u00e1rios das institui\u00e7\u00f5es parceiras, al\u00e9m da comunidade em geral.<\/p>\n\n\n\n<p>Assessoria<\/p>\n","protected":false},"excerpt":{"rendered":"<p>Secretaria de Inclus\u00e3o firma parcerias com o intuito de incentivar a pr\u00e1tica esportiva para pessoas com defici\u00eancia A Secretaria de Inclus\u00e3o, da Prefeitura de Paranagu\u00e1, recebeu a visita do coordenador do projeto Coletivo Inclus\u00e3o, Thiago Luis Filipi. O Coletivo Inclus\u00e3o tem seu escrit\u00f3rio em Fazenda Rio Grande (PR) e vem mudando vidas atrav\u00e9s do esporte. [&hellip;]<\/p>\n","protected":false},"author":2,"featured_media":64735,"comment_status":"open","ping_status":"open","sticky":false,"template":"","format":"standard","meta":{"advanced_seo_description":"","jetpack_seo_html_title":"","jetpack_seo_noindex":false,"_jetpack_memberships_contains_paid_content":false,"footnotes":""},"categories":[77],"tags":[321],"class_list":{"0":"post-64734","1":"post","2":"type-post","3":"status-publish","4":"format-standard","5":"has-post-thumbnail","7":"category-paranagua","8":"tag-paranagua"},"jetpack_featured_media_url":"https:\/\/www.paranapraia.com.br\/wp-content\/uploads\/2025\/02\/thumb-95-scaled.jpeg","jetpack_sharing_enabled":true,"_links":{"self":[{"href":"https:\/\/www.paranapraia.com.br\/index.php\/wp-json\/wp\/v2\/posts\/64734"}],"collection":[{"href":"https:\/\/www.paranapraia.com.br\/index.php\/wp-json\/wp\/v2\/posts"}],"about":[{"href":"https:\/\/www.paranapraia.com.br\/index.php\/wp-json\/wp\/v2\/types\/post"}],"author":[{"embeddable":true,"href":"https:\/\/www.paranapraia.com.br\/index.php\/wp-json\/wp\/v2\/users\/2"}],"replies":[{"embeddable":true,"href":"https:\/\/www.paranapraia.com.br\/index.php\/wp-json\/wp\/v2\/comments?post=64734"}],"version-history":[{"count":1,"href":"https:\/\/www.paranapraia.com.br\/index.php\/wp-json\/wp\/v2\/posts\/64734\/revisions"}],"predecessor-version":[{"id":64736,"href":"https:\/\/www.paranapraia.com.br\/index.php\/wp-json\/wp\/v2\/posts\/64734\/revisions\/64736"}],"wp:featuredmedia":[{"embeddable":true,"href":"https:\/\/www.paranapraia.com.br\/index.php\/wp-json\/wp\/v2\/media\/64735"}],"wp:attachment":[{"href":"https:\/\/www.paranapraia.com.br\/index.php\/wp-json\/wp\/v2\/media?parent=64734"}],"wp:term":[{"taxonomy":"category","embeddable":true,"href":"https:\/\/www.paranapraia.com.br\/index.php\/wp-json\/wp\/v2\/categories?post=64734"},{"taxonomy":"post_tag","embeddable":true,"href":"https:\/\/www.paranapraia.com.br\/index.php\/wp-json\/wp\/v2\/tags?post=64734"}],"curies":[{"name":"wp","href":"https:\/\/api.w.org\/{rel}","templated":true}]}}