{"id":64702,"date":"2025-02-12T11:56:22","date_gmt":"2025-02-12T14:56:22","guid":{"rendered":"https:\/\/www.paranapraia.com.br\/?p=64702"},"modified":"2025-02-12T11:56:25","modified_gmt":"2025-02-12T14:56:25","slug":"prefeitura-empresarios-e-caminhoneiros-discutem-solucoes-para-as-filas-de-caminhoes-em-paranagua","status":"publish","type":"post","link":"https:\/\/www.paranapraia.com.br\/index.php\/2025\/02\/12\/prefeitura-empresarios-e-caminhoneiros-discutem-solucoes-para-as-filas-de-caminhoes-em-paranagua\/","title":{"rendered":"Prefeitura, empres\u00e1rios e caminhoneiros discutem solu\u00e7\u00f5es para as filas de caminh\u00f5es em Paranagu\u00e1"},"content":{"rendered":"\n<p>Paranagu\u00e1 convive com in\u00fameras filas de caminh\u00f5es h\u00e1 muito tempo. E, com o objetivo de discutir solu\u00e7\u00f5es para que esse problema seja resolvido de modo eficaz, as Secretarias de Urbanismo e de Seguran\u00e7a da Prefeitura de Paranagu\u00e1 se reuniram na sede da Associa\u00e7\u00e3o Comercial, Industrial e Agr\u00edcola (Aciap) na manh\u00e3 desta ter\u00e7a-feira (11) com empres\u00e1rios, caminhoneiros, vereadores e representantes da sociedade civil.<\/p>\n\n\n\n<p>O prefeito Adriano Ramos, acompanhado da vice-prefeita Fabiana Parro, reconheceu o trabalho dos caminhoneiros e dos empres\u00e1rios que s\u00e3o os geradores de empregos numa cidade que bate recordes pelo porto. \u201cEu estou prefeito e tenho algumas metas pr\u00e9-estabelecidas. Resolvemos diversas situa\u00e7\u00f5es que estavam paradas, paralisadas na Prefeitura h\u00e1 muitos anos. E queremos resolver essa quest\u00e3o tamb\u00e9m\u201d, afirma o prefeito.<\/p>\n\n\n\n<p>Adriano Ramos ainda pediu aos secret\u00e1rios de Seguran\u00e7a, Francisco N\u00f3brega, e de Urbanismo, Luiz Augusto Pellegrini, para criarem um conselho com o objetivo de discutir esses assuntos. \u201cN\u00f3s queremos formar um conselho de representantes de empres\u00e1rios e caminhoneiros, pois quem gera empregos nessa cidade tem o nosso respeito e os caminhoneiros n\u00e3o podem ser penalizados, n\u00e3o podem ser multados porque eles n\u00e3o t\u00eam para onde ir e nem onde ficar. Ent\u00e3o, temos que respeitar essa categoria, da mesma forma que respeitamos os empres\u00e1rios. Temos que viver em harmonia para o bem da cidade e queremos que todos trabalhem com seguran\u00e7a e tranquilidade\u201d, pondera Adriano Ramos. \u201cVamos trabalhar tamb\u00e9m no sentido de que possamos fazer o nosso pr\u00f3prio licenciamento e j\u00e1 come\u00e7amos a trabalhar nisso\u201d, exp\u00f5e o prefeito.<\/p>\n\n\n\n<p>De acordo com a Ag\u00eancia Estadual de Not\u00edcias (AEN-PR), Paranagu\u00e1 convive diariamente com uma m\u00e9dia de 1,2 mil caminh\u00f5es por dia. Uma m\u00e9dia de 25 empresas alegam ter p\u00e1tio &#8211; essa que \u00e9 uma condi\u00e7\u00e3o para receberem o alvar\u00e1 de funcionamento -, entretanto com o in\u00edcio da lei do sistema &#8220;empresa f\u00e1cil&#8221;, a Prefeitura precisa deferir a consulta pr\u00e9via para fazer a fiscaliza\u00e7\u00e3o ap\u00f3s a emiss\u00e3o do alvar\u00e1. Todas as empresas que n\u00e3o possuem p\u00e1tios adequados foram notificadas, contudo est\u00e1 sendo feita uma opera\u00e7\u00e3o de fiscaliza\u00e7\u00e3o naquela regi\u00e3o novamente. \u201cExistem v\u00e1rios fatores, como a falta de organiza\u00e7\u00e3o nas opera\u00e7\u00f5es. A quebra de equipamento de um terminal pode prejudicar a opera\u00e7\u00e3o de v\u00e1rios outros, \u00e9 preciso analisar caso a caso\u201d, esclarece o secret\u00e1rio Luiz Augusto.<\/p>\n\n\n\n<p>O secret\u00e1rio de Urbanismo ressaltou a import\u00e2ncia de discutir com todos esse tema e lembrou a situa\u00e7\u00e3o vivida na Avenida Senador At\u00edlio Fontana. \u201cN\u00f3s precisamos organizar os congestionamentos das vias. Existe uma lei que precisa funcionar. Os terminais t\u00eam que apresentar espa\u00e7o interno para os caminh\u00f5es e n\u00e3o fazer das vias de acesso locais de estacionamento. Recebemos muitas mensagens de apoio logo ap\u00f3s a reuni\u00e3o porque h\u00e1 muitos anos, o munic\u00edpio n\u00e3o se aproxima dos empres\u00e1rios e caminhoneiros com o objetivo de ajud\u00e1-los e a gente vai conseguir\u201d, garante e sugere: \u201cPrecisamos buscar uma solu\u00e7\u00e3o a curto prazo para que o tr\u00e2nsito flua e uma possibilidade \u00e9 que a inciativa privada posa criar um pulm\u00e3o, como chamamos, um local para que possam aguardar at\u00e9 serem recebidos pelas empresas e evitar congestionamentos.\u201d<\/p>\n\n\n\n<p>De acordo com o secret\u00e1rio de Seguran\u00e7a, Francisco N\u00f3brega, a Guarda Civil Municipal (GCM) tem feito o seu papel e o n\u00famero de notifica\u00e7\u00f5es caiu comparando com a do ano passado. \u201cSempre ressaltamos a import\u00e2ncia de trazer a GCM para perto da popula\u00e7\u00e3o e assim foi feito com o caminhoneiro. Falando em n\u00fameros, as notifica\u00e7\u00f5es ca\u00edram mais da metade em compara\u00e7\u00e3o com 2024. A Guarda est\u00e1 todos os dias trabalhando para agilizar as situa\u00e7\u00f5es de tr\u00e2nsito na At\u00edlio Fontana e na \u00e1rea portu\u00e1ria\u201d, explica o secret\u00e1rio. \u201cDiscutir esse assunto \u00e9 importante para que seja encontrado uma solu\u00e7\u00e3o que venha de encontro aos anseios da popula\u00e7\u00e3o, dos empres\u00e1rios e dos caminhoneiros. A cidade cresceu e estrangulou o nosso tr\u00e2nsito e a ideia \u00e9 que esse conselho, com esses profissionais realize algo concreto para ajudar a nossa cidade\u201d, observa N\u00f3brega.<\/p>\n\n\n\n<p>Para o diretor de Assuntos Portu\u00e1rios da Aciap, F\u00e1bio Jorge, essa parceria encontrar\u00e1 uma solu\u00e7\u00e3o. \u201cA gente tem uma dificuldade grande de caminh\u00f5es parados na rua, os acessos tamb\u00e9m dif\u00edceis, s\u00e3o mal sinalizados e com essas a\u00e7\u00f5es que o prefeito Adriano est\u00e1 fazendo junto com o secret\u00e1rio Guto, demais empresas e com os caminhoneiros para encontrar uma solu\u00e7\u00e3o vem num sentido bom\u201d, elogia.<\/p>\n\n\n\n<p>Segundo o gestor da Delta Porto Armazenagem e consultor na BRF\u00e9rtil Fertilizantes, Leandro Klaus, a reuni\u00e3o foi fundamental para abordar o tema. \u201cOs caminhoneiros precisam dos terminais, assim como os terminais precisam dos caminhoneiros e ter um canal de discuss\u00e3o \u00fanico com a prefeitura \u00e9 positivo. Afinal, Paranagu\u00e1 \u00e9 uma colcha de retalhos, n\u00e3o foi planejada e hoje temos essa falta. O presente que temos \u00e9 de se pensar em planejar e isso d\u00e1 trabalho, \u00e9 dif\u00edcil fazer gest\u00e3o p\u00fablica aqui e corrigir \u00e9 mais caro ainda, mas queremos ajudar a Prefeitura\u201d, finaliza.<\/p>\n\n\n\n<p>Assessoria<\/p>\n","protected":false},"excerpt":{"rendered":"<p>Paranagu\u00e1 convive com in\u00fameras filas de caminh\u00f5es h\u00e1 muito tempo. E, com o objetivo de discutir solu\u00e7\u00f5es para que esse problema seja resolvido de modo eficaz, as Secretarias de Urbanismo e de Seguran\u00e7a da Prefeitura de Paranagu\u00e1 se reuniram na sede da Associa\u00e7\u00e3o Comercial, Industrial e Agr\u00edcola (Aciap) na manh\u00e3 desta ter\u00e7a-feira (11) com empres\u00e1rios, [&hellip;]<\/p>\n","protected":false},"author":2,"featured_media":64706,"comment_status":"open","ping_status":"open","sticky":false,"template":"","format":"standard","meta":{"advanced_seo_description":"","jetpack_seo_html_title":"","jetpack_seo_noindex":false,"_jetpack_memberships_contains_paid_content":false,"footnotes":""},"categories":[40,77],"tags":[],"class_list":{"0":"post-64702","1":"post","2":"type-post","3":"status-publish","4":"format-standard","5":"has-post-thumbnail","7":"category-destaques","8":"category-paranagua"},"jetpack_featured_media_url":"https:\/\/www.paranapraia.com.br\/wp-content\/uploads\/2025\/02\/thumb-92-scaled.jpeg","jetpack_sharing_enabled":true,"_links":{"self":[{"href":"https:\/\/www.paranapraia.com.br\/index.php\/wp-json\/wp\/v2\/posts\/64702"}],"collection":[{"href":"https:\/\/www.paranapraia.com.br\/index.php\/wp-json\/wp\/v2\/posts"}],"about":[{"href":"https:\/\/www.paranapraia.com.br\/index.php\/wp-json\/wp\/v2\/types\/post"}],"author":[{"embeddable":true,"href":"https:\/\/www.paranapraia.com.br\/index.php\/wp-json\/wp\/v2\/users\/2"}],"replies":[{"embeddable":true,"href":"https:\/\/www.paranapraia.com.br\/index.php\/wp-json\/wp\/v2\/comments?post=64702"}],"version-history":[{"count":1,"href":"https:\/\/www.paranapraia.com.br\/index.php\/wp-json\/wp\/v2\/posts\/64702\/revisions"}],"predecessor-version":[{"id":64707,"href":"https:\/\/www.paranapraia.com.br\/index.php\/wp-json\/wp\/v2\/posts\/64702\/revisions\/64707"}],"wp:featuredmedia":[{"embeddable":true,"href":"https:\/\/www.paranapraia.com.br\/index.php\/wp-json\/wp\/v2\/media\/64706"}],"wp:attachment":[{"href":"https:\/\/www.paranapraia.com.br\/index.php\/wp-json\/wp\/v2\/media?parent=64702"}],"wp:term":[{"taxonomy":"category","embeddable":true,"href":"https:\/\/www.paranapraia.com.br\/index.php\/wp-json\/wp\/v2\/categories?post=64702"},{"taxonomy":"post_tag","embeddable":true,"href":"https:\/\/www.paranapraia.com.br\/index.php\/wp-json\/wp\/v2\/tags?post=64702"}],"curies":[{"name":"wp","href":"https:\/\/api.w.org\/{rel}","templated":true}]}}