{"id":64593,"date":"2025-02-08T12:20:17","date_gmt":"2025-02-08T15:20:17","guid":{"rendered":"https:\/\/www.paranapraia.com.br\/?p=64593"},"modified":"2025-02-08T12:20:20","modified_gmt":"2025-02-08T15:20:20","slug":"estado-emprega-mais-de-100-homens-para-ajudar-vitimas-das-chuvas-em-todo-litoral","status":"publish","type":"post","link":"https:\/\/www.paranapraia.com.br\/index.php\/2025\/02\/08\/estado-emprega-mais-de-100-homens-para-ajudar-vitimas-das-chuvas-em-todo-litoral\/","title":{"rendered":"Estado emprega mais de 100 homens para ajudar v\u00edtimas das chuvas em todo Litoral"},"content":{"rendered":"\n<p>Uma for\u00e7a-tarefa montada pelo Corpo de Bombeiros Militar do Paran\u00e1 e a Defesa Civil atende a popula\u00e7\u00e3o afetada pelas fortes chuvas que ocorreram no Litoral na noite desta sexta-feira (07) e na madrugada de s\u00e1bado (08). S\u00e3o mais de 50 bombeiros militares em sete equipes, al\u00e9m de servidores municipais e 13 profissionais do Samu. Mais 50 policiais militares tamb\u00e9m est\u00e3o atuando na regi\u00e3o. Os trabalhos contam com apoio de aeronaves do Batalh\u00e3o de Pol\u00edcia Militar de Opera\u00e7\u00f5es A\u00e9reas \u2013 BPMOA, outras for\u00e7as de seguran\u00e7a e Pol\u00edcia Rodovi\u00e1ria Federal.<\/p>\n\n\n\n<p>De acordo com balan\u00e7o preliminar da Defesa Civil, cerca de 3 mil pessoas foram afetadas direta e indiretamente no Litoral, n\u00e3o significando que todas tiveram casas alagadas. O n\u00famero inclui tamb\u00e9m quem n\u00e3o pode se deslocar em fun\u00e7\u00e3o da subida das \u00e1guas. H\u00e1 90 pessoas desalojadas ou desabrigadas. Foram afetados principalmente as cidades de Guaratuba, Morretes, Paranagu\u00e1 e Antonina.<\/p>\n\n\n\n<p>&#8220;Eu falei com os prefeitos da regi\u00e3o e estou acompanhando a varredura feita pelas equipes e o secret\u00e1rio da Seguran\u00e7a P\u00fablica, que est\u00e1 l\u00e1 a meu pedido. Para intensificar os trabalhos foram deslocados dois helic\u00f3pteros da Pol\u00edcia Militar e um da Pol\u00edcia Civil&#8221;, disse o governador Carlos Massa Ratinho Junior.<\/p>\n\n\n\n<p>O secret\u00e1rio de Estrado da Seguran\u00e7a P\u00fablica, Hudson Teixeira, disse que as equipes atuam de forma integrada desde a madrugada, inclusive com sobrevoos na regi\u00e3o. \u201cA regi\u00e3o mais afetada \u00e9 o bairro de Cubat\u00e3o, em Guaratuba, onde h\u00e1 algumas pessoas ilhadas. Estamos estudando a necessidade de montar um posto de comando pr\u00f3ximo, j\u00e1 que o local \u00e9 de dif\u00edcil acesso, apenas com o uso de barcos\u201d, disse.<\/p>\n\n\n\n<p>Ele explicou que novos sobrevoos ser\u00e3o feitos nas pr\u00f3ximas horas, destacando que a situa\u00e7\u00e3o est\u00e1 sob controle e com barcos \u00e0 disposi\u00e7\u00e3o. \u201cAgora estamos organizando um plano de a\u00e7\u00e3o mais detalhado para essa crise para garantir um suporte r\u00e1pido\u201d, afirmou.<\/p>\n\n\n\n<p>\u201cO governador Ratinho J\u00fanior determinou apoio \u00e0 popula\u00e7\u00e3o com \u00e1gua e cestas b\u00e1sicas para que n\u00e3o falte nada para as pessoas afetadas\u201d, disse o secret\u00e1rio. Uma nova reuni\u00e3o deve ser realizada para definir a\u00e7\u00f5es com base da previs\u00e3o do tempo.<\/p>\n\n\n\n<p><strong>SITUA\u00c7\u00c3O NAS CIDADES<\/strong>&nbsp;\u2013&nbsp;Em Antonina, foram mais prejudicadas as regi\u00f5es do Cedro e Ponta da Pita. S\u00e3o cerca de 55 casas atingidas, sem desalojados ou desabrigados.<\/p>\n\n\n\n<p>Em Morretes, alguns bairros foram afetados da regi\u00e3o da Marta, al\u00e9m das regi\u00f5es de Floresta, Rio Sagrado, Sambaqui, Passa Sete, Estrada da Pitinga, Mundo Novo e Nova Floresta. H\u00e1 90 pessoas entre desalojadas ou desabrigadas.<\/p>\n\n\n\n<p>Col\u00f4nia Pereira e Alexandra foram as \u00e1reas mais atingidas em Paranagu\u00e1. N\u00e3o h\u00e1 desalojados ou desabrigados. Segundo a Defesa Civil, a \u00e1gua baixou e agora ser\u00e1 feito o levantamento de quantas casas foram prejudicadas.<\/p>\n\n\n\n<p>A situa\u00e7\u00e3o mais grave foi na \u00e1rea rural de Cubat\u00e3o, em Guaratuba com a alagamento de v\u00e1rias casas, inclusive da subprefeitura.<\/p>\n\n\n\n<p><strong>OCORR\u00caNCIAS<\/strong>&nbsp;&#8211; Em uma das ocorr\u00eancias, 13 estudantes que voltavam para casa ap\u00f3s o turno da noite estavam em um micro-\u00f4nibus que ficou ilhado no bairro Cubat\u00e3o, em Guaratuba. O ve\u00edculo n\u00e3o p\u00f4de prosseguir quando a \u00e1gua invadiu a pista.&nbsp;<\/p>\n\n\n\n<p>Como n\u00e3o havia sinal de internet e telefonia, o Corpo de Bombeiros s\u00f3 foi acionado pela manh\u00e3. Uma embarca\u00e7\u00e3o e uma aeronave fizeram buscas para localizar o ve\u00edculo. Quando a \u00e1gua baixou, parte dos alunos foi retirada com um ve\u00edculo de um pai de um dos estudantes. As demais foram para casa na sequ\u00eancia. Todos est\u00e3o em seguran\u00e7a.<\/p>\n\n\n\n<p><strong>SIMEPAR<\/strong>&nbsp;&#8211;&nbsp;De acordo com o Sistema de Tecnologia e Monitoramento Ambiental do Paran\u00e1 (Simepar), em menos de 18 horas, entre a tarde de sexta-feira (07) e a manh\u00e3 de s\u00e1bado (08), os pluvi\u00f4metros registraram mais de 276,2 mm de chuva em Morretes; 171,8 mm em Antonina; 144,4 mm em Paranagu\u00e1; 173,8 mm em Guaraque\u00e7aba; 170,6 mm em Matinhos; e 282,4 mm na Serra do Mar, na BR-277.<\/p>\n\n\n\n<p>Para o per\u00edodo da tarde a previs\u00e3o \u00e9 de redu\u00e7\u00e3o da intensidade da chuva. Nas \u00e1reas mais afetadas o tempo deve fica mais firme durante o domingo, com boa perspectiva para predom\u00ednio de sol. O in\u00edcio da pr\u00f3xima semana deve ter o tempo mais seco em toda a regi\u00e3o.<\/p>\n\n\n\n<p><strong>RODOVIAS<\/strong>&nbsp;&#8211; A Serra do Mar registrou dois deslizamentos (pedras e sedimentos) durante a madrugada, na altura dos km 14 e 41 da BR-277. Os trechos chegaram a ser interditados totalmente, mas j\u00e1 contam com desvios. No local foi implantada uma opera\u00e7\u00e3o especial pela Concession\u00e1ria EPR e Pol\u00edcia Rodovi\u00e1ria Federal (PRF).<\/p>\n\n\n\n<p>J\u00e1 na PR-508 \u2013 Alexandra-Matinhos, o alagamento de um trecho da rodovia, na altura do km 02, bloqueou o tr\u00e1fego nos dois sentidos, mas j\u00e1 est\u00e1 parcialmente liberada. O mesmo ocorre na PR-407, na altura do km 1,2, onde a \u00e1gua invadiu a rodovia.&nbsp;<\/p>\n\n\n\n<p><strong>Servi\u00e7o:<\/strong><\/p>\n\n\n\n<p>Defesa Civil: 199<\/p>\n\n\n\n<p>Corpo de Bombeiros: 193<\/p>\n\n\n\n<p>AEN<\/p>\n","protected":false},"excerpt":{"rendered":"<p>Uma for\u00e7a-tarefa montada pelo Corpo de Bombeiros Militar do Paran\u00e1 e a Defesa Civil atende a popula\u00e7\u00e3o afetada pelas fortes chuvas que ocorreram no Litoral na noite desta sexta-feira (07) e na madrugada de s\u00e1bado (08). S\u00e3o mais de 50 bombeiros militares em sete equipes, al\u00e9m de servidores municipais e 13 profissionais do Samu. Mais [&hellip;]<\/p>\n","protected":false},"author":2,"featured_media":64594,"comment_status":"open","ping_status":"open","sticky":false,"template":"","format":"standard","meta":{"advanced_seo_description":"","jetpack_seo_html_title":"","jetpack_seo_noindex":false,"_jetpack_memberships_contains_paid_content":false,"footnotes":""},"categories":[40,91],"tags":[316],"class_list":{"0":"post-64593","1":"post","2":"type-post","3":"status-publish","4":"format-standard","5":"has-post-thumbnail","7":"category-destaques","8":"category-litoral","9":"tag-litoral"},"jetpack_featured_media_url":"https:\/\/www.paranapraia.com.br\/wp-content\/uploads\/2025\/02\/whatsapp_image_2025-02-08_at_12.11.17-scaled.jpg","jetpack_sharing_enabled":true,"_links":{"self":[{"href":"https:\/\/www.paranapraia.com.br\/index.php\/wp-json\/wp\/v2\/posts\/64593"}],"collection":[{"href":"https:\/\/www.paranapraia.com.br\/index.php\/wp-json\/wp\/v2\/posts"}],"about":[{"href":"https:\/\/www.paranapraia.com.br\/index.php\/wp-json\/wp\/v2\/types\/post"}],"author":[{"embeddable":true,"href":"https:\/\/www.paranapraia.com.br\/index.php\/wp-json\/wp\/v2\/users\/2"}],"replies":[{"embeddable":true,"href":"https:\/\/www.paranapraia.com.br\/index.php\/wp-json\/wp\/v2\/comments?post=64593"}],"version-history":[{"count":1,"href":"https:\/\/www.paranapraia.com.br\/index.php\/wp-json\/wp\/v2\/posts\/64593\/revisions"}],"predecessor-version":[{"id":64595,"href":"https:\/\/www.paranapraia.com.br\/index.php\/wp-json\/wp\/v2\/posts\/64593\/revisions\/64595"}],"wp:featuredmedia":[{"embeddable":true,"href":"https:\/\/www.paranapraia.com.br\/index.php\/wp-json\/wp\/v2\/media\/64594"}],"wp:attachment":[{"href":"https:\/\/www.paranapraia.com.br\/index.php\/wp-json\/wp\/v2\/media?parent=64593"}],"wp:term":[{"taxonomy":"category","embeddable":true,"href":"https:\/\/www.paranapraia.com.br\/index.php\/wp-json\/wp\/v2\/categories?post=64593"},{"taxonomy":"post_tag","embeddable":true,"href":"https:\/\/www.paranapraia.com.br\/index.php\/wp-json\/wp\/v2\/tags?post=64593"}],"curies":[{"name":"wp","href":"https:\/\/api.w.org\/{rel}","templated":true}]}}