{"id":64479,"date":"2025-02-02T12:51:44","date_gmt":"2025-02-02T15:51:44","guid":{"rendered":"https:\/\/www.paranapraia.com.br\/?p=64479"},"modified":"2025-02-02T12:51:46","modified_gmt":"2025-02-02T15:51:46","slug":"prefeitura-fecha-janeiro-com-asfalto-novo-a-quente-no-centro-de-paranagua","status":"publish","type":"post","link":"https:\/\/www.paranapraia.com.br\/index.php\/2025\/02\/02\/prefeitura-fecha-janeiro-com-asfalto-novo-a-quente-no-centro-de-paranagua\/","title":{"rendered":"Prefeitura fecha janeiro com asfalto novo \u00e0 quente no centro de Paranagu\u00e1"},"content":{"rendered":"\n<p>A Prefeitura de Paranagu\u00e1 est\u00e1 trabalhando a todo vapor num programa de recupera\u00e7\u00e3o de vias deterioradas em diversos bairros da cidade e, neste dia 31, iniciou a pavimenta\u00e7\u00e3o \u00e0 quente de um trecho da rua Gabriel de Lara, entre as ruas Jo\u00e3o Eug\u00eanio e Bar\u00e3o do Rio Branco. Ap\u00f3s a finaliza\u00e7\u00e3o desta etapa, as equipes seguir\u00e3o removendo o asfalto antigo, e aplicando novo, nas ruas Desembargador Hugo Simas, Marechal Deodoro e partes da Professor Cleto.<\/p>\n\n\n\n<p>O Secret\u00e1rio Municipal de Obras segue as orienta\u00e7\u00f5es do prefeito Adriano Ramos, que determinou a remo\u00e7\u00e3o do pavimento antigo dessas vias, que h\u00e1 anos n\u00e3o recebiam manuten\u00e7\u00e3o, e a aplica\u00e7\u00e3o de novo revestimento asf\u00e1ltico de qualidade. \u201c\u00c9 importante realizar um trabalho com qualidade. As ruas do centro de Paranagu\u00e1 precisavam da nossa aten\u00e7\u00e3o, por isso determinei ao Secret\u00e1rio de Obras, Oz\u00e9ias Rebello, agilidade na recupera\u00e7\u00e3o delas&#8221;, afirmou o prefeito.<\/p>\n\n\n\n<p>\u201cVamos continuar fresando o pavimento antigo e aplicando asfalto CBUQ (Concreto Betuminoso Usinado \u00e0 Quente) nas vias da regi\u00e3o central, que h\u00e1 muito tempo se encontram deterioradas. Pedimos a compreens\u00e3o dos motoristas que utilizam essas vias em seus trajetos. Estamos trabalhando!\u201d afirmou o Secret\u00e1rio Municipal de Obras, Oz\u00e9ias Rebello, que acompanhou de perto as equipes na Rua Gabriel de Lara, na manh\u00e3 deste s\u00e1bado (1).<\/p>\n\n\n\n<p>Os trabalhos seguem um cronograma cont\u00ednuo de obras e apenas em casos em que as condi\u00e7\u00f5es clim\u00e1ticas n\u00e3o garantam a qualidade t\u00e9cnica da aplica\u00e7\u00e3o, haver\u00e1 altera\u00e7\u00e3o de dias ou hor\u00e1rios das opera\u00e7\u00f5es de fresa e aplica\u00e7\u00e3o da massa asf\u00e1ltica \u00e0 quente.<\/p>\n\n\n\n<p>O CBUQ \u00e9 uma mistura asf\u00e1ltica utilizada para pavimenta\u00e7\u00e3o, composta por rochas e betume. Isso confere ao material boas caracter\u00edsticas para suportar tr\u00e1fego intenso, com alta resist\u00eancia ao desgaste, durabilidade em climas extremos, capacidade de suportar cargas pesadas, m\u00ednima deforma\u00e7\u00e3o sob press\u00e3o e movimenta\u00e7\u00e3o.<\/p>\n\n\n\n<p>Assessoria <\/p>\n","protected":false},"excerpt":{"rendered":"<p>A Prefeitura de Paranagu\u00e1 est\u00e1 trabalhando a todo vapor num programa de recupera\u00e7\u00e3o de vias deterioradas em diversos bairros da cidade e, neste dia 31, iniciou a pavimenta\u00e7\u00e3o \u00e0 quente de um trecho da rua Gabriel de Lara, entre as ruas Jo\u00e3o Eug\u00eanio e Bar\u00e3o do Rio Branco. Ap\u00f3s a finaliza\u00e7\u00e3o desta etapa, as equipes [&hellip;]<\/p>\n","protected":false},"author":2,"featured_media":64480,"comment_status":"open","ping_status":"open","sticky":false,"template":"","format":"standard","meta":{"advanced_seo_description":"","jetpack_seo_html_title":"","jetpack_seo_noindex":false,"_jetpack_memberships_contains_paid_content":false,"footnotes":""},"categories":[77],"tags":[],"class_list":{"0":"post-64479","1":"post","2":"type-post","3":"status-publish","4":"format-standard","5":"has-post-thumbnail","7":"category-paranagua"},"jetpack_featured_media_url":"https:\/\/www.paranapraia.com.br\/wp-content\/uploads\/2025\/02\/thumb-72-scaled.jpeg","jetpack_sharing_enabled":true,"_links":{"self":[{"href":"https:\/\/www.paranapraia.com.br\/index.php\/wp-json\/wp\/v2\/posts\/64479"}],"collection":[{"href":"https:\/\/www.paranapraia.com.br\/index.php\/wp-json\/wp\/v2\/posts"}],"about":[{"href":"https:\/\/www.paranapraia.com.br\/index.php\/wp-json\/wp\/v2\/types\/post"}],"author":[{"embeddable":true,"href":"https:\/\/www.paranapraia.com.br\/index.php\/wp-json\/wp\/v2\/users\/2"}],"replies":[{"embeddable":true,"href":"https:\/\/www.paranapraia.com.br\/index.php\/wp-json\/wp\/v2\/comments?post=64479"}],"version-history":[{"count":1,"href":"https:\/\/www.paranapraia.com.br\/index.php\/wp-json\/wp\/v2\/posts\/64479\/revisions"}],"predecessor-version":[{"id":64481,"href":"https:\/\/www.paranapraia.com.br\/index.php\/wp-json\/wp\/v2\/posts\/64479\/revisions\/64481"}],"wp:featuredmedia":[{"embeddable":true,"href":"https:\/\/www.paranapraia.com.br\/index.php\/wp-json\/wp\/v2\/media\/64480"}],"wp:attachment":[{"href":"https:\/\/www.paranapraia.com.br\/index.php\/wp-json\/wp\/v2\/media?parent=64479"}],"wp:term":[{"taxonomy":"category","embeddable":true,"href":"https:\/\/www.paranapraia.com.br\/index.php\/wp-json\/wp\/v2\/categories?post=64479"},{"taxonomy":"post_tag","embeddable":true,"href":"https:\/\/www.paranapraia.com.br\/index.php\/wp-json\/wp\/v2\/tags?post=64479"}],"curies":[{"name":"wp","href":"https:\/\/api.w.org\/{rel}","templated":true}]}}