{"id":64464,"date":"2025-02-01T12:21:07","date_gmt":"2025-02-01T15:21:07","guid":{"rendered":"https:\/\/www.paranapraia.com.br\/?p=64464"},"modified":"2025-02-01T12:21:11","modified_gmt":"2025-02-01T15:21:11","slug":"bruninho-davi-agitam-pontal-do-parana-com-sucessos-do-sertanejo","status":"publish","type":"post","link":"https:\/\/www.paranapraia.com.br\/index.php\/2025\/02\/01\/bruninho-davi-agitam-pontal-do-parana-com-sucessos-do-sertanejo\/","title":{"rendered":"Bruninho &amp; Davi agitam Pontal do Paran\u00e1 com sucessos do sertanejo"},"content":{"rendered":"\n<p>A dupla Bruninho &amp; Davi transformou a noite desta sexta-feira (31) em uma grande festa sertaneja no Centro de Eventos Marissol, em Pontal do Paran\u00e1, no Litoral do Paran\u00e1. Mesmo debaixo de chuva, cerca de 12 mil pessoas cantaram e dan\u00e7aram com os sucessos que marcaram os 15 anos de carreira da dupla.<\/p>\n\n\n\n<p>Com anima\u00e7\u00e3o contagiante e repert\u00f3rio afiado, que contou com hits como \u201cE essa boca a\u00ed&#8221;, &#8220;Imagina com as amigas&#8221;, \u201cSe namorar fosse bom\u201d, \u201cSmirnofy\u201d e &#8220;Vamo mex\u00ea&#8221;, a dupla fez a plateia cantar em coro do in\u00edcio ao fim. A setlist tamb\u00e9m teve sucessos de outros artistas, como Jorge &amp; Matheus, Henrique &amp; Juliano e Michel Tel\u00f3.<\/p>\n\n\n\n<p>\u201cO Paran\u00e1 sempre nos recebe muito bem. A gente vem pra c\u00e1 e se sente abra\u00e7ado. Mais uma vez fizemos um grande show, que vai marcar a nossa hist\u00f3ria. \u00c9 um prazer tocar no Ver\u00e3o Maior, que tem tantos amigos nossos fazendo shows, e tudo com uma estrutura maravilhosa. Um palco fant\u00e1stico e um som perfeito, que entrega um show de muita qualidade para quem vem assistir\u201d, disse Bruninho.<\/p>\n\n\n\n<p>A dupla, que em 2024 lan\u00e7ou um \u00e1lbum gravado em Curitiba, enalteceu a rela\u00e7\u00e3o que tem com o Paran\u00e1. \u201c\u00c9 um estado muito especial, que se sempre trata a gente com muito carinho. Era um projeto que a gente tinha em mente h\u00e1 muito tempo e foi muito bom que deu certo, porque temos muita hist\u00f3ria aqui\u201d, afirmou Davi.<\/p>\n\n\n\n<p><strong>ANIMA\u00c7\u00c3O<\/strong>&nbsp;&#8211; Os veranistas e moradores do Litoral curtiram as duas horas de show, mesmo com a chuva que caiu durante a noite em Pontal do Paran\u00e1. O turista Leandro Oliveira, de Campo Largo, levou a fam\u00edlia inteira para assistir ao show debaixo de um guarda-sol. &#8220;A chuva n\u00e3o desanimou a gente. Est\u00e1 tudo muito bonito e pretendemos voltar amanh\u00e3 tamb\u00e9m&#8221;, disse.<\/p>\n\n\n\n<p>No mesmo clima, Alisson Gomes e sua filha, Agnes Ferreira, moradores de Palmeira, tamb\u00e9m aproveitaram o show da dupla. &#8220;A gente pode se molhar, mas veio para curtir o show, principalmente porque a minha filha \u00e9 muito f\u00e3 do Bruninho e do Davi&#8221;, disse o pai.<\/p>\n\n\n\n<p><strong>BANDA DA PM<\/strong>&nbsp;\u2013 Antes do show de Bruninho &amp; Davi, a Banda de M\u00fasica da Pol\u00edcia Militar do Paran\u00e1 se apresentou para o p\u00fablico em Pontal do Paran\u00e1. O conjunto, que \u00e9 uma das sensa\u00e7\u00f5es mais populares das praias neste ver\u00e3o, animou os presentes.<\/p>\n\n\n\n<p>O repert\u00f3rio foi vers\u00e1til e contou com &#8220;P\u00e9 na areia&#8221;, de Diogo Nogueira, &#8220;Anna J\u00falia&#8221;, de Los Hermanos, &#8220;Pensa em mim&#8221;, de Leandro e Leonardo, e at\u00e9 &#8220;Sweet child O&#8217;mine&#8221;, do Guns N&#8217;Roses. At\u00e9 o final da programa\u00e7\u00e3o do Ver\u00e3o Maior Paran\u00e1, a banda deve abrir outros shows nacionais do Litoral.<\/p>\n\n\n\n<p>Em Matinhos, o conjunto Sorriso Maroto reuniu 107 mil pessoas. As apresenta\u00e7\u00f5es fazem parte da programa\u00e7\u00e3o especial de 33 shows nacionais gratuitos do Ver\u00e3o Maior Paran\u00e1, organizado pelo Governo do Estado.<\/p>\n\n\n\n<p><strong>PR\u00d3XIMOS SHOWS&nbsp;<\/strong>\u2013 A programa\u00e7\u00e3o do Ver\u00e3o Maior Paran\u00e1 continua neste s\u00e1bado (1) em Pontal do Paran\u00e1 com o show da dupla Jo\u00e3o Neto &amp; Frederico, que promete animar o p\u00fablico a partir das 22 horas com grandes sucessos do sertanejo. Em Matinhos, quem comanda a festa \u00e9 o cantor Luan Santana, retornando ao Ver\u00e3o Maior ap\u00f3s um show memor\u00e1vel em 2024, quando se apresentou para 136 mil pessoas.<\/p>\n\n\n\n<p>A agenda do Ver\u00e3o Maior Paran\u00e1 segue at\u00e9 22 de fevereiro com outros grandes artistas nacionais, como Fernando e Sorocaba, Tit\u00e3s e Zez\u00e9 DiCamargo e Luciano. Al\u00e9m da programa\u00e7\u00e3o de shows nacionais, o Ver\u00e3o Maior Paran\u00e1 tamb\u00e9m tem apresenta\u00e7\u00f5es de artistas paranaenses nos Palcos Sunset montados no Litoral e nos balne\u00e1rios da Costa Noroeste do Estado. Ao todo, s\u00e3o 50 shows de artistas paranaenses, com uma agenda semanal que come\u00e7a \u00e0s ter\u00e7as-feiras e segue at\u00e9 domingo.<\/p>\n\n\n\n<p><strong>VER\u00c3O MAIOR PARAN\u00c1<\/strong>&nbsp;\u2013 Toda a programa\u00e7\u00e3o do Ver\u00e3o Maior Paran\u00e1 pode ser conferida no site exclusivo do Governo do Paran\u00e1,&nbsp;<a href=\"https:\/\/www.aen.pr.gov.br\/Noticia\/pr.gov.br\/verao\" target=\"_blank\" rel=\"noreferrer noopener\">o pr.gov.br\/verao<\/a>. Ser\u00e3o 33 shows nacionais gratuitos nas arenas de Matinhos e Pontal do Paran\u00e1, al\u00e9m de grande programa\u00e7\u00e3o esportiva nas arenas das praias do Litoral e na regi\u00e3o Noroeste.<\/p>\n\n\n\n<p>AEN<\/p>\n","protected":false},"excerpt":{"rendered":"<p>A dupla Bruninho &amp; Davi transformou a noite desta sexta-feira (31) em uma grande festa sertaneja no Centro de Eventos Marissol, em Pontal do Paran\u00e1, no Litoral do Paran\u00e1. Mesmo debaixo de chuva, cerca de 12 mil pessoas cantaram e dan\u00e7aram com os sucessos que marcaram os 15 anos de carreira da dupla. Com anima\u00e7\u00e3o [&hellip;]<\/p>\n","protected":false},"author":2,"featured_media":64465,"comment_status":"open","ping_status":"open","sticky":false,"template":"","format":"standard","meta":{"advanced_seo_description":"","jetpack_seo_html_title":"","jetpack_seo_noindex":false,"_jetpack_memberships_contains_paid_content":false,"footnotes":""},"categories":[65],"tags":[318],"class_list":{"0":"post-64464","1":"post","2":"type-post","3":"status-publish","4":"format-standard","5":"has-post-thumbnail","7":"category-pontal-do-parana","8":"tag-pontal-do-parana"},"jetpack_featured_media_url":"https:\/\/www.paranapraia.com.br\/wp-content\/uploads\/2025\/02\/dsc05491-scaled.jpg","jetpack_sharing_enabled":true,"_links":{"self":[{"href":"https:\/\/www.paranapraia.com.br\/index.php\/wp-json\/wp\/v2\/posts\/64464"}],"collection":[{"href":"https:\/\/www.paranapraia.com.br\/index.php\/wp-json\/wp\/v2\/posts"}],"about":[{"href":"https:\/\/www.paranapraia.com.br\/index.php\/wp-json\/wp\/v2\/types\/post"}],"author":[{"embeddable":true,"href":"https:\/\/www.paranapraia.com.br\/index.php\/wp-json\/wp\/v2\/users\/2"}],"replies":[{"embeddable":true,"href":"https:\/\/www.paranapraia.com.br\/index.php\/wp-json\/wp\/v2\/comments?post=64464"}],"version-history":[{"count":1,"href":"https:\/\/www.paranapraia.com.br\/index.php\/wp-json\/wp\/v2\/posts\/64464\/revisions"}],"predecessor-version":[{"id":64466,"href":"https:\/\/www.paranapraia.com.br\/index.php\/wp-json\/wp\/v2\/posts\/64464\/revisions\/64466"}],"wp:featuredmedia":[{"embeddable":true,"href":"https:\/\/www.paranapraia.com.br\/index.php\/wp-json\/wp\/v2\/media\/64465"}],"wp:attachment":[{"href":"https:\/\/www.paranapraia.com.br\/index.php\/wp-json\/wp\/v2\/media?parent=64464"}],"wp:term":[{"taxonomy":"category","embeddable":true,"href":"https:\/\/www.paranapraia.com.br\/index.php\/wp-json\/wp\/v2\/categories?post=64464"},{"taxonomy":"post_tag","embeddable":true,"href":"https:\/\/www.paranapraia.com.br\/index.php\/wp-json\/wp\/v2\/tags?post=64464"}],"curies":[{"name":"wp","href":"https:\/\/api.w.org\/{rel}","templated":true}]}}