{"id":64389,"date":"2025-01-30T23:05:02","date_gmt":"2025-01-31T02:05:02","guid":{"rendered":"https:\/\/www.paranapraia.com.br\/?p=64389"},"modified":"2025-01-30T23:05:05","modified_gmt":"2025-01-31T02:05:05","slug":"verao-maior-parana-bombeiros-resgatam-mais-de-900-pessoas-em-40-dias-no-litoral","status":"publish","type":"post","link":"https:\/\/www.paranapraia.com.br\/index.php\/2025\/01\/30\/verao-maior-parana-bombeiros-resgatam-mais-de-900-pessoas-em-40-dias-no-litoral\/","title":{"rendered":"Ver\u00e3o Maior Paran\u00e1: bombeiros resgatam mais de 900 pessoas em 40 dias no Litoral"},"content":{"rendered":"\n<p>Nos primeiros 40 dias do Ver\u00e3o Maior Paran\u00e1 no Litoral do Estado, os guarda-vidas precisaram entrar em a\u00e7\u00e3o para ajudar 847 banhistas que passavam por dificuldades dentro do mar, correndo risco de afogamento. Outras 57 pessoas tamb\u00e9m foram resgatadas, com atua\u00e7\u00e3o desses profissionais, j\u00e1 em processo de ingest\u00e3o de l\u00edquido. Isso significa que diariamente, em m\u00e9dia, 22 veranistas precisaram de algum tipo de socorro dos bombeiros militares enquanto se banhavam.<\/p>\n\n\n\n<p>Esses n\u00fameros fazem parte do levantamento do Corpo de Bombeiros Militar do Paran\u00e1 (CBMPR), divulgado nesta quinta-feira (30), sobre os atendimentos efetuados na orla paranaense entre os dias 21 de dezembro de 2024 e 29 de janeiro de 2025.<\/p>\n\n\n\n<p>\u201cAs a\u00e7\u00f5es desenvolvidas durante o Ver\u00e3o Maior Paran\u00e1 refor\u00e7am nosso compromisso em garantir que a popula\u00e7\u00e3o possa desfrutar do Litoral com seguran\u00e7a. Os n\u00fameros comprovam a efic\u00e1cia das medidas preventivas e a dedica\u00e7\u00e3o exemplar dos bombeiros no cuidado com a vida. Seguiremos investindo em iniciativas que promovam seguran\u00e7a e tranquilidade para todos\u201d, afirmou o secret\u00e1rio estadual da Seguran\u00e7a P\u00fablica, Hudson Le\u00f4ncio Teixeira.<\/p>\n\n\n\n<p>A atua\u00e7\u00e3o dos bombeiros para ampliar cada vez mais as medidas preventivas \u2013 ou seja, minimizar a ocorr\u00eancia de incidentes aqu\u00e1ticos neste per\u00edodo de altas temperaturas \u2013 se reflete nos n\u00fameros. No per\u00edodo inclu\u00eddo no relat\u00f3rio, os bombeiros em a\u00e7\u00e3o nas praias do Paran\u00e1 deram 44.646 advert\u00eancias a banhistas que estavam em locais perigosos ou adotando comportamento que colocava a si ou a terceiros em risco. Em m\u00e9dia, cerca de 1.100 por dia pessoas foram alertadas pelas autoridades.<\/p>\n\n\n\n<p>Al\u00e9m desse servi\u00e7o de fiscaliza\u00e7\u00e3o, os guarda-vidas militares e civis tamb\u00e9m atuaram na orienta\u00e7\u00e3o dos veranistas, dando informa\u00e7\u00f5es de seguran\u00e7a para um banho mais seguro. Foram 131.420 a\u00e7\u00f5es desse tipo durante todo o per\u00edodo consultado \u2013 mais de 3.200 diariamente, em m\u00e9dia.<\/p>\n\n\n\n<p><strong>DRONES<\/strong>&nbsp;\u2013 Isso sem contar com a popula\u00e7\u00e3o alcan\u00e7ada pelos mais novos aliados da corpora\u00e7\u00e3o no Litoral:&nbsp;<a href=\"https:\/\/www.aen.pr.gov.br\/Noticia\/Drones-tecnologicos-com-sinais-de-alerta-ja-realizaram-96-patrulhas-no-Litoral\" target=\"_blank\" rel=\"noreferrer noopener\">dois drones de alta capacidade<\/a>, equipados com um alto-falante potente. Uma grande vantagem desses novos equipamentos, em rela\u00e7\u00e3o aos modelos anteriores, \u00e9 justamente a capacidade de transmitir mensagens de som gravadas ou em tempo real. Eles podem levar orienta\u00e7\u00e3o, por exemplo, a quem est\u00e1 dentro da \u00e1gua, para um grupo grande de pessoas, j\u00e1 que sua transmiss\u00e3o pode ser ouvida claramente mesmo a dist\u00e2ncias razo\u00e1veis.<\/p>\n\n\n\n<p>As duas unidades, de modelo DJI Matrice 350 RTK, t\u00eam h\u00e9lices refor\u00e7adas, c\u00e2mera termal e com zoom de alta defini\u00e7\u00e3o, holofote, al\u00e9m de suportarem chuva leve e ventos moderados. O v\u00eddeo das c\u00e2meras \u00e9 transmitido diretamente para um posto de comando.<\/p>\n\n\n\n<p>Baseados em Matinhos e Guaratuba, os drones executam diariamente dois patrulhamentos cada um, totalizando 160, at\u00e9 ent\u00e3o, no Ver\u00e3o Maior Paran\u00e1. O equipamento tamb\u00e9m foi utilizado em quatro buscas por desaparecidos na regi\u00e3o.<\/p>\n\n\n\n<p>\u201cA atua\u00e7\u00e3o dos bombeiros no Litoral \u00e9 resultado de planejamento estrat\u00e9gico e do uso eficiente de recursos. Tecnologias como drones e o foco em preven\u00e7\u00e3o t\u00eam sido determinantes para reduzir riscos e salvar vidas. Nosso objetivo \u00e9 oferecer seguran\u00e7a m\u00e1xima aos veranistas e evitar trag\u00e9dias\u201d, afirmou o coronel Manoel Vasco de Figueiredo Junior, comandante-geral do Corpo de Bombeiros Militar do Paran\u00e1.<\/p>\n\n\n\n<p><strong>SINALIZA\u00c7\u00c3O E ORIENTA\u00c7\u00c3O<\/strong>&nbsp;\u2013 O pacote de a\u00e7\u00f5es preventivas tamb\u00e9m inclui o trabalho de sinaliza\u00e7\u00e3o das praias e de abertura e fechamento dos postos de guarda-vidas, por exemplo. Essa atividade foi realizada 12.467 vezes durante esses 40 dias do Ver\u00e3o Maior Paran\u00e1, garantindo que o p\u00fablico tivesse informa\u00e7\u00f5es atualizadas sobre os melhores pontos para se refrescar no mar.<\/p>\n\n\n\n<p>Seguir as orienta\u00e7\u00f5es dos guarda-vidas \u00e9 essencial para que o prazer do passeio n\u00e3o se transforme em desespero. A principal regra para um banho seguro \u00e9 manter-se em trechos de praia protegidos por postos de guarda-vidas. Esses espa\u00e7os s\u00e3o delimitados por duas bandeiras bicolores (vermelho e amarelo) afixadas na areia. Dentro dessa \u00e1rea, ainda \u00e9 poss\u00edvel avistar outras bandeiras que indicam o qu\u00e3o perigoso est\u00e1 o mar naquele local. O verde \u00e9 sinal de seguran\u00e7a; o amarelo indica algum perigo; e o vermelho aparece quando o banhista precisa redobrar a aten\u00e7\u00e3o.<\/p>\n\n\n\n<p>Ao contr\u00e1rio do que indica a bandeira bicolor, a bandeira preta sinaliza que aquele trecho de mar n\u00e3o \u00e9 monitorado por um posto de guarda-vida fixo. Consequentemente, n\u00e3o \u00e9 um local indicado para as atividades na \u00e1gua. O balan\u00e7o apresentado nesta quinta-feira (30) informa que seis pessoas perderam a vida no Litoral dentro desse per\u00edodo. Todos estavam nessas \u00e1reas desprovidas de postos de guarda-vidas.<\/p>\n\n\n\n<p><strong>PULSEIRAS<\/strong>&nbsp;\u2013 Outra miss\u00e3o que tamb\u00e9m tem rela\u00e7\u00e3o direta com a preven\u00e7\u00e3o s\u00e3o as pulseiras de identifica\u00e7\u00e3o distribu\u00eddas pela corpora\u00e7\u00e3o para a utiliza\u00e7\u00e3o nas crian\u00e7as. Caso se percam dos pais, localiz\u00e1-las fica muito mais f\u00e1cil com a ajuda do adere\u00e7o. Os bombeiros distribu\u00edram 13.321 desses itens entre 21 de dezembro de 2024 e 29 de janeiro de 2025. Ao todo, o n\u00famero de crian\u00e7as localizadas pelos guarda-vidas e devolvidas aos pais e respons\u00e1veis foi de 578 nesse per\u00edodo, uma m\u00e9dia di\u00e1ria de 14 ocorr\u00eancias dessa natureza.<\/p>\n\n\n\n<p>O Corpo de Bombeiros Militar do Paran\u00e1 informou ainda que foram registrados 17.496 incidentes envolvendo \u00e1gua-viva no Litoral.<\/p>\n\n\n\n<p>AEN<\/p>\n","protected":false},"excerpt":{"rendered":"<p>Nos primeiros 40 dias do Ver\u00e3o Maior Paran\u00e1 no Litoral do Estado, os guarda-vidas precisaram entrar em a\u00e7\u00e3o para ajudar 847 banhistas que passavam por dificuldades dentro do mar, correndo risco de afogamento. Outras 57 pessoas tamb\u00e9m foram resgatadas, com atua\u00e7\u00e3o desses profissionais, j\u00e1 em processo de ingest\u00e3o de l\u00edquido. Isso significa que diariamente, em [&hellip;]<\/p>\n","protected":false},"author":2,"featured_media":64390,"comment_status":"open","ping_status":"open","sticky":false,"template":"","format":"standard","meta":{"advanced_seo_description":"","jetpack_seo_html_title":"","jetpack_seo_noindex":false,"_jetpack_memberships_contains_paid_content":false,"footnotes":""},"categories":[40,91],"tags":[],"class_list":{"0":"post-64389","1":"post","2":"type-post","3":"status-publish","4":"format-standard","5":"has-post-thumbnail","7":"category-destaques","8":"category-litoral"},"jetpack_featured_media_url":"https:\/\/www.paranapraia.com.br\/wp-content\/uploads\/2025\/01\/1001322604_edited-scaled.jpg","jetpack_sharing_enabled":true,"_links":{"self":[{"href":"https:\/\/www.paranapraia.com.br\/index.php\/wp-json\/wp\/v2\/posts\/64389"}],"collection":[{"href":"https:\/\/www.paranapraia.com.br\/index.php\/wp-json\/wp\/v2\/posts"}],"about":[{"href":"https:\/\/www.paranapraia.com.br\/index.php\/wp-json\/wp\/v2\/types\/post"}],"author":[{"embeddable":true,"href":"https:\/\/www.paranapraia.com.br\/index.php\/wp-json\/wp\/v2\/users\/2"}],"replies":[{"embeddable":true,"href":"https:\/\/www.paranapraia.com.br\/index.php\/wp-json\/wp\/v2\/comments?post=64389"}],"version-history":[{"count":1,"href":"https:\/\/www.paranapraia.com.br\/index.php\/wp-json\/wp\/v2\/posts\/64389\/revisions"}],"predecessor-version":[{"id":64391,"href":"https:\/\/www.paranapraia.com.br\/index.php\/wp-json\/wp\/v2\/posts\/64389\/revisions\/64391"}],"wp:featuredmedia":[{"embeddable":true,"href":"https:\/\/www.paranapraia.com.br\/index.php\/wp-json\/wp\/v2\/media\/64390"}],"wp:attachment":[{"href":"https:\/\/www.paranapraia.com.br\/index.php\/wp-json\/wp\/v2\/media?parent=64389"}],"wp:term":[{"taxonomy":"category","embeddable":true,"href":"https:\/\/www.paranapraia.com.br\/index.php\/wp-json\/wp\/v2\/categories?post=64389"},{"taxonomy":"post_tag","embeddable":true,"href":"https:\/\/www.paranapraia.com.br\/index.php\/wp-json\/wp\/v2\/tags?post=64389"}],"curies":[{"name":"wp","href":"https:\/\/api.w.org\/{rel}","templated":true}]}}