{"id":64308,"date":"2025-01-29T11:01:16","date_gmt":"2025-01-29T14:01:16","guid":{"rendered":"https:\/\/www.paranapraia.com.br\/?p=64308"},"modified":"2025-01-29T11:01:18","modified_gmt":"2025-01-29T14:01:18","slug":"deputado-federal-geraldo-mendes-visita-morretes-e-reafirma-apoio-ao-municipio","status":"publish","type":"post","link":"https:\/\/www.paranapraia.com.br\/index.php\/2025\/01\/29\/deputado-federal-geraldo-mendes-visita-morretes-e-reafirma-apoio-ao-municipio\/","title":{"rendered":"Deputado Federal, Geraldo Mendes, visita Morretes e reafirma apoio ao munic\u00edpio"},"content":{"rendered":"\n<p>Na manh\u00e3 desta ter\u00e7a-feira (28), o prefeito Junior Brindarolli, acompanhado dos secret\u00e1rios de Turismo, Gilton Dias, e de Agricultura, Gustavo Kemmer, recebeu a visita do deputado federal, Geraldo Mendes.<\/p>\n\n\n\n<figure class=\"wp-block-image size-large\"><img loading=\"lazy\" decoding=\"async\" width=\"1024\" height=\"632\" src=\"https:\/\/www.paranapraia.com.br\/wp-content\/uploads\/2025\/01\/1000288341-1024x632.jpg\" alt=\"\" class=\"wp-image-64310\" srcset=\"https:\/\/www.paranapraia.com.br\/wp-content\/uploads\/2025\/01\/1000288341-1024x632.jpg 1024w, https:\/\/www.paranapraia.com.br\/wp-content\/uploads\/2025\/01\/1000288341-300x185.jpg 300w, https:\/\/www.paranapraia.com.br\/wp-content\/uploads\/2025\/01\/1000288341-768x474.jpg 768w, https:\/\/www.paranapraia.com.br\/wp-content\/uploads\/2025\/01\/1000288341-696x430.jpg 696w, https:\/\/www.paranapraia.com.br\/wp-content\/uploads\/2025\/01\/1000288341-1068x660.jpg 1068w, https:\/\/www.paranapraia.com.br\/wp-content\/uploads\/2025\/01\/1000288341-scaled.jpg 800w\" sizes=\"(max-width: 1024px) 100vw, 1024px\" \/><\/figure>\n\n\n\n<p>Durante a visita, o deputado participou de uma reuni\u00e3o com o prefeito junto aos secret\u00e1rios, na qual reafirmou seu compromisso de contribuir para o desenvolvimento do munic\u00edpio, especialmente com recursos destinados ao turismo, \u00e0 educa\u00e7\u00e3o e \u00e0 infraestrutura.<\/p>\n\n\n\n<p>Na ocasi\u00e3o, foi apresentado o cat\u00e1logo municipal de eventos, e o deputado se comprometeu a auxiliar na capta\u00e7\u00e3o de recursos e a apoiar a participa\u00e7\u00e3o de artistas nacionais em algumas das iniciativas culturais.<\/p>\n\n\n\n<p>Al\u00e9m disso, Geraldo Mendes aproveitou para conhecer os principais pontos tur\u00edsticos da cidade, como a Ponte Velha e a Rua das Flores, e experimentou o tradicional barreado.<\/p>\n\n\n\n<p>\u201cNosso objetivo \u00e9 colocar a cidade cada vez mais no mapa do turismo nacional, e essa parceria com a gest\u00e3o municipal \u00e9 fundamental para alcan\u00e7armos esse objetivo\u201d, destacou Geraldo Mendes.<\/p>\n\n\n\n<p>\u201cReceber o deputado e discutir melhorias para Morretes nos traz muita alegria. Essa sinergia com o governo federal e seus representantes \u00e9 de extrema import\u00e2ncia para o progresso do munic\u00edpio\u201d, concluiu o prefeito Junior Brindarolli.<\/p>\n\n\n\n<p>Assessoria<\/p>\n","protected":false},"excerpt":{"rendered":"<p>Na manh\u00e3 desta ter\u00e7a-feira (28), o prefeito Junior Brindarolli, acompanhado dos secret\u00e1rios de Turismo, Gilton Dias, e de Agricultura, Gustavo Kemmer, recebeu a visita do deputado federal, Geraldo Mendes. Durante a visita, o deputado participou de uma reuni\u00e3o com o prefeito junto aos secret\u00e1rios, na qual reafirmou seu compromisso de contribuir para o desenvolvimento do [&hellip;]<\/p>\n","protected":false},"author":2,"featured_media":64309,"comment_status":"open","ping_status":"open","sticky":false,"template":"","format":"standard","meta":{"advanced_seo_description":"","jetpack_seo_html_title":"","jetpack_seo_noindex":false,"_jetpack_memberships_contains_paid_content":false,"footnotes":""},"categories":[125],"tags":[729],"class_list":{"0":"post-64308","1":"post","2":"type-post","3":"status-publish","4":"format-standard","5":"has-post-thumbnail","7":"category-morretes","8":"tag-morretes"},"jetpack_featured_media_url":"https:\/\/www.paranapraia.com.br\/wp-content\/uploads\/2025\/01\/IMG-20250129-WA0002-scaled.jpg","jetpack_sharing_enabled":true,"_links":{"self":[{"href":"https:\/\/www.paranapraia.com.br\/index.php\/wp-json\/wp\/v2\/posts\/64308"}],"collection":[{"href":"https:\/\/www.paranapraia.com.br\/index.php\/wp-json\/wp\/v2\/posts"}],"about":[{"href":"https:\/\/www.paranapraia.com.br\/index.php\/wp-json\/wp\/v2\/types\/post"}],"author":[{"embeddable":true,"href":"https:\/\/www.paranapraia.com.br\/index.php\/wp-json\/wp\/v2\/users\/2"}],"replies":[{"embeddable":true,"href":"https:\/\/www.paranapraia.com.br\/index.php\/wp-json\/wp\/v2\/comments?post=64308"}],"version-history":[{"count":1,"href":"https:\/\/www.paranapraia.com.br\/index.php\/wp-json\/wp\/v2\/posts\/64308\/revisions"}],"predecessor-version":[{"id":64311,"href":"https:\/\/www.paranapraia.com.br\/index.php\/wp-json\/wp\/v2\/posts\/64308\/revisions\/64311"}],"wp:featuredmedia":[{"embeddable":true,"href":"https:\/\/www.paranapraia.com.br\/index.php\/wp-json\/wp\/v2\/media\/64309"}],"wp:attachment":[{"href":"https:\/\/www.paranapraia.com.br\/index.php\/wp-json\/wp\/v2\/media?parent=64308"}],"wp:term":[{"taxonomy":"category","embeddable":true,"href":"https:\/\/www.paranapraia.com.br\/index.php\/wp-json\/wp\/v2\/categories?post=64308"},{"taxonomy":"post_tag","embeddable":true,"href":"https:\/\/www.paranapraia.com.br\/index.php\/wp-json\/wp\/v2\/tags?post=64308"}],"curies":[{"name":"wp","href":"https:\/\/api.w.org\/{rel}","templated":true}]}}