{"id":64305,"date":"2025-01-29T10:31:30","date_gmt":"2025-01-29T13:31:30","guid":{"rendered":"https:\/\/www.paranapraia.com.br\/?p=64305"},"modified":"2025-01-29T10:31:32","modified_gmt":"2025-01-29T13:31:32","slug":"visita-tecnica-da-secretaria-de-cultura-do-parana-e-o-primeiro-passo-para-restauro-do-casario-no-centro-historico-de-paranagua","status":"publish","type":"post","link":"https:\/\/www.paranapraia.com.br\/index.php\/2025\/01\/29\/visita-tecnica-da-secretaria-de-cultura-do-parana-e-o-primeiro-passo-para-restauro-do-casario-no-centro-historico-de-paranagua\/","title":{"rendered":"Visita t\u00e9cnica da secret\u00e1ria de Cultura do Paran\u00e1 \u00e9 o primeiro passo para restauro do casario no centro hist\u00f3rico de Paranagu\u00e1"},"content":{"rendered":"\n<p>A vice-prefeita de Paranagu\u00e1, Fabiana Parro, e o secret\u00e1rio municipal de Cultura e Turismo, Ivan Lapolli Filho, representaram o governo municipal e recepcionaram a secretaria estadual de Cultura do Paran\u00e1, Luciana Casagrande Pereira, durante visita ao centro hist\u00f3rico na tarde desta ter\u00e7a (28) para tratar de investimentos do Governo do Estado e de parcerias com a iniciativa privada visando o restauro de im\u00f3veis de propriedade do Estado e do casario hist\u00f3rico da cidade mais antiga e primeira capital do Paran\u00e1.<\/p>\n\n\n\n<p>Luciana Casagrande Pereira e t\u00e9cnicos da secretaria de estado da Cultura se reuniram na Casa Elfrida Lobo e realizaram visitas t\u00e9cnicas \u00e0 Casa Dacheux (na ladeira da Catedral) ao Palacete Mathias Bohn (na Rua da Praia), e tamb\u00e9m acordaram uma poss\u00edvel parceria com a empresa Klabin, que pode patrocinar o restauro do Pal\u00e1cio Visconde de N\u00e1car, atualmente em prec\u00e1rias condi\u00e7\u00f5es de conserva\u00e7\u00e3o.<\/p>\n\n\n\n<p>Ficou acertado que as pr\u00f3ximas etapas devem ser a apresenta\u00e7\u00e3o de projetos pela Secultur, o detalhamento dos investimentos estaduais e a confirma\u00e7\u00e3o da Klabin em apoiar os restauros. Em nome do governador Carlos Massa Ratinho Junior, a secret\u00e1ria colocou o estado \u00e0 disposi\u00e7\u00e3o inclusive para receber projetos de conserva\u00e7\u00e3o permanente e intermediar negocia\u00e7\u00f5es junto ao Iphan (Instituto do Patrim\u00f4nio Hist\u00f3rico e Art\u00edstico Nacional). Fabiana Parro avalia que a secret\u00e1ria compreendeu a import\u00e2ncia de viabilizar o restauro e a conserva\u00e7\u00e3o do casario parnanguara, o que deve contribuir para o resgate da autoestima da cidade e da admira\u00e7\u00e3o da popula\u00e7\u00e3o pela hist\u00f3ria do Paran\u00e1 que come\u00e7ou em Paranagu\u00e1.<\/p>\n\n\n\n<p>&#8220;Tenho certeza que o trabalho vai come\u00e7ar e n\u00f3s vamos fazer uma Paranagu\u00e1 para todos, como o nosso prefeito Adriano sempre fala e \u00e9 isso que a gente est\u00e1 buscando&#8221;, diz a vice-prefeita.<\/p>\n\n\n\n<p>O secret\u00e1rio Ivan Lapolli destacou a boa vontade da secret\u00e1ria em visitar Paranagu\u00e1 e abrir portas para capta\u00e7\u00e3o de recursos pra revitaliza\u00e7\u00e3o do patrim\u00f4nio hist\u00f3rico. &#8220;Vamos surpreender com a entrega r\u00e1pida dos projetos e avan\u00e7ar para as pr\u00f3ximas etapas na recupera\u00e7\u00e3o desses bens p\u00fablicos&#8221;, afirma o secret\u00e1rio.<br>Luciana Casagrande disse que sentiu que todos na equipe do prefeito Adriano Ramos demonstram muita vontade em realizar a recupera\u00e7\u00e3o do casario e que pretende agendar reuni\u00e3o com diretores da Klabin para viabilizar recursos. &#8220;E tamb\u00e9m uma reuni\u00e3o com o IPHAN porque \u00e9 importante que o Estado, o munic\u00edpio e o Governo Federal estejam todos olhando para o mesmo objetivo&#8221;, avalia a secret\u00e1ria.<\/p>\n\n\n\n<p>Ap\u00f3s as visitas, o grupo se reuniu novamente na Casa Elfrida Lobo para alinhar as pr\u00f3ximas a\u00e7\u00f5es e dar celeridade ao encaminhamento dos projetos.<\/p>\n\n\n\n<p>Assessoria<\/p>\n","protected":false},"excerpt":{"rendered":"<p>A vice-prefeita de Paranagu\u00e1, Fabiana Parro, e o secret\u00e1rio municipal de Cultura e Turismo, Ivan Lapolli Filho, representaram o governo municipal e recepcionaram a secretaria estadual de Cultura do Paran\u00e1, Luciana Casagrande Pereira, durante visita ao centro hist\u00f3rico na tarde desta ter\u00e7a (28) para tratar de investimentos do Governo do Estado e de parcerias com [&hellip;]<\/p>\n","protected":false},"author":2,"featured_media":64306,"comment_status":"open","ping_status":"open","sticky":false,"template":"","format":"standard","meta":{"advanced_seo_description":"","jetpack_seo_html_title":"","jetpack_seo_noindex":false,"_jetpack_memberships_contains_paid_content":false,"footnotes":""},"categories":[40,77],"tags":[],"class_list":{"0":"post-64305","1":"post","2":"type-post","3":"status-publish","4":"format-standard","5":"has-post-thumbnail","7":"category-destaques","8":"category-paranagua"},"jetpack_featured_media_url":"https:\/\/www.paranapraia.com.br\/wp-content\/uploads\/2025\/01\/thumb-66-scaled.jpeg","jetpack_sharing_enabled":true,"_links":{"self":[{"href":"https:\/\/www.paranapraia.com.br\/index.php\/wp-json\/wp\/v2\/posts\/64305"}],"collection":[{"href":"https:\/\/www.paranapraia.com.br\/index.php\/wp-json\/wp\/v2\/posts"}],"about":[{"href":"https:\/\/www.paranapraia.com.br\/index.php\/wp-json\/wp\/v2\/types\/post"}],"author":[{"embeddable":true,"href":"https:\/\/www.paranapraia.com.br\/index.php\/wp-json\/wp\/v2\/users\/2"}],"replies":[{"embeddable":true,"href":"https:\/\/www.paranapraia.com.br\/index.php\/wp-json\/wp\/v2\/comments?post=64305"}],"version-history":[{"count":1,"href":"https:\/\/www.paranapraia.com.br\/index.php\/wp-json\/wp\/v2\/posts\/64305\/revisions"}],"predecessor-version":[{"id":64307,"href":"https:\/\/www.paranapraia.com.br\/index.php\/wp-json\/wp\/v2\/posts\/64305\/revisions\/64307"}],"wp:featuredmedia":[{"embeddable":true,"href":"https:\/\/www.paranapraia.com.br\/index.php\/wp-json\/wp\/v2\/media\/64306"}],"wp:attachment":[{"href":"https:\/\/www.paranapraia.com.br\/index.php\/wp-json\/wp\/v2\/media?parent=64305"}],"wp:term":[{"taxonomy":"category","embeddable":true,"href":"https:\/\/www.paranapraia.com.br\/index.php\/wp-json\/wp\/v2\/categories?post=64305"},{"taxonomy":"post_tag","embeddable":true,"href":"https:\/\/www.paranapraia.com.br\/index.php\/wp-json\/wp\/v2\/tags?post=64305"}],"curies":[{"name":"wp","href":"https:\/\/api.w.org\/{rel}","templated":true}]}}