{"id":64303,"date":"2025-01-29T10:29:16","date_gmt":"2025-01-29T13:29:16","guid":{"rendered":"https:\/\/www.paranapraia.com.br\/?p=64303"},"modified":"2025-01-29T10:29:19","modified_gmt":"2025-01-29T13:29:19","slug":"aumento-de-queimaduras-por-aguas-vivas-no-litoral-do-parana-preocupa-autoridades-e-banhistas","status":"publish","type":"post","link":"https:\/\/www.paranapraia.com.br\/index.php\/2025\/01\/29\/aumento-de-queimaduras-por-aguas-vivas-no-litoral-do-parana-preocupa-autoridades-e-banhistas\/","title":{"rendered":"Aumento de queimaduras por \u00e1guas-vivas no litoral do Paran\u00e1 preocupa autoridades e banhistas"},"content":{"rendered":"\n<p>O ver\u00e3o no litoral do Paran\u00e1 tem sido marcado por um n\u00famero alarmante de ocorr\u00eancias de queimaduras causadas por \u00e1guas-vivas e caravelas. Entre os dias 14 de dezembro de 2024 e 28 de janeiro de 2025, foram registrados 17.634 atendimentos m\u00e9dicos relacionados a esses incidentes, conforme dados divulgados pelos servi\u00e7os de resgate e sa\u00fade da regi\u00e3o.<\/p>\n\n\n\n<p>Esse aumento expressivo preocupa especialistas e banhistas, especialmente porque a presen\u00e7a dessas esp\u00e9cies marinhas tende a crescer em per\u00edodos de calor intenso e mar\u00e9 favor\u00e1vel \u00e0 sua prolifera\u00e7\u00e3o. A combina\u00e7\u00e3o de correntes mar\u00edtimas, aumento da temperatura da \u00e1gua e fatores clim\u00e1ticos como ventos e chuvas influencia diretamente no deslocamento desses organismos, que acabam se aproximando da costa em grandes quantidades.<\/p>\n\n\n\n<p>As \u00e1guas-vivas e caravelas possuem tent\u00e1culos que liberam toxinas ao entrarem em contato com a pele humana, causando ard\u00eancia, dor intensa e, em alguns casos, rea\u00e7\u00f5es al\u00e9rgicas graves. Os sintomas variam conforme a sensibilidade da v\u00edtima e a esp\u00e9cie envolvida, mas podem incluir incha\u00e7o, vermelhid\u00e3o, bolhas e at\u00e9 dificuldades respirat\u00f3rias em situa\u00e7\u00f5es extremas.<\/p>\n\n\n\n<p>Diante desse cen\u00e1rio, os postos de sa\u00fade e os servi\u00e7os de resgate est\u00e3o em alerta para atender \u00e0s v\u00edtimas com rapidez. Profissionais da \u00e1rea recomendam que, em caso de queimadura, a pessoa n\u00e3o esfregue a regi\u00e3o afetada, n\u00e3o utilize \u00e1gua doce e evite o contato direto com os tent\u00e1culos remanescentes na pele. O procedimento ideal \u00e9 lavar a \u00e1rea com \u00e1gua do mar e buscar assist\u00eancia m\u00e9dica caso a dor persista ou haja sinais de rea\u00e7\u00e3o severa.<\/p>\n\n\n\n<p>Os bombeiros e guarda-vidas intensificaram a orienta\u00e7\u00e3o aos banhistas, alertando sobre os riscos e a import\u00e2ncia de respeitar as sinaliza\u00e7\u00f5es nas praias. Em alguns trechos do litoral paranaense, inclusive, a presen\u00e7a dessas esp\u00e9cies foi t\u00e3o expressiva que motivou interdi\u00e7\u00f5es tempor\u00e1rias para garantir a seguran\u00e7a dos turistas e moradores locais.<\/p>\n\n\n\n<p>Especialistas refor\u00e7am que a melhor forma de evitar queimaduras \u00e9 estar atento aos avisos e evitar entrar na \u00e1gua em locais onde h\u00e1 registros frequentes desses organismos. Al\u00e9m disso, o uso de roupas de prote\u00e7\u00e3o, como camisetas de manga longa e trajes de neoprene, pode ajudar a minimizar o risco de contato.<\/p>\n\n\n\n<p>As autoridades seguem monitorando a situa\u00e7\u00e3o e recomendam que, em caso de acidente, os banhistas procurem atendimento m\u00e9dico imediatamente. A conscientiza\u00e7\u00e3o e a preven\u00e7\u00e3o s\u00e3o fundamentais para reduzir o impacto desses incidentes e garantir um ver\u00e3o mais seguro para todos que frequentam as praias do Paran\u00e1.<\/p>\n\n\n\n<p>Reda\u00e7\u00e3o <\/p>\n","protected":false},"excerpt":{"rendered":"<p>O ver\u00e3o no litoral do Paran\u00e1 tem sido marcado por um n\u00famero alarmante de ocorr\u00eancias de queimaduras causadas por \u00e1guas-vivas e caravelas. Entre os dias 14 de dezembro de 2024 e 28 de janeiro de 2025, foram registrados 17.634 atendimentos m\u00e9dicos relacionados a esses incidentes, conforme dados divulgados pelos servi\u00e7os de resgate e sa\u00fade da [&hellip;]<\/p>\n","protected":false},"author":2,"featured_media":24781,"comment_status":"open","ping_status":"open","sticky":false,"template":"","format":"standard","meta":{"advanced_seo_description":"","jetpack_seo_html_title":"","jetpack_seo_noindex":false,"_jetpack_memberships_contains_paid_content":false,"footnotes":""},"categories":[40,99,88,65],"tags":[],"class_list":{"0":"post-64303","1":"post","2":"type-post","3":"status-publish","4":"format-standard","5":"has-post-thumbnail","7":"category-destaques","8":"category-guaratuba","9":"category-matinhos","10":"category-pontal-do-parana"},"jetpack_featured_media_url":"https:\/\/www.paranapraia.com.br\/wp-content\/uploads\/2020\/01\/6yf4hxa2t1_1eber5dbc6_file.jpeg","jetpack_sharing_enabled":true,"_links":{"self":[{"href":"https:\/\/www.paranapraia.com.br\/index.php\/wp-json\/wp\/v2\/posts\/64303"}],"collection":[{"href":"https:\/\/www.paranapraia.com.br\/index.php\/wp-json\/wp\/v2\/posts"}],"about":[{"href":"https:\/\/www.paranapraia.com.br\/index.php\/wp-json\/wp\/v2\/types\/post"}],"author":[{"embeddable":true,"href":"https:\/\/www.paranapraia.com.br\/index.php\/wp-json\/wp\/v2\/users\/2"}],"replies":[{"embeddable":true,"href":"https:\/\/www.paranapraia.com.br\/index.php\/wp-json\/wp\/v2\/comments?post=64303"}],"version-history":[{"count":1,"href":"https:\/\/www.paranapraia.com.br\/index.php\/wp-json\/wp\/v2\/posts\/64303\/revisions"}],"predecessor-version":[{"id":64304,"href":"https:\/\/www.paranapraia.com.br\/index.php\/wp-json\/wp\/v2\/posts\/64303\/revisions\/64304"}],"wp:featuredmedia":[{"embeddable":true,"href":"https:\/\/www.paranapraia.com.br\/index.php\/wp-json\/wp\/v2\/media\/24781"}],"wp:attachment":[{"href":"https:\/\/www.paranapraia.com.br\/index.php\/wp-json\/wp\/v2\/media?parent=64303"}],"wp:term":[{"taxonomy":"category","embeddable":true,"href":"https:\/\/www.paranapraia.com.br\/index.php\/wp-json\/wp\/v2\/categories?post=64303"},{"taxonomy":"post_tag","embeddable":true,"href":"https:\/\/www.paranapraia.com.br\/index.php\/wp-json\/wp\/v2\/tags?post=64303"}],"curies":[{"name":"wp","href":"https:\/\/api.w.org\/{rel}","templated":true}]}}