{"id":64297,"date":"2025-01-28T12:31:36","date_gmt":"2025-01-28T15:31:36","guid":{"rendered":"https:\/\/www.paranapraia.com.br\/?p=64297"},"modified":"2025-01-28T12:31:38","modified_gmt":"2025-01-28T15:31:38","slug":"engavetamento-na-rodovia-pr-407-vitima-fica-presa-nas-ferragens-mas-esta-bem","status":"publish","type":"post","link":"https:\/\/www.paranapraia.com.br\/index.php\/2025\/01\/28\/engavetamento-na-rodovia-pr-407-vitima-fica-presa-nas-ferragens-mas-esta-bem\/","title":{"rendered":"Engavetamento na Rodovia PR-407 v\u00edtima fica presa nas ferragens, mas est\u00e1 bem"},"content":{"rendered":"\n<p>Na manh\u00e3 desta ter\u00e7a-feira, um engavetamento envolvendo cinco ve\u00edculos causou transtornos na rodovia PR-407, principal liga\u00e7\u00e3o entre a BR-277 e o litoral do Paran\u00e1. O acidente ocorreu no quil\u00f4metro 17, pr\u00f3ximo ao acesso \u00e0 cidade de Pontal do Paran\u00e1, e envolveu dois caminh\u00f5es, duas camionetes e um ve\u00edculo da concession\u00e1ria EPR, respons\u00e1vel pela administra\u00e7\u00e3o da rodovia.<\/p>\n\n\n\n<figure class=\"wp-block-image size-large\"><img loading=\"lazy\" decoding=\"async\" width=\"576\" height=\"1024\" src=\"https:\/\/www.paranapraia.com.br\/wp-content\/uploads\/2025\/01\/IMG-20250128-WA0062-576x1024.jpg\" alt=\"\" class=\"wp-image-64299\" srcset=\"https:\/\/www.paranapraia.com.br\/wp-content\/uploads\/2025\/01\/IMG-20250128-WA0062-576x1024.jpg 576w, https:\/\/www.paranapraia.com.br\/wp-content\/uploads\/2025\/01\/IMG-20250128-WA0062-169x300.jpg 169w, https:\/\/www.paranapraia.com.br\/wp-content\/uploads\/2025\/01\/IMG-20250128-WA0062-768x1366.jpg 768w, https:\/\/www.paranapraia.com.br\/wp-content\/uploads\/2025\/01\/IMG-20250128-WA0062-864x1536.jpg 864w, https:\/\/www.paranapraia.com.br\/wp-content\/uploads\/2025\/01\/IMG-20250128-WA0062-696x1238.jpg 696w, https:\/\/www.paranapraia.com.br\/wp-content\/uploads\/2025\/01\/IMG-20250128-WA0062-scaled.jpg 450w\" sizes=\"(max-width: 576px) 100vw, 576px\" \/><\/figure>\n\n\n\n<p>De acordo com informa\u00e7\u00f5es preliminares, o caminh\u00e3o ba\u00fa foi o mais atingido, apresentando danos severos na estrutura dianteira e lateral. Os demais ve\u00edculos sofreram apenas danos leves. Apesar da gravidade do cen\u00e1rio, apenas uma pessoa foi ferida no acidente. A v\u00edtima, que estava no caminh\u00e3o ba\u00fa, ficou presa \u00e0s ferragens e foi resgatada pela equipe da Alpha Samu, que realizou o atendimento no local. Segundo os socorristas, a v\u00edtima apresentava ferimentos leves e foi encaminhada para avalia\u00e7\u00e3o m\u00e9dica.<\/p>\n\n\n\n<figure class=\"wp-block-image size-large\"><img loading=\"lazy\" decoding=\"async\" width=\"576\" height=\"1024\" src=\"https:\/\/www.paranapraia.com.br\/wp-content\/uploads\/2025\/01\/IMG-20250128-WA0064-576x1024.jpg\" alt=\"\" class=\"wp-image-64300\" srcset=\"https:\/\/www.paranapraia.com.br\/wp-content\/uploads\/2025\/01\/IMG-20250128-WA0064-576x1024.jpg 576w, https:\/\/www.paranapraia.com.br\/wp-content\/uploads\/2025\/01\/IMG-20250128-WA0064-169x300.jpg 169w, https:\/\/www.paranapraia.com.br\/wp-content\/uploads\/2025\/01\/IMG-20250128-WA0064-768x1366.jpg 768w, https:\/\/www.paranapraia.com.br\/wp-content\/uploads\/2025\/01\/IMG-20250128-WA0064-864x1536.jpg 864w, https:\/\/www.paranapraia.com.br\/wp-content\/uploads\/2025\/01\/IMG-20250128-WA0064-696x1238.jpg 696w, https:\/\/www.paranapraia.com.br\/wp-content\/uploads\/2025\/01\/IMG-20250128-WA0064-scaled.jpg 450w\" sizes=\"(max-width: 576px) 100vw, 576px\" \/><\/figure>\n\n\n\n<p>O engavetamento causou congestionamento de cerca de tr\u00eas quil\u00f4metros nos dois sentidos da rodovia, enquanto equipes da concession\u00e1ria EPR e da Pol\u00edcia Rodovi\u00e1ria Estadual (PRE) atuavam na remo\u00e7\u00e3o dos ve\u00edculos e na sinaliza\u00e7\u00e3o do local para evitar novos incidentes. A lentid\u00e3o no tr\u00e1fego foi normalizada no in\u00edcio da tarde.<\/p>\n\n\n\n<p>Ainda n\u00e3o se sabe ao certo o que causou o engavetamento, mas testemunhas relataram que a chuva fina e a pista escorregadia podem ter contribu\u00eddo para o acidente. Um dos motoristas envolvidos mencionou que o ve\u00edculo \u00e0 frente freou bruscamente, desencadeando o engavetamento.<\/p>\n\n\n\n<p>A Pol\u00edcia Rodovi\u00e1ria Estadual segue investigando as circunst\u00e2ncias do acidente, enquanto a concession\u00e1ria EPR refor\u00e7ou a necessidade de aten\u00e7\u00e3o redobrada dos motoristas nas condi\u00e7\u00f5es clim\u00e1ticas adversas. O incidente serve como alerta para os perigos nas rodovias, especialmente em trechos movimentados como a PR-407.<\/p>\n\n\n\n<p>Reda\u00e7\u00e3o<\/p>\n","protected":false},"excerpt":{"rendered":"<p>Na manh\u00e3 desta ter\u00e7a-feira, um engavetamento envolvendo cinco ve\u00edculos causou transtornos na rodovia PR-407, principal liga\u00e7\u00e3o entre a BR-277 e o litoral do Paran\u00e1. O acidente ocorreu no quil\u00f4metro 17, pr\u00f3ximo ao acesso \u00e0 cidade de Pontal do Paran\u00e1, e envolveu dois caminh\u00f5es, duas camionetes e um ve\u00edculo da concession\u00e1ria EPR, respons\u00e1vel pela administra\u00e7\u00e3o da [&hellip;]<\/p>\n","protected":false},"author":2,"featured_media":64298,"comment_status":"open","ping_status":"open","sticky":false,"template":"","format":"standard","meta":{"advanced_seo_description":"","jetpack_seo_html_title":"","jetpack_seo_noindex":false,"_jetpack_memberships_contains_paid_content":false,"footnotes":""},"categories":[40,65],"tags":[],"class_list":{"0":"post-64297","1":"post","2":"type-post","3":"status-publish","4":"format-standard","5":"has-post-thumbnail","7":"category-destaques","8":"category-pontal-do-parana"},"jetpack_featured_media_url":"https:\/\/www.paranapraia.com.br\/wp-content\/uploads\/2025\/01\/IMG-20250128-WA0063-scaled.jpg","jetpack_sharing_enabled":true,"_links":{"self":[{"href":"https:\/\/www.paranapraia.com.br\/index.php\/wp-json\/wp\/v2\/posts\/64297"}],"collection":[{"href":"https:\/\/www.paranapraia.com.br\/index.php\/wp-json\/wp\/v2\/posts"}],"about":[{"href":"https:\/\/www.paranapraia.com.br\/index.php\/wp-json\/wp\/v2\/types\/post"}],"author":[{"embeddable":true,"href":"https:\/\/www.paranapraia.com.br\/index.php\/wp-json\/wp\/v2\/users\/2"}],"replies":[{"embeddable":true,"href":"https:\/\/www.paranapraia.com.br\/index.php\/wp-json\/wp\/v2\/comments?post=64297"}],"version-history":[{"count":1,"href":"https:\/\/www.paranapraia.com.br\/index.php\/wp-json\/wp\/v2\/posts\/64297\/revisions"}],"predecessor-version":[{"id":64301,"href":"https:\/\/www.paranapraia.com.br\/index.php\/wp-json\/wp\/v2\/posts\/64297\/revisions\/64301"}],"wp:featuredmedia":[{"embeddable":true,"href":"https:\/\/www.paranapraia.com.br\/index.php\/wp-json\/wp\/v2\/media\/64298"}],"wp:attachment":[{"href":"https:\/\/www.paranapraia.com.br\/index.php\/wp-json\/wp\/v2\/media?parent=64297"}],"wp:term":[{"taxonomy":"category","embeddable":true,"href":"https:\/\/www.paranapraia.com.br\/index.php\/wp-json\/wp\/v2\/categories?post=64297"},{"taxonomy":"post_tag","embeddable":true,"href":"https:\/\/www.paranapraia.com.br\/index.php\/wp-json\/wp\/v2\/tags?post=64297"}],"curies":[{"name":"wp","href":"https:\/\/api.w.org\/{rel}","templated":true}]}}