{"id":64280,"date":"2025-01-27T18:41:48","date_gmt":"2025-01-27T21:41:48","guid":{"rendered":"https:\/\/www.paranapraia.com.br\/?p=64280"},"modified":"2025-01-27T18:41:51","modified_gmt":"2025-01-27T21:41:51","slug":"prefeitura-de-paranagua-anuncia-o-projeto-do-novo-mercado-do-peixe","status":"publish","type":"post","link":"https:\/\/www.paranapraia.com.br\/index.php\/2025\/01\/27\/prefeitura-de-paranagua-anuncia-o-projeto-do-novo-mercado-do-peixe\/","title":{"rendered":"Prefeitura de Paranagu\u00e1 anuncia o projeto do novo Mercado do Peixe"},"content":{"rendered":"\n<p>Na oportunidade, o prefeito Adriano Ramos e a vice Fabiana Parro estiverem reunidos com o presidente do Instituto \u00c1gua e Terra (IAT), Jos\u00e9 Luiz Scroccaro, a deputada estadual Fl\u00e1via Francischini, o ex-deputado federal Fernando Francischini, o vereador Halleson Stieglitz, os secret\u00e1rios municipais: de Servi\u00e7os Urbanos, Chris Rosa; de Aquicultura e Pesca, M\u00e1rcio Vega; de Governo, Thiago Campos e permission\u00e1rios do mercado.<\/p>\n\n\n\n<figure class=\"wp-block-image size-full\"><img loading=\"lazy\" decoding=\"async\" width=\"800\" height=\"499\" src=\"https:\/\/www.paranapraia.com.br\/wp-content\/uploads\/2025\/01\/1000286669-scaled.jpg\" alt=\"\" class=\"wp-image-64282\" srcset=\"https:\/\/www.paranapraia.com.br\/wp-content\/uploads\/2025\/01\/1000286669-scaled.jpg 800w, https:\/\/www.paranapraia.com.br\/wp-content\/uploads\/2025\/01\/1000286669-300x187.jpg 300w, https:\/\/www.paranapraia.com.br\/wp-content\/uploads\/2025\/01\/1000286669-768x479.jpg 768w, https:\/\/www.paranapraia.com.br\/wp-content\/uploads\/2025\/01\/1000286669-696x434.jpg 696w\" sizes=\"(max-width: 800px) 100vw, 800px\" \/><\/figure>\n\n\n\n<p>&#8220;A nossa gest\u00e3o sempre vai ouvir as pessoas e, pela primeira vez, os permission\u00e1rios foram ouvidos, n\u00e3o somente pela Prefeitura, mas pela deputada Fl\u00e1via Francischini representando o governador Ratinho J\u00fanior, pelo Scroccaro presidente do IAT e por todos os envolvidos, que estiveram juntos hoje para tomar essa decis\u00e3o. Essa \u00e9 uma obra importante e necess\u00e1ria, n\u00e3o podemos perder essa oportunidade de oferecer a eles um local digno, limpo e organizado para trabalharem e para que a popula\u00e7\u00e3o e turistas tamb\u00e9m possam frequentar&#8221;, considera o prefeito de Paranagu\u00e1, Adriano Ramos.<\/p>\n\n\n\n<figure class=\"wp-block-image size-full\"><img loading=\"lazy\" decoding=\"async\" width=\"800\" height=\"499\" src=\"https:\/\/www.paranapraia.com.br\/wp-content\/uploads\/2025\/01\/1000286670-scaled.jpg\" alt=\"\" class=\"wp-image-64283\" srcset=\"https:\/\/www.paranapraia.com.br\/wp-content\/uploads\/2025\/01\/1000286670-scaled.jpg 800w, https:\/\/www.paranapraia.com.br\/wp-content\/uploads\/2025\/01\/1000286670-300x187.jpg 300w, https:\/\/www.paranapraia.com.br\/wp-content\/uploads\/2025\/01\/1000286670-768x479.jpg 768w, https:\/\/www.paranapraia.com.br\/wp-content\/uploads\/2025\/01\/1000286670-696x434.jpg 696w\" sizes=\"(max-width: 800px) 100vw, 800px\" \/><\/figure>\n\n\n\n<p>&#8220;Hoje apresentamos o projeto do novo Mercado do Peixe. Atualmente, o espa\u00e7o que \u00e9 utilizado n\u00e3o tem estrutura nenhuma. Com o novo pr\u00e9dio, os permission\u00e1rios e clientes v\u00e3o conseguir trabalhar com dignidade, contando com toda infraestrutura necess\u00e1ria&#8221;, explica a secret\u00e1ria de Servi\u00e7os Urbanos, Chris Rosa.<\/p>\n\n\n\n<p>&#8220;Os permission\u00e1rios, os moradores de Paranagu\u00e1 e os turistas ser\u00e3o presenteados com essa obra&#8221;, destaca Scroccaro.<\/p>\n\n\n\n<p>&#8220;Recebi uma liga\u00e7\u00e3o em janeiro para que viabiliz\u00e1ssemos recursos para tirar essa obra que est\u00e1 no papel h\u00e1 mais de 8 anos. Diante disso, fizemos contato com a Casa Civil e com o governador Ratinho J\u00fanior e conseguimos 8 milh\u00f5es de reais em recursos. Nossa inten\u00e7\u00e3o \u00e9 finalizar esse novo mercado o mais r\u00e1pido poss\u00edvel&#8221;, explica a deputada Fl\u00e1via Francischini.<\/p>\n\n\n\n<p>Erivaldo Maia \u00e9 permission\u00e1rio do mercado h\u00e1 mais de 30 anos e saiu satisfeito da reuni\u00e3o. &#8220;A nossa expectativa \u00e9 muito boa, um pr\u00e9dio novo, pois o antigo est\u00e1 saturado. Ser\u00e1 uma excelente oportunidade para todos n\u00f3s&#8221;, disse ele.<\/p>\n\n\n\n<p>Assessoria <\/p>\n","protected":false},"excerpt":{"rendered":"<p>Na oportunidade, o prefeito Adriano Ramos e a vice Fabiana Parro estiverem reunidos com o presidente do Instituto \u00c1gua e Terra (IAT), Jos\u00e9 Luiz Scroccaro, a deputada estadual Fl\u00e1via Francischini, o ex-deputado federal Fernando Francischini, o vereador Halleson Stieglitz, os secret\u00e1rios municipais: de Servi\u00e7os Urbanos, Chris Rosa; de Aquicultura e Pesca, M\u00e1rcio Vega; de Governo, [&hellip;]<\/p>\n","protected":false},"author":2,"featured_media":64281,"comment_status":"open","ping_status":"open","sticky":false,"template":"","format":"standard","meta":{"advanced_seo_description":"","jetpack_seo_html_title":"","jetpack_seo_noindex":false,"_jetpack_memberships_contains_paid_content":false,"footnotes":""},"categories":[40,77],"tags":[],"class_list":{"0":"post-64280","1":"post","2":"type-post","3":"status-publish","4":"format-standard","5":"has-post-thumbnail","7":"category-destaques","8":"category-paranagua"},"jetpack_featured_media_url":"https:\/\/www.paranapraia.com.br\/wp-content\/uploads\/2025\/01\/thumb-65-scaled.jpeg","jetpack_sharing_enabled":true,"_links":{"self":[{"href":"https:\/\/www.paranapraia.com.br\/index.php\/wp-json\/wp\/v2\/posts\/64280"}],"collection":[{"href":"https:\/\/www.paranapraia.com.br\/index.php\/wp-json\/wp\/v2\/posts"}],"about":[{"href":"https:\/\/www.paranapraia.com.br\/index.php\/wp-json\/wp\/v2\/types\/post"}],"author":[{"embeddable":true,"href":"https:\/\/www.paranapraia.com.br\/index.php\/wp-json\/wp\/v2\/users\/2"}],"replies":[{"embeddable":true,"href":"https:\/\/www.paranapraia.com.br\/index.php\/wp-json\/wp\/v2\/comments?post=64280"}],"version-history":[{"count":1,"href":"https:\/\/www.paranapraia.com.br\/index.php\/wp-json\/wp\/v2\/posts\/64280\/revisions"}],"predecessor-version":[{"id":64284,"href":"https:\/\/www.paranapraia.com.br\/index.php\/wp-json\/wp\/v2\/posts\/64280\/revisions\/64284"}],"wp:featuredmedia":[{"embeddable":true,"href":"https:\/\/www.paranapraia.com.br\/index.php\/wp-json\/wp\/v2\/media\/64281"}],"wp:attachment":[{"href":"https:\/\/www.paranapraia.com.br\/index.php\/wp-json\/wp\/v2\/media?parent=64280"}],"wp:term":[{"taxonomy":"category","embeddable":true,"href":"https:\/\/www.paranapraia.com.br\/index.php\/wp-json\/wp\/v2\/categories?post=64280"},{"taxonomy":"post_tag","embeddable":true,"href":"https:\/\/www.paranapraia.com.br\/index.php\/wp-json\/wp\/v2\/tags?post=64280"}],"curies":[{"name":"wp","href":"https:\/\/api.w.org\/{rel}","templated":true}]}}