{"id":64191,"date":"2025-01-25T09:26:05","date_gmt":"2025-01-25T12:26:05","guid":{"rendered":"https:\/\/www.paranapraia.com.br\/?p=64191"},"modified":"2025-01-25T09:26:08","modified_gmt":"2025-01-25T12:26:08","slug":"67-mil-pessoas-acompanham-o-baile-do-nego-veio-de-alexandre-pires-em-matinhos","status":"publish","type":"post","link":"https:\/\/www.paranapraia.com.br\/index.php\/2025\/01\/25\/67-mil-pessoas-acompanham-o-baile-do-nego-veio-de-alexandre-pires-em-matinhos\/","title":{"rendered":"67 mil pessoas acompanham o \u201cBaile do Nego V\u00e9io\u201d de Alexandre Pires, em Matinhos"},"content":{"rendered":"\n<p>A chuva forte que insistiu em cair durante a maior parte da noite n\u00e3o foi suficiente para abalar a anima\u00e7\u00e3o das 67 mil pessoas que estiveram presentes na Arena Ver\u00e3o Maior Paran\u00e1 de Caiob\u00e1, no Litoral, na noite desta sexta-feira (24) para acompanhar o show de Alexandre Pires.<\/p>\n\n\n\n<p>Ao longo de duas horas de apresenta\u00e7\u00e3o, o cantor mineiro e sua banda retribu\u00edram o carinho do p\u00fablico com uma apresenta\u00e7\u00e3o recheada de cl\u00e1ssicos da sua carreira, al\u00e9m de m\u00fasicas de outros artistas que marcaram gera\u00e7\u00f5es<\/p>\n\n\n\n<p>A apresenta\u00e7\u00e3o faz parte da turn\u00ea Baile do Nego V\u00e9io, com foco nos sucessos dos anos 1990. A maior parte das m\u00fasicas que compuseram o setlist se tornaram hinos dos brasileiros na voz de Alexandre Pires quando ainda era vocalista do S\u00f3 Pra Contrariar, casos por exemplo de \u201cQue Se Chama Amor\u201d, \u201cEssa Tal Liberdade\u201d, \u201cSai da Minha Aba\u201d, e \u201cDepois do Prazer\u201d.<\/p>\n\n\n\n<p>Entre as m\u00fasicas de outros artistas, houve tributos a outros cantores do g\u00eanero, como Alcione, com \u201cN\u00e3o Deixa o Samba Morrer\u201d, e o grupo Ara Ketu, com \u201cMal Acostumado\u201d. Tamb\u00e9m houve espa\u00e7o ara hits de outros g\u00eaneros, que ganharam um toque a mais de pagode na noite, casos do ax\u00e9 de \u201cPequena Eva\u201d, da Banda Eva, e o funk melody de \u201cQuero Te Encontrar\u201d, eternizado nas vozes de Claudinho e Buchecha.<\/p>\n\n\n\n<p>Antes de subir ao palco, o cantor exaltou o car\u00e1ter democr\u00e1tico do show, oferecido de forma gratuita a moradores e turistas que visitam o Litoral do Paran\u00e1 pelo Governo do Estado. A apresenta\u00e7\u00e3o tamb\u00e9m teve foi transmitida ao vivo pela TV Paran\u00e1 Turismo e o SBT.<\/p>\n\n\n\n<p>\u201cEsse tipo de evento \u00e9 um presente para n\u00f3s, artistas populares, porque voc\u00ea tem a oportunidade de cantar em um cen\u00e1rio maravilhoso, para um p\u00fablico gigantesco onde todas as pessoas podem participar porque a entrada \u00e9 franca\u201d, disse. \u201cAgrade\u00e7o ao Governo do Paran\u00e1 pela organiza\u00e7\u00e3o dessa festa maravilhosa, por onde j\u00e1 passaram grandes artistas, e eu me sinto honrado de poder fazer parte dessa temporada\u201d, acrescentou.<\/p>\n\n\n\n<figure class=\"wp-block-image\"><a href=\"https:\/\/www.aen.pr.gov.br\/Galeria-de-Imagens\/VERAO-MAIOR-ALEXANDRE-PIRES-MATINHOS#&amp;gid=1&amp;pid=12\"><img decoding=\"async\" src=\"https:\/\/www.aen.pr.gov.br\/sites\/default\/arquivos_restritos\/files\/imagem\/2025-01\/arn09880-2.jpg\" alt=\"A\"\/><\/a><figcaption class=\"wp-element-caption\">Cantor botou todo p\u00fablico para dan\u00e7ar na chuva em Matinhos. Foto: Arnaldo Neto\/AEN<\/figcaption><\/figure>\n\n\n\n<p><br><strong>VOLTO LOGO<\/strong>&nbsp;\u2013 No p\u00fablico, muitos presentes no show desta sexta-feira j\u00e1 estiveram em outros espet\u00e1culos nacionais deste ano e de edi\u00e7\u00f5es anteriores do Ver\u00e3o Maior Paran\u00e1 e j\u00e1 fazem planos para retornar nos pr\u00f3ximos fins de semana.<\/p>\n\n\n\n<p>Nayara Lima, de S\u00e3o Mateus do Sul, \u00e9 uma das que gosta de aproveitar a programa\u00e7\u00e3o gratuita. \u201cEu adoro um pagodinho, como todo brasileiro. \u00c9 o terceiro ano seguido que eu venho e est\u00e1 cada vez melhor. S\u00e3o shows para a fam\u00edlia toda, com muita seguran\u00e7a, e amanh\u00e3 estaremos aqui de novo\u201d, disse.<\/p>\n\n\n\n<p>Simone de Lima, moradora de Matinhos, destacou a mudan\u00e7a na cidade causada pelos shows. \u201cEsses shows d\u00e3o vida para cidade, que tem 40 mil habitantes, mas que na temporada recebe mais de um milh\u00e3o. A estrutura est\u00e1 perfeita, n\u00e3o tem do que reclamar\u201d, disse.<\/p>\n\n\n\n<p>Natural de Maring\u00e1, mas atualmente morando em Paranagu\u00e1, Miguel da Silva Neto \u00e9 outro que tem aproveitado para ir a praia sempre que pode. \u201cA gente veio em caravana para prestigiar o Alexandre Pires porque somos muito f\u00e3s. Ano passado viemos tamb\u00e9m e achamos excelente, porque os artistas ajudam movimentar bastante o nosso Litoral\u201d, disse.<\/p>\n\n\n\n<p><strong>PR\u00d3XIMOS SHOWS<\/strong>&nbsp;\u2013 Neste s\u00e1bado (25), \u00e0s 22h, quem se apresenta em Matinhos s\u00e3o os irm\u00e3os C\u00e9sar Menotti &amp; Fabiano, que estiveram em Pontal do Paran\u00e1 na sexta-feira. No domingo, quem comanda a festa ser\u00e1 a dupla Guilherme &amp; Benuto, a partir das 17h. J\u00e1 em Pontal do Paran\u00e1, a agenda do fim de semana segue com Guilherme &amp; Benuto e Jo\u00e3o Haroldo &amp; Betinho, que dividem o palco em uma apresenta\u00e7\u00e3o conjunta marcada para as 22h de s\u00e1bado.<\/p>\n\n\n\n<p><strong>BANDA DA PM E PEQUENO PR\u00cdNCIPE<\/strong>&nbsp;\u2013 Como j\u00e1 ocorreu nas \u00faltimas apresenta\u00e7\u00f5es, o show de Alexandre Pires foi aberto pela banda da Pol\u00edcia Militar do Paran\u00e1 (PMPR), que tem sido um sucesso de p\u00fablico do Ver\u00e3o Maior Paran\u00e1 e, nesta sexta-feira, ajudou a manter a anima\u00e7\u00e3o das pessoas presentes l\u00e1 em cima. Al\u00e9m da banda, tamb\u00e9m houve espa\u00e7o para outras a\u00e7\u00f5es de intera\u00e7\u00e3o com o p\u00fablico.<\/p>\n\n\n\n<p>Uma delas, feita em uma parceria entre o Governo do Estado e a Federa\u00e7\u00e3o Paranaense de Futebol (FPF), distribuiu camisas oficiais dos times que competem na 1\u00aa divis\u00e3o do Campeonato Paranaense 2025, que foram lan\u00e7adas em meio aos f\u00e3s presentes.<\/p>\n\n\n\n<p>A outra novidade foi a presen\u00e7a do mascote oficial do Hospital Pequeno Pr\u00edncipe (HPP) no palco de Matinhos. Ele esteve presente para refor\u00e7ar a campanha de doa\u00e7\u00f5es de turistas ao HPP durante o Ver\u00e3o Maior Paran\u00e1, feita com o apoio do Governo do Estado. Al\u00e9m desta participa\u00e7\u00e3o, o \u201cPequeno Pr\u00edncipe\u201d tamb\u00e9m participar\u00e1 de uma apresenta\u00e7\u00e3o de dan\u00e7a \u00e0s 10h deste s\u00e1bado no Palco Sunset de Caiob\u00e1, onde os tel\u00f5es j\u00e1 exibem diariamente mensagens pedindo doa\u00e7\u00f5es para o hospital.<\/p>\n\n\n\n<p><strong>VER\u00c3O MAIOR PARAN\u00c1<\/strong>\u00a0\u2013 Toda a programa\u00e7\u00e3o do Ver\u00e3o Maior Paran\u00e1 pode ser conferida no site exclusivo do Governo do Paran\u00e1, o\u00a0<strong><a href=\"https:\/\/www.verao.pr.gov.br\/\" target=\"_blank\" rel=\"noreferrer noopener\">pr.gov.br\/verao<\/a><\/strong>. Ser\u00e3o 33 shows nacionais gratuitos nas arenas de Matinhos e Pontal do Paran\u00e1, al\u00e9m de grande programa\u00e7\u00e3o esportiva nas arenas das praias do Litoral e na regi\u00e3o Noroeste.<\/p>\n\n\n\n<p>AEN<\/p>\n","protected":false},"excerpt":{"rendered":"<p>A chuva forte que insistiu em cair durante a maior parte da noite n\u00e3o foi suficiente para abalar a anima\u00e7\u00e3o das 67 mil pessoas que estiveram presentes na Arena Ver\u00e3o Maior Paran\u00e1 de Caiob\u00e1, no Litoral, na noite desta sexta-feira (24) para acompanhar o show de Alexandre Pires. Ao longo de duas horas de apresenta\u00e7\u00e3o, [&hellip;]<\/p>\n","protected":false},"author":2,"featured_media":64192,"comment_status":"open","ping_status":"open","sticky":false,"template":"","format":"standard","meta":{"advanced_seo_description":"","jetpack_seo_html_title":"","jetpack_seo_noindex":false,"_jetpack_memberships_contains_paid_content":false,"footnotes":""},"categories":[40],"tags":[316,317,319],"class_list":{"0":"post-64191","1":"post","2":"type-post","3":"status-publish","4":"format-standard","5":"has-post-thumbnail","7":"category-destaques","8":"tag-litoral","9":"tag-matinhos","10":"tag-parana"},"jetpack_featured_media_url":"https:\/\/www.paranapraia.com.br\/wp-content\/uploads\/2025\/01\/arn09905-2-scaled.jpg","jetpack_sharing_enabled":true,"_links":{"self":[{"href":"https:\/\/www.paranapraia.com.br\/index.php\/wp-json\/wp\/v2\/posts\/64191"}],"collection":[{"href":"https:\/\/www.paranapraia.com.br\/index.php\/wp-json\/wp\/v2\/posts"}],"about":[{"href":"https:\/\/www.paranapraia.com.br\/index.php\/wp-json\/wp\/v2\/types\/post"}],"author":[{"embeddable":true,"href":"https:\/\/www.paranapraia.com.br\/index.php\/wp-json\/wp\/v2\/users\/2"}],"replies":[{"embeddable":true,"href":"https:\/\/www.paranapraia.com.br\/index.php\/wp-json\/wp\/v2\/comments?post=64191"}],"version-history":[{"count":1,"href":"https:\/\/www.paranapraia.com.br\/index.php\/wp-json\/wp\/v2\/posts\/64191\/revisions"}],"predecessor-version":[{"id":64193,"href":"https:\/\/www.paranapraia.com.br\/index.php\/wp-json\/wp\/v2\/posts\/64191\/revisions\/64193"}],"wp:featuredmedia":[{"embeddable":true,"href":"https:\/\/www.paranapraia.com.br\/index.php\/wp-json\/wp\/v2\/media\/64192"}],"wp:attachment":[{"href":"https:\/\/www.paranapraia.com.br\/index.php\/wp-json\/wp\/v2\/media?parent=64191"}],"wp:term":[{"taxonomy":"category","embeddable":true,"href":"https:\/\/www.paranapraia.com.br\/index.php\/wp-json\/wp\/v2\/categories?post=64191"},{"taxonomy":"post_tag","embeddable":true,"href":"https:\/\/www.paranapraia.com.br\/index.php\/wp-json\/wp\/v2\/tags?post=64191"}],"curies":[{"name":"wp","href":"https:\/\/api.w.org\/{rel}","templated":true}]}}