{"id":64188,"date":"2025-01-25T09:21:10","date_gmt":"2025-01-25T12:21:10","guid":{"rendered":"https:\/\/www.paranapraia.com.br\/?p=64188"},"modified":"2025-01-25T09:21:14","modified_gmt":"2025-01-25T12:21:14","slug":"dupla-cesar-menotti-fabiano-encanta-29-mil-pessoas-em-pontal-do-parana","status":"publish","type":"post","link":"https:\/\/www.paranapraia.com.br\/index.php\/2025\/01\/25\/dupla-cesar-menotti-fabiano-encanta-29-mil-pessoas-em-pontal-do-parana\/","title":{"rendered":"Dupla C\u00e9sar Menotti &amp; Fabiano encanta 29 mil pessoas em Pontal do Paran\u00e1"},"content":{"rendered":"\n<p>Entre sucessos interpretados por eles em duas d\u00e9cadas de trajet\u00f3ria e tamb\u00e9m de outros artistas, os sertanejos C\u00e9sar Menotti &amp; Fabiano agitaram a noite de 29 mil pessoas que acompanharam o show da dupla nesta sexta-feira (24), em Pontal do Paran\u00e1, no Litoral. A chuva que caiu durante o show em nada atrapalhou a apresenta\u00e7\u00e3o, com o p\u00fablico entoando junto hinos do g\u00eanero, do mais raiz at\u00e9 o mais atual. O cantor Alexandre Pires se apresentou em Matinhos, com um p\u00fablico de 67 mil pessoas.<\/p>\n\n\n\n<p>Foi a terceira vez que a dupla tocou no Ver\u00e3o Maior Paran\u00e1. A primeira foi em 2020, em Guaratuba, e a segunda em Matinhos, abrindo a temporada em 2023. \u201cUma honra muito grande, porque a gente j\u00e1 sabe a recep\u00e7\u00e3o daqui, como \u00e9, e cada vez que voltamos o p\u00fablico \u00e9 ainda mais surpreendente\u201d, ressaltou C\u00e9sar Menotti.<\/p>\n\n\n\n<p>\u201cA estrutura \u00e9 maravilhosa. S\u00e3o os maiores shows do Brasil e o Governo do Paran\u00e1 estar proporcionando isso para a galera \u00e9 muito bacana. O Litoral do Paran\u00e1 \u00e9 lindo, com muitos turistas, mas o que a gente v\u00ea mesmo \u00e9 a fam\u00edlia paranaense presente\u201d, destacou Fabiano. \u201cVoc\u00ea v\u00ea desde criancinhas de colo at\u00e9 senhores da melhor idade, todo mundo participando, cantando junto, ent\u00e3o voc\u00ea v\u00ea que a fam\u00edlia vem para curtir essa festa\u201d.<\/p>\n\n\n\n<p>A dupla apresentou um pouco do seu repert\u00f3rio de 20 anos de estrada. Com m\u00fasicas como \u201cLeil\u00e3o\u201d, \u201cEvid\u00eancias\u201d, \u201cConvite de Casamento\u201d, \u201cComo um anjo\u201d e \u201cCiumenta\u201d, esta \u00faltima que fechou a noite, o p\u00fablico cantou junto do in\u00edcio ao fim, e n\u00e3o se incomodou com a chuva, que serviu at\u00e9 para refrescar.<\/p>\n\n\n\n<p>Entre eles estava a aposentada Elisa Hulda Sontag, de 59 anos. Ela veio de Foz do Igua\u00e7u, no Oeste, para curtir a temporada em Pontal do Paran\u00e1 e tem se impressionado com o que tem visto. \u201cFazia 20 anos que eu n\u00e3o vinha para o Litoral, mas resolvi vir no ano passado para passar uma semana e passei dois meses aqui. Fiquei encantada com o policiamento, em todas as praias t\u00eam bombeiros, recrea\u00e7\u00e3o para crian\u00e7as, dan\u00e7as\u201d, elogiou.<\/p>\n\n\n\n<p>Ela tamb\u00e9m tem aprovado a programa\u00e7\u00e3o de shows. \u201cJ\u00e1 assisti alguns e esse ano s\u00e3o nomes que est\u00e3o na m\u00eddia, ent\u00e3o \u00e9 muito legal voc\u00ea participar de um show que \u00e9 tudo de gra\u00e7a, voc\u00ea se diverte de dia na praia e a noite voc\u00ea curte um som legal. Estou at\u00e9 pensando em morar para c\u00e1\u201d, complementou. \u201cVim com o namorado e as amigas, e j\u00e1 estamos combinando para o ano que vem virmos de novo.\u201d<\/p>\n\n\n\n<p>O analista de sistemas Ailton de Oliveira, 64 anos, veio de Curitiba para morar em Pontal do Paran\u00e1 h\u00e1 cinco anos. \u201cAp\u00f3s a aposentadoria resolvemos vir para praia. Estamos acompanhando todos os shows e tudo muito bom, com p\u00fablico maravilhoso, seguran\u00e7a perfeita, infraestrutura excelente\u201d, disse. \u201cAno a ano est\u00e1 melhorando cada vez mais. Para n\u00f3s que estamos em Pontal do Paran\u00e1, cada vez mais estamos notando que a praia est\u00e1 ficando melhor, mais cheia, e o com\u00e9rcio est\u00e1 crescendo\u201d.<\/p>\n\n\n\n<p>J\u00e1 o empres\u00e1rio Anibeli Cordeiro, 48 anos, veio de Ant\u00f4nio Olinto, no Sul do Paran\u00e1, com a esposa e as duas filhas para curtirem as f\u00e9rias na casa que eles possuem no Litoral. \u201cOs shows s\u00e3o bem atrativos, a gente gosta e a organiza\u00e7\u00e3o tamb\u00e9m \u00e9 muito boa. Estou desde o dia 20 de dezembro aqui e temos assistindo todos os shows, e C\u00e9sar Menotti &amp; Fabiano \u00e9 show de bola, muito bom\u201d, disse.<\/p>\n\n\n\n<figure class=\"wp-block-image\"><a href=\"https:\/\/www.aen.pr.gov.br\/Galeria-de-Imagens\/Show-de-Cesar-Menotti-e-Fabiano-no-Verao-Maior-Parana-em-Pontal-do-Parana#&amp;gid=1&amp;pid=2\"><img decoding=\"async\" src=\"https:\/\/www.aen.pr.gov.br\/sites\/default\/arquivos_restritos\/files\/imagem\/2025-01\/menottis_foto_rdziura-8214_1.jpg\" alt=\"Show de C\u00e9sar Menotti e Fabiano no Ver\u00e3o Maior Paran\u00e1 em Pontal do Paran\u00e1\"\/><\/a><figcaption class=\"wp-element-caption\">A chuva que caiu durante o show em nada atrapalhou a apresenta\u00e7\u00e3o, com o p\u00fablico entoando junto hinos do g\u00eanero. Foto: Roberto Dziura Jr.\/AEN<\/figcaption><\/figure>\n\n\n\n<p><br><strong>CONTINUA<\/strong>&nbsp;\u2013 A programa\u00e7\u00e3o de shows gratuitos do Ver\u00e3o Maior Paran\u00e1 continua. Neste s\u00e1bado (25), C\u00e9sar Menotti &amp; Fabiano voltam ao palco, desta vez em Matinhos para encantarem o p\u00fablico com diversos sucessos, a partir das 22 horas.<\/p>\n\n\n\n<p>Em Pontal do Paran\u00e1, ser\u00e1 noite de show em dobro. As duplas Jo\u00e3o Haroldo &amp; Betinho e Guilherme &amp; Benuto sobem ao palco montado no Centro de Eventos Marissol mais cedo, a partir das 20 horas, com muita m\u00fasica sertaneja. No domingo (26), a partir das 17 horas, Guilherme &amp; Benuto tocam em Matinhos para um fim de tarde especial com p\u00fablico.<\/p>\n\n\n\n<p>A agenda do Ver\u00e3o Maior Paran\u00e1 vai reunir ainda outros grandes nomes da m\u00fasica nacional, como Sorriso Maroto, Tit\u00e3s, Luan Santana, Fernando &amp; Sorocaba, Jo\u00e3o Bosco &amp; Vin\u00edcius e muito mais.<\/p>\n\n\n\n<p>Al\u00e9m dos shows nacionais, m\u00fasicos e bandas paranaenses tamb\u00e9m marcam presen\u00e7a nas areias do Litoral e nos balne\u00e1rios da Costa Noroeste, em Porto Rico e S\u00e3o Pedro do Paran\u00e1. Ao todo, ser\u00e3o 50 shows nos Palcos Sunset do Ver\u00e3o Maior at\u00e9 o final da temporada.<\/p>\n\n\n\n<p><strong>VER\u00c3O MAIOR PARAN\u00c1<\/strong>\u00a0\u2013 Toda a programa\u00e7\u00e3o do Ver\u00e3o Maior Paran\u00e1 pode ser conferida no site exclusivo do Governo do Paran\u00e1, o\u00a0<strong><a href=\"https:\/\/www.verao.pr.gov.br\/\" target=\"_blank\" rel=\"noreferrer noopener\">pr.gov.br\/verao<\/a><\/strong>. Ser\u00e3o 33 shows nacionais gratuitos nas arenas de Matinhos e Pontal do Paran\u00e1, al\u00e9m de grande programa\u00e7\u00e3o esportiva nas arenas das praias do Litoral e na regi\u00e3o Noroeste.<\/p>\n\n\n\n<p>AEN<\/p>\n","protected":false},"excerpt":{"rendered":"<p>Entre sucessos interpretados por eles em duas d\u00e9cadas de trajet\u00f3ria e tamb\u00e9m de outros artistas, os sertanejos C\u00e9sar Menotti &amp; Fabiano agitaram a noite de 29 mil pessoas que acompanharam o show da dupla nesta sexta-feira (24), em Pontal do Paran\u00e1, no Litoral. A chuva que caiu durante o show em nada atrapalhou a apresenta\u00e7\u00e3o, [&hellip;]<\/p>\n","protected":false},"author":2,"featured_media":64189,"comment_status":"open","ping_status":"open","sticky":false,"template":"","format":"standard","meta":{"advanced_seo_description":"","jetpack_seo_html_title":"","jetpack_seo_noindex":false,"_jetpack_memberships_contains_paid_content":false,"footnotes":""},"categories":[40],"tags":[316,319,318],"class_list":{"0":"post-64188","1":"post","2":"type-post","3":"status-publish","4":"format-standard","5":"has-post-thumbnail","7":"category-destaques","8":"tag-litoral","9":"tag-parana","10":"tag-pontal-do-parana"},"jetpack_featured_media_url":"https:\/\/www.paranapraia.com.br\/wp-content\/uploads\/2025\/01\/menottis_foto_rdziura-8194_0-1-scaled.jpg","jetpack_sharing_enabled":true,"_links":{"self":[{"href":"https:\/\/www.paranapraia.com.br\/index.php\/wp-json\/wp\/v2\/posts\/64188"}],"collection":[{"href":"https:\/\/www.paranapraia.com.br\/index.php\/wp-json\/wp\/v2\/posts"}],"about":[{"href":"https:\/\/www.paranapraia.com.br\/index.php\/wp-json\/wp\/v2\/types\/post"}],"author":[{"embeddable":true,"href":"https:\/\/www.paranapraia.com.br\/index.php\/wp-json\/wp\/v2\/users\/2"}],"replies":[{"embeddable":true,"href":"https:\/\/www.paranapraia.com.br\/index.php\/wp-json\/wp\/v2\/comments?post=64188"}],"version-history":[{"count":1,"href":"https:\/\/www.paranapraia.com.br\/index.php\/wp-json\/wp\/v2\/posts\/64188\/revisions"}],"predecessor-version":[{"id":64190,"href":"https:\/\/www.paranapraia.com.br\/index.php\/wp-json\/wp\/v2\/posts\/64188\/revisions\/64190"}],"wp:featuredmedia":[{"embeddable":true,"href":"https:\/\/www.paranapraia.com.br\/index.php\/wp-json\/wp\/v2\/media\/64189"}],"wp:attachment":[{"href":"https:\/\/www.paranapraia.com.br\/index.php\/wp-json\/wp\/v2\/media?parent=64188"}],"wp:term":[{"taxonomy":"category","embeddable":true,"href":"https:\/\/www.paranapraia.com.br\/index.php\/wp-json\/wp\/v2\/categories?post=64188"},{"taxonomy":"post_tag","embeddable":true,"href":"https:\/\/www.paranapraia.com.br\/index.php\/wp-json\/wp\/v2\/tags?post=64188"}],"curies":[{"name":"wp","href":"https:\/\/api.w.org\/{rel}","templated":true}]}}