{"id":64182,"date":"2025-01-24T21:42:50","date_gmt":"2025-01-25T00:42:50","guid":{"rendered":"https:\/\/www.paranapraia.com.br\/?p=64182"},"modified":"2025-01-24T21:47:49","modified_gmt":"2025-01-25T00:47:49","slug":"apos-grande-forca-tarefa-policias-do-parana-encontram-eloah-pietra-que-estava-desaparecida","status":"publish","type":"post","link":"https:\/\/www.paranapraia.com.br\/index.php\/2025\/01\/24\/apos-grande-forca-tarefa-policias-do-parana-encontram-eloah-pietra-que-estava-desaparecida\/","title":{"rendered":"Ap\u00f3s grande for\u00e7a-tarefa, pol\u00edcias do Paran\u00e1 encontram Eloah Pietra que estava desaparecida"},"content":{"rendered":"\n<p>As for\u00e7as policiais do Paran\u00e1 encontraram a menina de um ano e seis meses que havia desaparecido em Curitiba na quinta-feira (23) em Campo Largo. A a\u00e7\u00e3o aconteceu nesta sexta-feira (24).&nbsp;<\/p>\n\n\n\n<p>No come\u00e7o da noite uma for\u00e7a-tarefa coordenada pela Pol\u00edcia Civil e a Pol\u00edcia Militar encontrou a crian\u00e7a em uma casa na Regi\u00e3o Metropolitana de Curitiba. Ela est\u00e1 bem. Uma mulher foi conduzida para ser ouvida. Ela era suspeita desde o come\u00e7o da investiga\u00e7\u00e3o. A&nbsp;crian\u00e7a ficar\u00e1 com o Conselho Tutelar num primeiro momento.<\/p>\n\n\n\n<p>\u201cAs equipes de intelig\u00eancia da Pol\u00edcia Civil e da Pol\u00edcia Militar, com o apoio da Guarda Municipal, realizaram uma apura\u00e7\u00e3o minuciosa, enquanto o Tigre e Rone realizaram a abordagem com precis\u00e3o\u201d, destacou o secret\u00e1rio da Seguran\u00e7a P\u00fablica, Hudson Le\u00f4ncio Teixeira.<\/p>\n\n\n\n<p>O governador Carlos Massa Ratinho Junior agradeceu as for\u00e7as de seguran\u00e7a. &#8220;Meu reconhecimento ao trabalho ininterrupto da Pol\u00edcia Civil e da Pol\u00edcia Militar, mostrando integra\u00e7\u00e3o e atua\u00e7\u00e3o certeira&#8221;, disse.<\/p>\n\n\n\n<p>Foram quase 30 horas de investiga\u00e7\u00e3o e trabalho das for\u00e7as policiais. A Secretaria da Seguran\u00e7a P\u00fablica determinou a instala\u00e7\u00e3o de uma for\u00e7a-tarefa com todas as for\u00e7as policiais para&nbsp;investigar o desaparecimento da crian\u00e7a, que ocorreu no bairro Parolin, em Curitiba. Cerca de 30 policiais participaram da for\u00e7a-tarefa.<\/p>\n\n\n\n<p>As for\u00e7as policiais refor\u00e7am que informa\u00e7\u00f5es sobre o paradeiro de crian\u00e7as desaparecidas podem ser repassados pelos telefones 197, da PCPR ou 181 do Disque-Den\u00fancia.<\/p>\n\n\n\n<p>AEN<\/p>\n","protected":false},"excerpt":{"rendered":"<p>As for\u00e7as policiais do Paran\u00e1 encontraram a menina de um ano e seis meses que havia desaparecido em Curitiba na quinta-feira (23) em Campo Largo. A a\u00e7\u00e3o aconteceu nesta sexta-feira (24).&nbsp; No come\u00e7o da noite uma for\u00e7a-tarefa coordenada pela Pol\u00edcia Civil e a Pol\u00edcia Militar encontrou a crian\u00e7a em uma casa na Regi\u00e3o Metropolitana de [&hellip;]<\/p>\n","protected":false},"author":2,"featured_media":64185,"comment_status":"open","ping_status":"open","sticky":false,"template":"","format":"standard","meta":{"advanced_seo_description":"","jetpack_seo_html_title":"","jetpack_seo_noindex":false,"_jetpack_memberships_contains_paid_content":false,"footnotes":""},"categories":[33,802],"tags":[],"class_list":{"0":"post-64182","1":"post","2":"type-post","3":"status-publish","4":"format-standard","5":"has-post-thumbnail","7":"category-policia","8":"category-seguranca"},"jetpack_featured_media_url":"https:\/\/www.paranapraia.com.br\/wp-content\/uploads\/2025\/01\/IMG-20250124-WA0113-scaled.jpg","jetpack_sharing_enabled":true,"_links":{"self":[{"href":"https:\/\/www.paranapraia.com.br\/index.php\/wp-json\/wp\/v2\/posts\/64182"}],"collection":[{"href":"https:\/\/www.paranapraia.com.br\/index.php\/wp-json\/wp\/v2\/posts"}],"about":[{"href":"https:\/\/www.paranapraia.com.br\/index.php\/wp-json\/wp\/v2\/types\/post"}],"author":[{"embeddable":true,"href":"https:\/\/www.paranapraia.com.br\/index.php\/wp-json\/wp\/v2\/users\/2"}],"replies":[{"embeddable":true,"href":"https:\/\/www.paranapraia.com.br\/index.php\/wp-json\/wp\/v2\/comments?post=64182"}],"version-history":[{"count":2,"href":"https:\/\/www.paranapraia.com.br\/index.php\/wp-json\/wp\/v2\/posts\/64182\/revisions"}],"predecessor-version":[{"id":64187,"href":"https:\/\/www.paranapraia.com.br\/index.php\/wp-json\/wp\/v2\/posts\/64182\/revisions\/64187"}],"wp:featuredmedia":[{"embeddable":true,"href":"https:\/\/www.paranapraia.com.br\/index.php\/wp-json\/wp\/v2\/media\/64185"}],"wp:attachment":[{"href":"https:\/\/www.paranapraia.com.br\/index.php\/wp-json\/wp\/v2\/media?parent=64182"}],"wp:term":[{"taxonomy":"category","embeddable":true,"href":"https:\/\/www.paranapraia.com.br\/index.php\/wp-json\/wp\/v2\/categories?post=64182"},{"taxonomy":"post_tag","embeddable":true,"href":"https:\/\/www.paranapraia.com.br\/index.php\/wp-json\/wp\/v2\/tags?post=64182"}],"curies":[{"name":"wp","href":"https:\/\/api.w.org\/{rel}","templated":true}]}}