{"id":64158,"date":"2025-01-24T15:29:50","date_gmt":"2025-01-24T18:29:50","guid":{"rendered":"https:\/\/www.paranapraia.com.br\/?p=64158"},"modified":"2025-01-24T15:29:52","modified_gmt":"2025-01-24T18:29:52","slug":"pcpr-prende-homem-por-estupro-de-vulneravel-contra-propria-enteada-em-morretes","status":"publish","type":"post","link":"https:\/\/www.paranapraia.com.br\/index.php\/2025\/01\/24\/pcpr-prende-homem-por-estupro-de-vulneravel-contra-propria-enteada-em-morretes\/","title":{"rendered":"PCPR prende homem por estupro de vulner\u00e1vel contra pr\u00f3pria enteada em Morretes"},"content":{"rendered":"\n<p>A Pol\u00edcia Civil do Paran\u00e1 (PCPR) prendeu um homem, de 50 anos, pela pr\u00e1tica do crime de estupro de vulner\u00e1vel contra a pr\u00f3pria enteada. A captura aconteceu nesta sexta-feira (24), em Morretes, no Litoral do Estado.&nbsp;<\/p>\n\n\n\n<p>O crime aconteceu em novembro de 2024, em desfavor de uma crian\u00e7a de 10 anos. Conforme a delegada da PCPR Alini Simadon, o indiv\u00edduo j\u00e1 responde por procedimentos relacionados a crimes contra a dignidade sexual.&nbsp;<\/p>\n\n\n\n<p>&#8220;Essa pris\u00e3o \u00e9 resultado de um trabalho minucioso e estrat\u00e9gico de nossa equipe, que n\u00e3o mede esfor\u00e7os para localizar e capturar condenados por crimes graves, como o estupro de vulner\u00e1vel, assim garantindo a execu\u00e7\u00e3o da Justi\u00e7a logo ap\u00f3s expedi\u00e7\u00e3o do mandado de pris\u00e3o&#8221;, explica.<\/p>\n\n\n\n<p>A pris\u00e3o foi realizada por policiais civis que atuam no Ver\u00e3o Maior Paran\u00e1, programa que intensifica as a\u00e7\u00f5es de seguran\u00e7a p\u00fablica no litoral durante a alta temporada.<\/p>\n\n\n\n<p>Ap\u00f3s os procedimentos legais, o homem foi encaminhado ao sistema penitenci\u00e1rio.<\/p>\n\n\n\n<p>VER\u00c3O MAIOR PARAN\u00c1 &#8211; Toda a programa\u00e7\u00e3o do Ver\u00e3o Maior Paran\u00e1 est\u00e1 dispon\u00edvel no site exclusivo do Governo do Paran\u00e1, pr.gov.br\/verao. A temporada conta com diversas a\u00e7\u00f5es integradas de seguran\u00e7a p\u00fablica, al\u00e9m de atividades culturais e esportivas em todo o litoral e regi\u00e3o Noroeste do Estado.<\/p>\n\n\n\n<p>PCPR<\/p>\n","protected":false},"excerpt":{"rendered":"<p>A Pol\u00edcia Civil do Paran\u00e1 (PCPR) prendeu um homem, de 50 anos, pela pr\u00e1tica do crime de estupro de vulner\u00e1vel contra a pr\u00f3pria enteada. A captura aconteceu nesta sexta-feira (24), em Morretes, no Litoral do Estado.&nbsp; O crime aconteceu em novembro de 2024, em desfavor de uma crian\u00e7a de 10 anos. Conforme a delegada da [&hellip;]<\/p>\n","protected":false},"author":2,"featured_media":64159,"comment_status":"open","ping_status":"open","sticky":false,"template":"","format":"standard","meta":{"advanced_seo_description":"","jetpack_seo_html_title":"","jetpack_seo_noindex":false,"_jetpack_memberships_contains_paid_content":false,"footnotes":""},"categories":[125,33],"tags":[729],"class_list":{"0":"post-64158","1":"post","2":"type-post","3":"status-publish","4":"format-standard","5":"has-post-thumbnail","7":"category-morretes","8":"category-policia","9":"tag-morretes"},"jetpack_featured_media_url":"https:\/\/www.paranapraia.com.br\/wp-content\/uploads\/2025\/01\/whatsapp_image_2024-02-28_at_16.09.05_21_0_0-scaled.jpg","jetpack_sharing_enabled":true,"_links":{"self":[{"href":"https:\/\/www.paranapraia.com.br\/index.php\/wp-json\/wp\/v2\/posts\/64158"}],"collection":[{"href":"https:\/\/www.paranapraia.com.br\/index.php\/wp-json\/wp\/v2\/posts"}],"about":[{"href":"https:\/\/www.paranapraia.com.br\/index.php\/wp-json\/wp\/v2\/types\/post"}],"author":[{"embeddable":true,"href":"https:\/\/www.paranapraia.com.br\/index.php\/wp-json\/wp\/v2\/users\/2"}],"replies":[{"embeddable":true,"href":"https:\/\/www.paranapraia.com.br\/index.php\/wp-json\/wp\/v2\/comments?post=64158"}],"version-history":[{"count":1,"href":"https:\/\/www.paranapraia.com.br\/index.php\/wp-json\/wp\/v2\/posts\/64158\/revisions"}],"predecessor-version":[{"id":64160,"href":"https:\/\/www.paranapraia.com.br\/index.php\/wp-json\/wp\/v2\/posts\/64158\/revisions\/64160"}],"wp:featuredmedia":[{"embeddable":true,"href":"https:\/\/www.paranapraia.com.br\/index.php\/wp-json\/wp\/v2\/media\/64159"}],"wp:attachment":[{"href":"https:\/\/www.paranapraia.com.br\/index.php\/wp-json\/wp\/v2\/media?parent=64158"}],"wp:term":[{"taxonomy":"category","embeddable":true,"href":"https:\/\/www.paranapraia.com.br\/index.php\/wp-json\/wp\/v2\/categories?post=64158"},{"taxonomy":"post_tag","embeddable":true,"href":"https:\/\/www.paranapraia.com.br\/index.php\/wp-json\/wp\/v2\/tags?post=64158"}],"curies":[{"name":"wp","href":"https:\/\/api.w.org\/{rel}","templated":true}]}}