{"id":64138,"date":"2025-01-24T12:53:35","date_gmt":"2025-01-24T15:53:35","guid":{"rendered":"https:\/\/www.paranapraia.com.br\/?p=64138"},"modified":"2025-01-24T13:08:46","modified_gmt":"2025-01-24T16:08:46","slug":"pontal-do-parana-recebe-investimento-para-ampliar-o-enfrentamento-de-surtos-de-virose","status":"publish","type":"post","link":"https:\/\/www.paranapraia.com.br\/index.php\/2025\/01\/24\/pontal-do-parana-recebe-investimento-para-ampliar-o-enfrentamento-de-surtos-de-virose\/","title":{"rendered":"Pontal do Paran\u00e1 recebe investimento para ampliar o enfrentamento de surtos de virose"},"content":{"rendered":"\n<p>A prefeita interina de Pontal do Paran\u00e1, Professora Patr\u00edcia, participou na \u00faltima semana de uma cerim\u00f4nia em Matinhos ao lado da secret\u00e1ria municipal de Sa\u00fade, Michele Straub, e do secret\u00e1rio estadual de Sa\u00fade, Beto Preto. Durante o encontro, foi anunciado um aditivo de R$ 177 mil da Opera\u00e7\u00e3o Ver\u00e3o, destinado ao refor\u00e7o dos atendimentos relacionados ao surto de viroses que t\u00eam impactado munic\u00edpios de toda a costa brasileira.<\/p>\n\n\n\n<figure class=\"wp-block-image size-large\"><img loading=\"lazy\" decoding=\"async\" width=\"1024\" height=\"769\" src=\"https:\/\/www.paranapraia.com.br\/wp-content\/uploads\/2025\/01\/1000282522-1024x769.jpg\" alt=\"\" class=\"wp-image-64140\" srcset=\"https:\/\/www.paranapraia.com.br\/wp-content\/uploads\/2025\/01\/1000282522-1024x769.jpg 1024w, https:\/\/www.paranapraia.com.br\/wp-content\/uploads\/2025\/01\/1000282522-300x225.jpg 300w, https:\/\/www.paranapraia.com.br\/wp-content\/uploads\/2025\/01\/1000282522-768x576.jpg 768w, https:\/\/www.paranapraia.com.br\/wp-content\/uploads\/2025\/01\/1000282522-696x522.jpg 696w, https:\/\/www.paranapraia.com.br\/wp-content\/uploads\/2025\/01\/1000282522-1068x802.jpg 1068w, https:\/\/www.paranapraia.com.br\/wp-content\/uploads\/2025\/01\/1000282522-scaled.jpg 800w\" sizes=\"(max-width: 1024px) 100vw, 1024px\" \/><\/figure>\n\n\n\n<p>Os recursos ser\u00e3o utilizados para ampliar a capacidade de atendimento no munic\u00edpio, oferecendo suporte aos moradores e turistas afetados. \u201cEsses recursos chegam em um momento essencial para garantirmos a continuidade de um atendimento de qualidade e eficaz para todos que precisam dos nossos servi\u00e7os de sa\u00fade\u201d, afirmou Patr\u00edcia. Como parte desse esfor\u00e7o, a Secretaria Estadual da Sa\u00fade (SESA) instalou, no dia 17 de janeiro, uma tenda anexa ao PA de Shangri-l\u00e1, que funciona diariamente das 7h \u00e0s 19h, oferecendo suporte \u00e0 estrutura do Pronto Atendimento.<\/p>\n\n\n\n<p>Al\u00e9m do an\u00fancio do aditivo, o encontro tamb\u00e9m abordou a proposta do Hospital Regional das Praias, uma iniciativa inclu\u00edda no plano de governo de Pontal do Paran\u00e1 pelo prefeito Rud\u00e3o, que dever\u00e1 ser viabilizada em parceria com os prefeitos de Matinhos, Eduardo Dalmora, e de Guaratuba, Maur\u00edcio Lence.<\/p>\n\n\n\n<p>A articula\u00e7\u00e3o entre os munic\u00edpios \u00e9 considerada fundamental tanto para atender as demandas de sa\u00fade imediatas quanto para concretizar projetos de longo prazo, como o hospital regional. Com o apoio da Secretaria Estadual de Sa\u00fade, a expectativa \u00e9 fortalecer a infraestrutura de sa\u00fade do litoral paranaense, garantindo mais qualidade de vida para a popula\u00e7\u00e3o local e os visitantes.<\/p>\n\n\n\n<p>\ud83d\udcf8PMPPR\/ Clovis Santos<\/p>\n\n\n\n<h1 class=\"wp-block-heading\">pontaldoparana<\/h1>\n\n\n\n<h1 class=\"wp-block-heading\">pontalquecuida<\/h1>\n\n\n\n<h1 class=\"wp-block-heading\">saude<\/h1>\n","protected":false},"excerpt":{"rendered":"<p>A prefeita interina de Pontal do Paran\u00e1, Professora Patr\u00edcia, participou na \u00faltima semana de uma cerim\u00f4nia em Matinhos ao lado da secret\u00e1ria municipal de Sa\u00fade, Michele Straub, e do secret\u00e1rio estadual de Sa\u00fade, Beto Preto. Durante o encontro, foi anunciado um aditivo de R$ 177 mil da Opera\u00e7\u00e3o Ver\u00e3o, destinado ao refor\u00e7o dos atendimentos relacionados [&hellip;]<\/p>\n","protected":false},"author":2,"featured_media":64141,"comment_status":"open","ping_status":"open","sticky":false,"template":"","format":"standard","meta":{"advanced_seo_description":"","jetpack_seo_html_title":"","jetpack_seo_noindex":false,"_jetpack_memberships_contains_paid_content":false,"footnotes":""},"categories":[65,50],"tags":[318],"class_list":{"0":"post-64138","1":"post","2":"type-post","3":"status-publish","4":"format-standard","5":"has-post-thumbnail","7":"category-pontal-do-parana","8":"category-saude","9":"tag-pontal-do-parana"},"jetpack_featured_media_url":"https:\/\/www.paranapraia.com.br\/wp-content\/uploads\/2025\/01\/1000282524-scaled.jpg","jetpack_sharing_enabled":true,"_links":{"self":[{"href":"https:\/\/www.paranapraia.com.br\/index.php\/wp-json\/wp\/v2\/posts\/64138"}],"collection":[{"href":"https:\/\/www.paranapraia.com.br\/index.php\/wp-json\/wp\/v2\/posts"}],"about":[{"href":"https:\/\/www.paranapraia.com.br\/index.php\/wp-json\/wp\/v2\/types\/post"}],"author":[{"embeddable":true,"href":"https:\/\/www.paranapraia.com.br\/index.php\/wp-json\/wp\/v2\/users\/2"}],"replies":[{"embeddable":true,"href":"https:\/\/www.paranapraia.com.br\/index.php\/wp-json\/wp\/v2\/comments?post=64138"}],"version-history":[{"count":3,"href":"https:\/\/www.paranapraia.com.br\/index.php\/wp-json\/wp\/v2\/posts\/64138\/revisions"}],"predecessor-version":[{"id":64144,"href":"https:\/\/www.paranapraia.com.br\/index.php\/wp-json\/wp\/v2\/posts\/64138\/revisions\/64144"}],"wp:featuredmedia":[{"embeddable":true,"href":"https:\/\/www.paranapraia.com.br\/index.php\/wp-json\/wp\/v2\/media\/64141"}],"wp:attachment":[{"href":"https:\/\/www.paranapraia.com.br\/index.php\/wp-json\/wp\/v2\/media?parent=64138"}],"wp:term":[{"taxonomy":"category","embeddable":true,"href":"https:\/\/www.paranapraia.com.br\/index.php\/wp-json\/wp\/v2\/categories?post=64138"},{"taxonomy":"post_tag","embeddable":true,"href":"https:\/\/www.paranapraia.com.br\/index.php\/wp-json\/wp\/v2\/tags?post=64138"}],"curies":[{"name":"wp","href":"https:\/\/api.w.org\/{rel}","templated":true}]}}