{"id":64135,"date":"2025-01-24T12:49:23","date_gmt":"2025-01-24T15:49:23","guid":{"rendered":"https:\/\/www.paranapraia.com.br\/?p=64135"},"modified":"2025-01-24T12:49:26","modified_gmt":"2025-01-24T15:49:26","slug":"morretes-recebe-estreia-da-carreta-da-inovacao-e-recursos-para-nova-agencia-municipal","status":"publish","type":"post","link":"https:\/\/www.paranapraia.com.br\/index.php\/2025\/01\/24\/morretes-recebe-estreia-da-carreta-da-inovacao-e-recursos-para-nova-agencia-municipal\/","title":{"rendered":"Morretes recebe estreia da Carreta da Inova\u00e7\u00e3o e recursos para nova ag\u00eancia municipal"},"content":{"rendered":"\n<p>O Governo do Paran\u00e1 lan\u00e7ou nesta sexta-feira (24) o projeto itinerante Carreta da Inova\u00e7\u00e3o, que ir\u00e1 rodar os munic\u00edpios paranaenses ao longo deste ano. Morretes, no Litoral, \u00e9 o primeiro a receber a unidade m\u00f3vel, como parte da programa\u00e7\u00e3o do Ver\u00e3o Maior Paran\u00e1. No mesmo evento o Estado tamb\u00e9m liberou recursos para a cria\u00e7\u00e3o e o desenvolvimento de um Ambiente Promotor de Inova\u00e7\u00e3o na regi\u00e3o.<\/p>\n\n\n\n<p>A a\u00e7\u00e3o \u00e9 promovida pela Secretaria da Inova\u00e7\u00e3o, Moderniza\u00e7\u00e3o e Transforma\u00e7\u00e3o Digital (SEI), em parceria com Secretaria da Ci\u00eancia, Tecnologia e Ensino Superior (Seti), Funda\u00e7\u00e3o Arauc\u00e1ria, Celepar, Servi\u00e7o Nacional de Aprendizagem Industrial (Senai), Servi\u00e7o Social do Com\u00e9rcio (Sesc), Servi\u00e7o Nacional de Aprendizagem Comercial (Senac) Universidade Estadual do Centro-Oeste (Unicentro).<\/p>\n\n\n\n<p>A Carreta da Inova\u00e7\u00e3o visa democratizar a inova\u00e7\u00e3o ao facilitar o acesso da comunidade \u00e0 inclus\u00e3o digital, qualifica\u00e7\u00e3o profissional, difus\u00e3o de conhecimentos tecnol\u00f3gicos e servi\u00e7os digitais de atendimento ao cidad\u00e3o.<\/p>\n\n\n\n<p>O vice-governador Darci Piana destacou a preocupa\u00e7\u00e3o do Estado em continuar investindo em educa\u00e7\u00e3o e inova\u00e7\u00e3o, principalmente para proporcionar um futuro melhor aos jovens. \u201cA Carreta da Inova\u00e7\u00e3o est\u00e1 despertando nos nossos jovens o interesse na ci\u00eancia, tecnologia e inova\u00e7\u00e3o. \u00c9 uma grande oportunidade de levar um futuro melhor, um futuro que ajude o nosso Paran\u00e1 a continuar crescendo, a continuar evoluindo. E principalmente uma grande oportunidade de um bom sal\u00e1rio, de uma boa vida para todos os paranaenses\u201d, disse.<\/p>\n\n\n\n<p>O secret\u00e1rio da Inova\u00e7\u00e3o, Alex Canziani, explicou que o projeto possibilita mostrar o que o Estado tem realizado dentro das \u00e1reas de ci\u00eancia, tecnologia e inova\u00e7\u00e3o, al\u00e9m de difundir a cultura de inova\u00e7\u00e3o e levar oportunidades e desenvolvimento para os munic\u00edpios.<\/p>\n\n\n\n<p>\u201cN\u00f3s n\u00e3o podemos falar de inova\u00e7\u00e3o apenas nas grandes cidades, temos que levar a inova\u00e7\u00e3o para todos os munic\u00edpios do Estado, e a Carreta da Inova\u00e7\u00e3o oportuniza exatamente isso. E n\u00f3s come\u00e7amos exatamente com Morretes, que apesar de ser uma cidade pequena j\u00e1 tem um belo trabalho voltado para a inova\u00e7\u00e3o\u201d, disse.<\/p>\n\n\n\n<p>O projeto vai percorrer o Litoral, sendo uma das novidades da programa\u00e7\u00e3o do Ver\u00e3o Maior Paran\u00e1. O caminh\u00e3o \u00e9 adaptado com sala de aula, mobili\u00e1rio, televisor, computador, impressora 3D, sala de podcasts, equipamentos para uso durante as atividades e tecnologia de ponta.<\/p>\n\n\n\n<p>As atra\u00e7\u00f5es oferecidas na a\u00e7\u00e3o incluem oficinas, workshops, treinamentos em \u00e1reas como rob\u00f3tica, intelig\u00eancia artificial e transforma\u00e7\u00e3o digital, al\u00e9m de apresenta\u00e7\u00f5es de startups paranaenses e atividades culturais gratuitas para crian\u00e7as, jovens e adultos que estiverem no Litoral.<\/p>\n\n\n\n<p>Em Morretes, a programa\u00e7\u00e3o da Carreta da Inova\u00e7\u00e3o segue at\u00e9 domingo (26), com atividades e apresenta\u00e7\u00f5es oferecidas pelo Museu de Arte Contempor\u00e2nea do Paran\u00e1 (MAC-PR), Senac e a startup curitibana Hyla Biotech.<\/p>\n\n\n\n<p>Na pr\u00f3xima semana, a Carreta da Inova\u00e7\u00e3o chega ao munic\u00edpio de Antonina, onde vai ficar estacionada em frente ao Trapiche Municipal de Antonina (Rua Coronel Marcalo, 530), dos dias 28 de janeiro a 9 de fevereiro. A partir do dia 10 de fevereiro, a Carreta vai para Paranagu\u00e1. As atividades acontecem de ter\u00e7a a domingo, das 8h \u00e0s 12h e das 15h \u00e0s 19h.<\/p>\n\n\n\n<p><strong>AG\u00caNCIAS DE INOVA\u00c7\u00c3O NO LITORAL&nbsp;<\/strong>\u2013 Durante o evento, a Secretaria de Estado da Ci\u00eancia, Tecnologia e Ensino Superior (Seti) liberou recursos para a cria\u00e7\u00e3o e o desenvolvimento de um Ambiente Promotor de Inova\u00e7\u00e3o na regi\u00e3o.<\/p>\n\n\n\n<p>A Ag\u00eancia de Inova\u00e7\u00e3o e Tecnol\u00f3gica (Agitec) da Universidade Estadual do Paran\u00e1 (Unespar) receber\u00e1 R$ 250 mil para a contrata\u00e7\u00e3o do projeto da Ag\u00eancia de Inova\u00e7\u00e3o Municipal de Morretes. Este investimento visa estruturar e operacionalizar a ag\u00eancia, que atuar\u00e1 como um polo de desenvolvimento de a\u00e7\u00f5es inovadores no munic\u00edpio.<\/p>\n\n\n\n<p>Para o secret\u00e1rio em exerc\u00edcio da Ci\u00eancia, Tecnologia e Ensino Superior, Jamil Abdanur J\u00fanior, esses espa\u00e7os t\u00eam grande potencial para fortalecer o ecossistema de inova\u00e7\u00e3o local, impulsionando o desenvolvimento econ\u00f4mico e tecnol\u00f3gico. \u201cA expectativa \u00e9 que os espa\u00e7os estimulem a cria\u00e7\u00e3o de novas empresas, a gera\u00e7\u00e3o de empregos e o fortalecimento da economia local. Esse investimento demonstra o compromisso do governo estadual com o fomento \u00e0 inova\u00e7\u00e3o e o desenvolvimento do litoral paranaense\u201d, disse.<\/p>\n\n\n\n<p>O prefeito de Morretes, Junior Brindarolli, comemorou os investimentos e reafirma a import\u00e2ncia deles para dar oportunidade a um futuro melhor para os moradores da cidade. \u201cMorretes est\u00e1 vivendo um novo tempo. Temos 20 alunos sendo beneficiados pelo Talento Tech, outro projeto do Governo do Estado. A Carreta da Inova\u00e7\u00e3o sendo pioneira aqui em Morretes e diversos outros projetos que ir\u00e3o sair do papel gra\u00e7as a esse apoio maci\u00e7o que estamos recebendo\u201d, afirmou.<\/p>\n\n\n\n<p>AEN<\/p>\n","protected":false},"excerpt":{"rendered":"<p>O Governo do Paran\u00e1 lan\u00e7ou nesta sexta-feira (24) o projeto itinerante Carreta da Inova\u00e7\u00e3o, que ir\u00e1 rodar os munic\u00edpios paranaenses ao longo deste ano. Morretes, no Litoral, \u00e9 o primeiro a receber a unidade m\u00f3vel, como parte da programa\u00e7\u00e3o do Ver\u00e3o Maior Paran\u00e1. No mesmo evento o Estado tamb\u00e9m liberou recursos para a cria\u00e7\u00e3o e [&hellip;]<\/p>\n","protected":false},"author":2,"featured_media":64136,"comment_status":"open","ping_status":"open","sticky":false,"template":"","format":"standard","meta":{"advanced_seo_description":"","jetpack_seo_html_title":"","jetpack_seo_noindex":false,"_jetpack_memberships_contains_paid_content":false,"footnotes":""},"categories":[125],"tags":[729],"class_list":{"0":"post-64135","1":"post","2":"type-post","3":"status-publish","4":"format-standard","5":"has-post-thumbnail","7":"category-morretes","8":"tag-morretes"},"jetpack_featured_media_url":"https:\/\/www.paranapraia.com.br\/wp-content\/uploads\/2025\/01\/13_1-scaled.jpg","jetpack_sharing_enabled":true,"_links":{"self":[{"href":"https:\/\/www.paranapraia.com.br\/index.php\/wp-json\/wp\/v2\/posts\/64135"}],"collection":[{"href":"https:\/\/www.paranapraia.com.br\/index.php\/wp-json\/wp\/v2\/posts"}],"about":[{"href":"https:\/\/www.paranapraia.com.br\/index.php\/wp-json\/wp\/v2\/types\/post"}],"author":[{"embeddable":true,"href":"https:\/\/www.paranapraia.com.br\/index.php\/wp-json\/wp\/v2\/users\/2"}],"replies":[{"embeddable":true,"href":"https:\/\/www.paranapraia.com.br\/index.php\/wp-json\/wp\/v2\/comments?post=64135"}],"version-history":[{"count":1,"href":"https:\/\/www.paranapraia.com.br\/index.php\/wp-json\/wp\/v2\/posts\/64135\/revisions"}],"predecessor-version":[{"id":64137,"href":"https:\/\/www.paranapraia.com.br\/index.php\/wp-json\/wp\/v2\/posts\/64135\/revisions\/64137"}],"wp:featuredmedia":[{"embeddable":true,"href":"https:\/\/www.paranapraia.com.br\/index.php\/wp-json\/wp\/v2\/media\/64136"}],"wp:attachment":[{"href":"https:\/\/www.paranapraia.com.br\/index.php\/wp-json\/wp\/v2\/media?parent=64135"}],"wp:term":[{"taxonomy":"category","embeddable":true,"href":"https:\/\/www.paranapraia.com.br\/index.php\/wp-json\/wp\/v2\/categories?post=64135"},{"taxonomy":"post_tag","embeddable":true,"href":"https:\/\/www.paranapraia.com.br\/index.php\/wp-json\/wp\/v2\/tags?post=64135"}],"curies":[{"name":"wp","href":"https:\/\/api.w.org\/{rel}","templated":true}]}}