{"id":64118,"date":"2025-01-24T12:06:09","date_gmt":"2025-01-24T15:06:09","guid":{"rendered":"https:\/\/www.paranapraia.com.br\/?p=64118"},"modified":"2025-01-24T12:06:12","modified_gmt":"2025-01-24T15:06:12","slug":"prefeita-rozane-osaki-recebe-merendeiras-no-cafe-com-a-prefeita","status":"publish","type":"post","link":"https:\/\/www.paranapraia.com.br\/index.php\/2025\/01\/24\/prefeita-rozane-osaki-recebe-merendeiras-no-cafe-com-a-prefeita\/","title":{"rendered":"Prefeita Rozane Osaki recebe merendeiras no \u201cCaf\u00e9 com a Prefeita\u201d"},"content":{"rendered":"\n<p>Na manh\u00e3 desta sexta-feira (24), a prefeita Rozane Osaki promoveu mais uma edi\u00e7\u00e3o do \u201cCaf\u00e9 com a Prefeita\u201d, um momento de escuta e troca de ideias com diferentes segmentos da popula\u00e7\u00e3o. Desta vez, as convidadas foram as merendeiras da Rede Municipal de Ensino, que est\u00e3o se preparando para o retorno das aulas.<\/p>\n\n\n\n<figure class=\"wp-block-gallery has-nested-images columns-default is-cropped wp-block-gallery-1 is-layout-flex wp-block-gallery-is-layout-flex\">\n<figure class=\"wp-block-image size-large\"><img loading=\"lazy\" decoding=\"async\" width=\"1024\" height=\"768\" data-id=\"64121\" src=\"https:\/\/www.paranapraia.com.br\/wp-content\/uploads\/2025\/01\/1000282434-1024x768.jpg\" alt=\"\" class=\"wp-image-64121\" srcset=\"https:\/\/www.paranapraia.com.br\/wp-content\/uploads\/2025\/01\/1000282434-1024x768.jpg 1024w, https:\/\/www.paranapraia.com.br\/wp-content\/uploads\/2025\/01\/1000282434-300x225.jpg 300w, https:\/\/www.paranapraia.com.br\/wp-content\/uploads\/2025\/01\/1000282434-768x576.jpg 768w, https:\/\/www.paranapraia.com.br\/wp-content\/uploads\/2025\/01\/1000282434-696x522.jpg 696w, https:\/\/www.paranapraia.com.br\/wp-content\/uploads\/2025\/01\/1000282434-1068x801.jpg 1068w, https:\/\/www.paranapraia.com.br\/wp-content\/uploads\/2025\/01\/1000282434-scaled.jpg 800w\" sizes=\"(max-width: 1024px) 100vw, 1024px\" \/><\/figure>\n\n\n\n<figure class=\"wp-block-image size-large\"><img loading=\"lazy\" decoding=\"async\" width=\"1024\" height=\"768\" data-id=\"64119\" src=\"https:\/\/www.paranapraia.com.br\/wp-content\/uploads\/2025\/01\/1000282433-1024x768.jpg\" alt=\"\" class=\"wp-image-64119\" srcset=\"https:\/\/www.paranapraia.com.br\/wp-content\/uploads\/2025\/01\/1000282433-1024x768.jpg 1024w, https:\/\/www.paranapraia.com.br\/wp-content\/uploads\/2025\/01\/1000282433-300x225.jpg 300w, https:\/\/www.paranapraia.com.br\/wp-content\/uploads\/2025\/01\/1000282433-768x576.jpg 768w, https:\/\/www.paranapraia.com.br\/wp-content\/uploads\/2025\/01\/1000282433-696x522.jpg 696w, https:\/\/www.paranapraia.com.br\/wp-content\/uploads\/2025\/01\/1000282433-1068x801.jpg 1068w, https:\/\/www.paranapraia.com.br\/wp-content\/uploads\/2025\/01\/1000282433-scaled.jpg 800w\" sizes=\"(max-width: 1024px) 100vw, 1024px\" \/><\/figure>\n\n\n\n<figure class=\"wp-block-image size-large\"><img loading=\"lazy\" decoding=\"async\" width=\"1024\" height=\"768\" data-id=\"64122\" src=\"https:\/\/www.paranapraia.com.br\/wp-content\/uploads\/2025\/01\/1000282430-1024x768.jpg\" alt=\"\" class=\"wp-image-64122\" srcset=\"https:\/\/www.paranapraia.com.br\/wp-content\/uploads\/2025\/01\/1000282430-1024x768.jpg 1024w, https:\/\/www.paranapraia.com.br\/wp-content\/uploads\/2025\/01\/1000282430-300x225.jpg 300w, https:\/\/www.paranapraia.com.br\/wp-content\/uploads\/2025\/01\/1000282430-768x576.jpg 768w, https:\/\/www.paranapraia.com.br\/wp-content\/uploads\/2025\/01\/1000282430-696x522.jpg 696w, https:\/\/www.paranapraia.com.br\/wp-content\/uploads\/2025\/01\/1000282430-1068x801.jpg 1068w, https:\/\/www.paranapraia.com.br\/wp-content\/uploads\/2025\/01\/1000282430-scaled.jpg 800w\" sizes=\"(max-width: 1024px) 100vw, 1024px\" \/><\/figure>\n\n\n\n<figure class=\"wp-block-image size-large\"><img loading=\"lazy\" decoding=\"async\" width=\"1024\" height=\"768\" data-id=\"64123\" src=\"https:\/\/www.paranapraia.com.br\/wp-content\/uploads\/2025\/01\/1000282431-1024x768.jpg\" alt=\"\" class=\"wp-image-64123\" srcset=\"https:\/\/www.paranapraia.com.br\/wp-content\/uploads\/2025\/01\/1000282431-1024x768.jpg 1024w, https:\/\/www.paranapraia.com.br\/wp-content\/uploads\/2025\/01\/1000282431-300x225.jpg 300w, https:\/\/www.paranapraia.com.br\/wp-content\/uploads\/2025\/01\/1000282431-768x576.jpg 768w, https:\/\/www.paranapraia.com.br\/wp-content\/uploads\/2025\/01\/1000282431-696x522.jpg 696w, https:\/\/www.paranapraia.com.br\/wp-content\/uploads\/2025\/01\/1000282431-1068x801.jpg 1068w, https:\/\/www.paranapraia.com.br\/wp-content\/uploads\/2025\/01\/1000282431-scaled.jpg 800w\" sizes=\"(max-width: 1024px) 100vw, 1024px\" \/><\/figure>\n\n\n\n<figure class=\"wp-block-image size-large\"><img loading=\"lazy\" decoding=\"async\" width=\"1024\" height=\"768\" data-id=\"64120\" src=\"https:\/\/www.paranapraia.com.br\/wp-content\/uploads\/2025\/01\/1000282432-1024x768.jpg\" alt=\"\" class=\"wp-image-64120\" srcset=\"https:\/\/www.paranapraia.com.br\/wp-content\/uploads\/2025\/01\/1000282432-1024x768.jpg 1024w, https:\/\/www.paranapraia.com.br\/wp-content\/uploads\/2025\/01\/1000282432-300x225.jpg 300w, https:\/\/www.paranapraia.com.br\/wp-content\/uploads\/2025\/01\/1000282432-768x576.jpg 768w, https:\/\/www.paranapraia.com.br\/wp-content\/uploads\/2025\/01\/1000282432-696x522.jpg 696w, https:\/\/www.paranapraia.com.br\/wp-content\/uploads\/2025\/01\/1000282432-1068x801.jpg 1068w, https:\/\/www.paranapraia.com.br\/wp-content\/uploads\/2025\/01\/1000282432-scaled.jpg 800w\" sizes=\"(max-width: 1024px) 100vw, 1024px\" \/><\/figure>\n\n\n\n<figure class=\"wp-block-image size-large\"><img loading=\"lazy\" decoding=\"async\" width=\"1024\" height=\"768\" data-id=\"64125\" src=\"https:\/\/www.paranapraia.com.br\/wp-content\/uploads\/2025\/01\/1000282429-1024x768.jpg\" alt=\"\" class=\"wp-image-64125\" srcset=\"https:\/\/www.paranapraia.com.br\/wp-content\/uploads\/2025\/01\/1000282429-1024x768.jpg 1024w, https:\/\/www.paranapraia.com.br\/wp-content\/uploads\/2025\/01\/1000282429-300x225.jpg 300w, https:\/\/www.paranapraia.com.br\/wp-content\/uploads\/2025\/01\/1000282429-768x576.jpg 768w, https:\/\/www.paranapraia.com.br\/wp-content\/uploads\/2025\/01\/1000282429-696x522.jpg 696w, https:\/\/www.paranapraia.com.br\/wp-content\/uploads\/2025\/01\/1000282429-1068x801.jpg 1068w, https:\/\/www.paranapraia.com.br\/wp-content\/uploads\/2025\/01\/1000282429-scaled.jpg 800w\" sizes=\"(max-width: 1024px) 100vw, 1024px\" \/><\/figure>\n\n\n\n<figure class=\"wp-block-image size-large\"><img loading=\"lazy\" decoding=\"async\" width=\"1024\" height=\"768\" data-id=\"64124\" src=\"https:\/\/www.paranapraia.com.br\/wp-content\/uploads\/2025\/01\/1000282428-1024x768.jpg\" alt=\"\" class=\"wp-image-64124\" srcset=\"https:\/\/www.paranapraia.com.br\/wp-content\/uploads\/2025\/01\/1000282428-1024x768.jpg 1024w, https:\/\/www.paranapraia.com.br\/wp-content\/uploads\/2025\/01\/1000282428-300x225.jpg 300w, https:\/\/www.paranapraia.com.br\/wp-content\/uploads\/2025\/01\/1000282428-768x576.jpg 768w, https:\/\/www.paranapraia.com.br\/wp-content\/uploads\/2025\/01\/1000282428-696x522.jpg 696w, https:\/\/www.paranapraia.com.br\/wp-content\/uploads\/2025\/01\/1000282428-1068x801.jpg 1068w, https:\/\/www.paranapraia.com.br\/wp-content\/uploads\/2025\/01\/1000282428-scaled.jpg 800w\" sizes=\"(max-width: 1024px) 100vw, 1024px\" \/><\/figure>\n<\/figure>\n\n\n\n<p>O encontro contou tamb\u00e9m com a presen\u00e7a da secret\u00e1ria municipal de Educa\u00e7\u00e3o, Simone Medina. Durante a conversa, as profissionais da alimenta\u00e7\u00e3o escolar apresentaram suas demandas, compartilharam experi\u00eancias e destacaram a import\u00e2ncia de seu trabalho para o bom funcionamento das escolas.<\/p>\n\n\n\n<p>\u201cAs merendeiras t\u00eam um papel fundamental no dia a dia dos nossos alunos. O alimento preparado com carinho e qualidade faz toda a diferen\u00e7a na rotina escolar. Nosso compromisso \u00e9 ouvir e apoiar essas profissionais, garantindo condi\u00e7\u00f5es adequadas para que desempenhem suas fun\u00e7\u00f5es\u201d, destacou a prefeita Rozane Osaki.<\/p>\n\n\n\n<p>Entre os principais pontos levantados pelas merendeiras, estiveram a necessidade de mais capacita\u00e7\u00e3o, melhorias nos equipamentos de cozinha e maior suporte para lidar com o aumento no n\u00famero de alunos. A secret\u00e1ria Simone Medina ressaltou que essas demandas ser\u00e3o analisadas com prioridade pela Secretaria de Educa\u00e7\u00e3o.<\/p>\n\n\n\n<p>\u201cEstamos trabalhando para oferecer o melhor ambiente de trabalho para nossas merendeiras, pois sabemos que elas contribuem diretamente para o bem-estar e o desempenho das crian\u00e7as\u201d, afirmou Simone Medina.<\/p>\n\n\n\n<p>Assessoria <\/p>\n","protected":false},"excerpt":{"rendered":"<p>Na manh\u00e3 desta sexta-feira (24), a prefeita Rozane Osaki promoveu mais uma edi\u00e7\u00e3o do \u201cCaf\u00e9 com a Prefeita\u201d, um momento de escuta e troca de ideias com diferentes segmentos da popula\u00e7\u00e3o. Desta vez, as convidadas foram as merendeiras da Rede Municipal de Ensino, que est\u00e3o se preparando para o retorno das aulas. O encontro contou [&hellip;]<\/p>\n","protected":false},"author":2,"featured_media":64126,"comment_status":"open","ping_status":"open","sticky":false,"template":"","format":"standard","meta":{"advanced_seo_description":"","jetpack_seo_html_title":"","jetpack_seo_noindex":false,"_jetpack_memberships_contains_paid_content":false,"footnotes":""},"categories":[132],"tags":[388],"class_list":{"0":"post-64118","1":"post","2":"type-post","3":"status-publish","4":"format-standard","5":"has-post-thumbnail","7":"category-antonina","8":"tag-antonina"},"jetpack_featured_media_url":"https:\/\/www.paranapraia.com.br\/wp-content\/uploads\/2025\/01\/FB_IMG_1737731009652-scaled.jpg","jetpack_sharing_enabled":true,"_links":{"self":[{"href":"https:\/\/www.paranapraia.com.br\/index.php\/wp-json\/wp\/v2\/posts\/64118"}],"collection":[{"href":"https:\/\/www.paranapraia.com.br\/index.php\/wp-json\/wp\/v2\/posts"}],"about":[{"href":"https:\/\/www.paranapraia.com.br\/index.php\/wp-json\/wp\/v2\/types\/post"}],"author":[{"embeddable":true,"href":"https:\/\/www.paranapraia.com.br\/index.php\/wp-json\/wp\/v2\/users\/2"}],"replies":[{"embeddable":true,"href":"https:\/\/www.paranapraia.com.br\/index.php\/wp-json\/wp\/v2\/comments?post=64118"}],"version-history":[{"count":1,"href":"https:\/\/www.paranapraia.com.br\/index.php\/wp-json\/wp\/v2\/posts\/64118\/revisions"}],"predecessor-version":[{"id":64127,"href":"https:\/\/www.paranapraia.com.br\/index.php\/wp-json\/wp\/v2\/posts\/64118\/revisions\/64127"}],"wp:featuredmedia":[{"embeddable":true,"href":"https:\/\/www.paranapraia.com.br\/index.php\/wp-json\/wp\/v2\/media\/64126"}],"wp:attachment":[{"href":"https:\/\/www.paranapraia.com.br\/index.php\/wp-json\/wp\/v2\/media?parent=64118"}],"wp:term":[{"taxonomy":"category","embeddable":true,"href":"https:\/\/www.paranapraia.com.br\/index.php\/wp-json\/wp\/v2\/categories?post=64118"},{"taxonomy":"post_tag","embeddable":true,"href":"https:\/\/www.paranapraia.com.br\/index.php\/wp-json\/wp\/v2\/tags?post=64118"}],"curies":[{"name":"wp","href":"https:\/\/api.w.org\/{rel}","templated":true}]}}