{"id":64115,"date":"2025-01-24T12:02:39","date_gmt":"2025-01-24T15:02:39","guid":{"rendered":"https:\/\/www.paranapraia.com.br\/?p=64115"},"modified":"2025-01-24T12:02:42","modified_gmt":"2025-01-24T15:02:42","slug":"acoes-de-limpeza-saude-e-lazer-acontecem-na-ponta-da-pita-neste-sabado","status":"publish","type":"post","link":"https:\/\/www.paranapraia.com.br\/index.php\/2025\/01\/24\/acoes-de-limpeza-saude-e-lazer-acontecem-na-ponta-da-pita-neste-sabado\/","title":{"rendered":"A\u00e7\u00f5es de limpeza, sa\u00fade e lazer acontecem na Ponta da Pita neste s\u00e1bado"},"content":{"rendered":"\n<p>A prefeita de Antonina, Rozane Osaki, se reuniu com representantes da Sanepar para organizar as atividades que acontecer\u00e3o no pr\u00f3ximo s\u00e1bado, dia 25 de janeiro, na Ponta da Pita. A equipe da Sanepar, formada por Mauro Gomes (t\u00e9cnico), Lucilene Costa (coordenadora do programa de voluntariado) e Sabrina Riceto (assessora de diretoria), apresentou os detalhes da a\u00e7\u00e3o.<\/p>\n\n\n\n<p>Como parte da comemora\u00e7\u00e3o dos 62 anos da Sanepar, a empresa realizar\u00e1 atividades de limpeza na Ponta da Pita e na Feira Mar, al\u00e9m de promover a\u00e7\u00f5es educativas sobre preserva\u00e7\u00e3o ambiental. A iniciativa faz parte do compromisso da Sanepar com o munic\u00edpio, alinhado ao Protocolo de Inten\u00e7\u00f5es de Saneamento B\u00e1sico, e refor\u00e7a a parceria com a Prefeitura para proteger o meio ambiente.<\/p>\n\n\n\n<p>A Secretaria Municipal de Sa\u00fade tamb\u00e9m estar\u00e1 presente com uma campanha de conscientiza\u00e7\u00e3o sobre a dengue. A a\u00e7\u00e3o vai orientar os moradores sobre os cuidados necess\u00e1rios para evitar o mosquito Aedes aegypti.<\/p>\n\n\n\n<p>A equipe itinerante do Ver\u00e3o Maior Paran\u00e1 participar\u00e1 do evento oferecendo atividades esportivas, recreativas e momentos de lazer para todas as idades, garantindo divers\u00e3o e integra\u00e7\u00e3o.<\/p>\n\n\n\n<p>O evento come\u00e7a \u00e0s 9h e ter\u00e1 uma programa\u00e7\u00e3o para reunir a comunidade e visitantes, unindo cuidados com o meio ambiente, sa\u00fade e divers\u00e3o<\/p>\n","protected":false},"excerpt":{"rendered":"<p>A prefeita de Antonina, Rozane Osaki, se reuniu com representantes da Sanepar para organizar as atividades que acontecer\u00e3o no pr\u00f3ximo s\u00e1bado, dia 25 de janeiro, na Ponta da Pita. A equipe da Sanepar, formada por Mauro Gomes (t\u00e9cnico), Lucilene Costa (coordenadora do programa de voluntariado) e Sabrina Riceto (assessora de diretoria), apresentou os detalhes da [&hellip;]<\/p>\n","protected":false},"author":2,"featured_media":64116,"comment_status":"open","ping_status":"open","sticky":false,"template":"","format":"standard","meta":{"advanced_seo_description":"","jetpack_seo_html_title":"","jetpack_seo_noindex":false,"_jetpack_memberships_contains_paid_content":false,"footnotes":""},"categories":[132],"tags":[388],"class_list":{"0":"post-64115","1":"post","2":"type-post","3":"status-publish","4":"format-standard","5":"has-post-thumbnail","7":"category-antonina","8":"tag-antonina"},"jetpack_featured_media_url":"https:\/\/www.paranapraia.com.br\/wp-content\/uploads\/2025\/01\/FB_IMG_1737730860816-scaled.jpg","jetpack_sharing_enabled":true,"_links":{"self":[{"href":"https:\/\/www.paranapraia.com.br\/index.php\/wp-json\/wp\/v2\/posts\/64115"}],"collection":[{"href":"https:\/\/www.paranapraia.com.br\/index.php\/wp-json\/wp\/v2\/posts"}],"about":[{"href":"https:\/\/www.paranapraia.com.br\/index.php\/wp-json\/wp\/v2\/types\/post"}],"author":[{"embeddable":true,"href":"https:\/\/www.paranapraia.com.br\/index.php\/wp-json\/wp\/v2\/users\/2"}],"replies":[{"embeddable":true,"href":"https:\/\/www.paranapraia.com.br\/index.php\/wp-json\/wp\/v2\/comments?post=64115"}],"version-history":[{"count":1,"href":"https:\/\/www.paranapraia.com.br\/index.php\/wp-json\/wp\/v2\/posts\/64115\/revisions"}],"predecessor-version":[{"id":64117,"href":"https:\/\/www.paranapraia.com.br\/index.php\/wp-json\/wp\/v2\/posts\/64115\/revisions\/64117"}],"wp:featuredmedia":[{"embeddable":true,"href":"https:\/\/www.paranapraia.com.br\/index.php\/wp-json\/wp\/v2\/media\/64116"}],"wp:attachment":[{"href":"https:\/\/www.paranapraia.com.br\/index.php\/wp-json\/wp\/v2\/media?parent=64115"}],"wp:term":[{"taxonomy":"category","embeddable":true,"href":"https:\/\/www.paranapraia.com.br\/index.php\/wp-json\/wp\/v2\/categories?post=64115"},{"taxonomy":"post_tag","embeddable":true,"href":"https:\/\/www.paranapraia.com.br\/index.php\/wp-json\/wp\/v2\/tags?post=64115"}],"curies":[{"name":"wp","href":"https:\/\/api.w.org\/{rel}","templated":true}]}}