{"id":64111,"date":"2025-01-24T11:33:45","date_gmt":"2025-01-24T14:33:45","guid":{"rendered":"https:\/\/www.paranapraia.com.br\/?p=64111"},"modified":"2025-01-24T11:33:48","modified_gmt":"2025-01-24T14:33:48","slug":"prefeito-adriano-ramos-recebe-representantes-da-intersindical","status":"publish","type":"post","link":"https:\/\/www.paranapraia.com.br\/index.php\/2025\/01\/24\/prefeito-adriano-ramos-recebe-representantes-da-intersindical\/","title":{"rendered":"Prefeito Adriano Ramos recebe representantes da Intersindical"},"content":{"rendered":"\n<p>Na manh\u00e3 desta sexta-feira (24), o prefeito Adriano Ramos esteve reunido com a Intersindical de Paranagu\u00e1, entidade que congrega todos os Sindicatos de Trabalhadores Portu\u00e1rios Avulsos da orla portu\u00e1ria. Participaram tamb\u00e9m representantes de cooperativas.<\/p>\n\n\n\n<p>\u201cA reuni\u00e3o visa trazer o setor sindical para lutar com a gente em busca de uma Paranagu\u00e1 mais justa e colocar a cidade no caminho do progresso\u201d, explica o secret\u00e1rio de Trabalho, Emprego e Assuntos Sindicais, Wagih Hammoud.<\/p>\n\n\n\n<p>O encontro contou com a presen\u00e7a de M\u00e1rio Teixeira, presidente da FENCCOVIB, Federa\u00e7\u00e3o Nacional que representa os trabalhadores avulsos. \u201cFoi uma \u00f3tima reuni\u00e3o, principalmente pelo prest\u00edgio que recebemos nesse encontro com o prefeito Adriano Ramos, pois ele sempre mostra que est\u00e1 ao lado do trabalhador portu\u00e1rio e isso \u00e9 muito importante para todos n\u00f3s\u201d, destaca M\u00e1rio Teixeira.<\/p>\n\n\n\n<p>\u201cA gest\u00e3o Adriano Ramos tem colocado em pr\u00e1tica o que prometeu na campanha, que \u00e9 fazer da prefeitura de Paranagu\u00e1, uma casa aberta ao povo e essa reuni\u00e3o de hoje demonstra exatamente isso\u201d, avalia a vice-prefeita Fabiana Parro.<\/p>\n\n\n\n<p>\u201cFicamos muito felizes e satisfeitos em receber representantes dos Sindicatos dos Trabalhadores Avulsos e cooperativas de Paranagu\u00e1. Para mim, esse estreitamento \u00e9 muito importante, pois sou filho de estivador. Estamos prontos como poder executivo para atender as demandas desses trabalhadores\u201d, completa o prefeito Adriano Ramos.<\/p>\n\n\n\n<p>Assessoria<\/p>\n","protected":false},"excerpt":{"rendered":"<p>Na manh\u00e3 desta sexta-feira (24), o prefeito Adriano Ramos esteve reunido com a Intersindical de Paranagu\u00e1, entidade que congrega todos os Sindicatos de Trabalhadores Portu\u00e1rios Avulsos da orla portu\u00e1ria. Participaram tamb\u00e9m representantes de cooperativas. \u201cA reuni\u00e3o visa trazer o setor sindical para lutar com a gente em busca de uma Paranagu\u00e1 mais justa e colocar [&hellip;]<\/p>\n","protected":false},"author":2,"featured_media":64112,"comment_status":"open","ping_status":"open","sticky":false,"template":"","format":"standard","meta":{"advanced_seo_description":"","jetpack_seo_html_title":"","jetpack_seo_noindex":false,"_jetpack_memberships_contains_paid_content":false,"footnotes":""},"categories":[77,1],"tags":[321],"class_list":{"0":"post-64111","1":"post","2":"type-post","3":"status-publish","4":"format-standard","5":"has-post-thumbnail","7":"category-paranagua","8":"category-sem-categoria","9":"tag-paranagua"},"jetpack_featured_media_url":"https:\/\/www.paranapraia.com.br\/wp-content\/uploads\/2025\/01\/thumb-58-scaled.jpeg","jetpack_sharing_enabled":true,"_links":{"self":[{"href":"https:\/\/www.paranapraia.com.br\/index.php\/wp-json\/wp\/v2\/posts\/64111"}],"collection":[{"href":"https:\/\/www.paranapraia.com.br\/index.php\/wp-json\/wp\/v2\/posts"}],"about":[{"href":"https:\/\/www.paranapraia.com.br\/index.php\/wp-json\/wp\/v2\/types\/post"}],"author":[{"embeddable":true,"href":"https:\/\/www.paranapraia.com.br\/index.php\/wp-json\/wp\/v2\/users\/2"}],"replies":[{"embeddable":true,"href":"https:\/\/www.paranapraia.com.br\/index.php\/wp-json\/wp\/v2\/comments?post=64111"}],"version-history":[{"count":1,"href":"https:\/\/www.paranapraia.com.br\/index.php\/wp-json\/wp\/v2\/posts\/64111\/revisions"}],"predecessor-version":[{"id":64114,"href":"https:\/\/www.paranapraia.com.br\/index.php\/wp-json\/wp\/v2\/posts\/64111\/revisions\/64114"}],"wp:featuredmedia":[{"embeddable":true,"href":"https:\/\/www.paranapraia.com.br\/index.php\/wp-json\/wp\/v2\/media\/64112"}],"wp:attachment":[{"href":"https:\/\/www.paranapraia.com.br\/index.php\/wp-json\/wp\/v2\/media?parent=64111"}],"wp:term":[{"taxonomy":"category","embeddable":true,"href":"https:\/\/www.paranapraia.com.br\/index.php\/wp-json\/wp\/v2\/categories?post=64111"},{"taxonomy":"post_tag","embeddable":true,"href":"https:\/\/www.paranapraia.com.br\/index.php\/wp-json\/wp\/v2\/tags?post=64111"}],"curies":[{"name":"wp","href":"https:\/\/api.w.org\/{rel}","templated":true}]}}