{"id":64107,"date":"2025-01-24T10:49:22","date_gmt":"2025-01-24T13:49:22","guid":{"rendered":"https:\/\/www.paranapraia.com.br\/?p=64107"},"modified":"2025-01-24T10:49:25","modified_gmt":"2025-01-24T13:49:25","slug":"secretaria-de-cultura-e-turismo-inicia-restauro-do-chafariz-da-praca-de-eventos","status":"publish","type":"post","link":"https:\/\/www.paranapraia.com.br\/index.php\/2025\/01\/24\/secretaria-de-cultura-e-turismo-inicia-restauro-do-chafariz-da-praca-de-eventos\/","title":{"rendered":"Secretaria de Cultura e Turismo inicia restauro do chafariz da Pra\u00e7a de Eventos"},"content":{"rendered":"\n<p>A Secretaria de Cultura e Turismo, com patroc\u00ednio e apoio da empresa Cirlene Tintas, iniciou nesta semana, o restauro do chafariz que fica na Pra\u00e7a de Eventos, em Paranagu\u00e1.<\/p>\n\n\n\n<figure class=\"wp-block-image size-full\"><img loading=\"lazy\" decoding=\"async\" width=\"800\" height=\"499\" src=\"https:\/\/www.paranapraia.com.br\/wp-content\/uploads\/2025\/01\/1000282243-scaled.jpg\" alt=\"\" class=\"wp-image-64109\" srcset=\"https:\/\/www.paranapraia.com.br\/wp-content\/uploads\/2025\/01\/1000282243-scaled.jpg 800w, https:\/\/www.paranapraia.com.br\/wp-content\/uploads\/2025\/01\/1000282243-300x187.jpg 300w, https:\/\/www.paranapraia.com.br\/wp-content\/uploads\/2025\/01\/1000282243-768x479.jpg 768w, https:\/\/www.paranapraia.com.br\/wp-content\/uploads\/2025\/01\/1000282243-696x434.jpg 696w\" sizes=\"(max-width: 800px) 100vw, 800px\" \/><\/figure>\n\n\n\n<p>A obra data o ano de 1914 e marca o progresso da cidade com a inaugura\u00e7\u00e3o da distribui\u00e7\u00e3o de \u00e1gua encanada, ela foi encomendada pela Prefeitura de Paranagu\u00e1 em 1913, no governo do prefeito Dr. Caetano Munhoz da Rocha.<\/p>\n\n\n\n<p>O chafariz \u00e9 uma obra da Fundi\u00e7\u00e3o Val D\u2019Osne, uma importante fundi\u00e7\u00e3o francesa, e sua figura central foi criada por Mathurin Moreau, famoso escultor franc\u00eas nascido em 1822.<\/p>\n\n\n\n<p>Assessoria<\/p>\n","protected":false},"excerpt":{"rendered":"<p>A Secretaria de Cultura e Turismo, com patroc\u00ednio e apoio da empresa Cirlene Tintas, iniciou nesta semana, o restauro do chafariz que fica na Pra\u00e7a de Eventos, em Paranagu\u00e1. A obra data o ano de 1914 e marca o progresso da cidade com a inaugura\u00e7\u00e3o da distribui\u00e7\u00e3o de \u00e1gua encanada, ela foi encomendada pela Prefeitura [&hellip;]<\/p>\n","protected":false},"author":2,"featured_media":64108,"comment_status":"open","ping_status":"open","sticky":false,"template":"","format":"standard","meta":{"advanced_seo_description":"","jetpack_seo_html_title":"","jetpack_seo_noindex":false,"_jetpack_memberships_contains_paid_content":false,"footnotes":""},"categories":[77],"tags":[],"class_list":{"0":"post-64107","1":"post","2":"type-post","3":"status-publish","4":"format-standard","5":"has-post-thumbnail","7":"category-paranagua"},"jetpack_featured_media_url":"https:\/\/www.paranapraia.com.br\/wp-content\/uploads\/2025\/01\/thumb-56-scaled.jpeg","jetpack_sharing_enabled":true,"_links":{"self":[{"href":"https:\/\/www.paranapraia.com.br\/index.php\/wp-json\/wp\/v2\/posts\/64107"}],"collection":[{"href":"https:\/\/www.paranapraia.com.br\/index.php\/wp-json\/wp\/v2\/posts"}],"about":[{"href":"https:\/\/www.paranapraia.com.br\/index.php\/wp-json\/wp\/v2\/types\/post"}],"author":[{"embeddable":true,"href":"https:\/\/www.paranapraia.com.br\/index.php\/wp-json\/wp\/v2\/users\/2"}],"replies":[{"embeddable":true,"href":"https:\/\/www.paranapraia.com.br\/index.php\/wp-json\/wp\/v2\/comments?post=64107"}],"version-history":[{"count":1,"href":"https:\/\/www.paranapraia.com.br\/index.php\/wp-json\/wp\/v2\/posts\/64107\/revisions"}],"predecessor-version":[{"id":64110,"href":"https:\/\/www.paranapraia.com.br\/index.php\/wp-json\/wp\/v2\/posts\/64107\/revisions\/64110"}],"wp:featuredmedia":[{"embeddable":true,"href":"https:\/\/www.paranapraia.com.br\/index.php\/wp-json\/wp\/v2\/media\/64108"}],"wp:attachment":[{"href":"https:\/\/www.paranapraia.com.br\/index.php\/wp-json\/wp\/v2\/media?parent=64107"}],"wp:term":[{"taxonomy":"category","embeddable":true,"href":"https:\/\/www.paranapraia.com.br\/index.php\/wp-json\/wp\/v2\/categories?post=64107"},{"taxonomy":"post_tag","embeddable":true,"href":"https:\/\/www.paranapraia.com.br\/index.php\/wp-json\/wp\/v2\/tags?post=64107"}],"curies":[{"name":"wp","href":"https:\/\/api.w.org\/{rel}","templated":true}]}}