{"id":64065,"date":"2025-01-23T15:33:01","date_gmt":"2025-01-23T18:33:01","guid":{"rendered":"https:\/\/www.paranapraia.com.br\/?p=64065"},"modified":"2025-01-23T15:33:03","modified_gmt":"2025-01-23T18:33:03","slug":"prefeitura-de-paranagua-orienta-sobre-o-defeso-do-camarao","status":"publish","type":"post","link":"https:\/\/www.paranapraia.com.br\/index.php\/2025\/01\/23\/prefeitura-de-paranagua-orienta-sobre-o-defeso-do-camarao\/","title":{"rendered":"Prefeitura de Paranagu\u00e1 orienta sobre o defeso do camar\u00e3o"},"content":{"rendered":"\n<p>Com o objetivo de garantir a sustentabilidade e os meios de reprodu\u00e7\u00e3o do camar\u00e3o, a Secretaria de Aquicultura e Pesca orienta para o per\u00edodo de defeso que acontece de 28 de janeiro at\u00e9 30 de abril. Neste per\u00edodo, est\u00e1 proibida a comercializa\u00e7\u00e3o do camar\u00e3o branco, camar\u00e3o rosa e camar\u00e3o 7 barbas.<\/p>\n\n\n\n<figure class=\"wp-block-image size-full\"><img loading=\"lazy\" decoding=\"async\" width=\"800\" height=\"499\" src=\"https:\/\/www.paranapraia.com.br\/wp-content\/uploads\/2025\/01\/1000281261-scaled.jpg\" alt=\"\" class=\"wp-image-64067\" srcset=\"https:\/\/www.paranapraia.com.br\/wp-content\/uploads\/2025\/01\/1000281261-scaled.jpg 800w, https:\/\/www.paranapraia.com.br\/wp-content\/uploads\/2025\/01\/1000281261-300x187.jpg 300w, https:\/\/www.paranapraia.com.br\/wp-content\/uploads\/2025\/01\/1000281261-768x479.jpg 768w, https:\/\/www.paranapraia.com.br\/wp-content\/uploads\/2025\/01\/1000281261-696x434.jpg 696w\" sizes=\"(max-width: 800px) 100vw, 800px\" \/><\/figure>\n\n\n\n<p>Para que o pescador garanta o sustento familiar durante os meses de pausa na pesca do camar\u00e3o, ele deve solicitar o seguro-defeso. \u201c O seguro-defeso \u00e9 solicitado pelo pescador profissional no INSS, ele garante o sustento da sua fam\u00edlia neste per\u00edodo\u201d, explica a Secretaria de Aquicultura e Pesca.<\/p>\n\n\n\n<p>J\u00e1 para os consumidores, a dica neste per\u00edodo \u00e9 consumir os camar\u00f5es de cultivo. \u201cO pr\u00f3prio consumidor precisa ter consci\u00eancia e nesse momento do defeso, optar pelo camar\u00e3o de cultivo, de \u00e1gua doce ou \u00e1gua salobra. Inclusive em Paranagu\u00e1, temos o cultivo na \u00e1gua salgada, isso faz com que o pescador e o produtor consigam escoar a sua produ\u00e7\u00e3o\u201d, completa a Secretaria.<\/p>\n\n\n\n<p>A Secretaria de Aquicultura e Pesca destaca que os pescadores que estiverem com suas embarca\u00e7\u00f5es no mar at\u00e9 30 de janeiro, devem declarar o estoque logo na chegada, para que possam vender o camar\u00e3o congelado. Para isso, devem preencher o formul\u00e1rio de declara\u00e7\u00e3o de estoque que est\u00e1 dispon\u00edvel no site do Governo Federal, na p\u00e1gina do Minist\u00e9rio da Pesca.<\/p>\n\n\n\n<p>Assessoria <\/p>\n","protected":false},"excerpt":{"rendered":"<p>Com o objetivo de garantir a sustentabilidade e os meios de reprodu\u00e7\u00e3o do camar\u00e3o, a Secretaria de Aquicultura e Pesca orienta para o per\u00edodo de defeso que acontece de 28 de janeiro at\u00e9 30 de abril. Neste per\u00edodo, est\u00e1 proibida a comercializa\u00e7\u00e3o do camar\u00e3o branco, camar\u00e3o rosa e camar\u00e3o 7 barbas. Para que o pescador [&hellip;]<\/p>\n","protected":false},"author":2,"featured_media":64068,"comment_status":"open","ping_status":"open","sticky":false,"template":"","format":"standard","meta":{"advanced_seo_description":"","jetpack_seo_html_title":"","jetpack_seo_noindex":false,"_jetpack_memberships_contains_paid_content":false,"footnotes":""},"categories":[40,77],"tags":[863,321],"class_list":{"0":"post-64065","1":"post","2":"type-post","3":"status-publish","4":"format-standard","5":"has-post-thumbnail","7":"category-destaques","8":"category-paranagua","9":"tag-camarao","10":"tag-paranagua"},"jetpack_featured_media_url":"https:\/\/www.paranapraia.com.br\/wp-content\/uploads\/2025\/01\/thumb-54-scaled.jpeg","jetpack_sharing_enabled":true,"_links":{"self":[{"href":"https:\/\/www.paranapraia.com.br\/index.php\/wp-json\/wp\/v2\/posts\/64065"}],"collection":[{"href":"https:\/\/www.paranapraia.com.br\/index.php\/wp-json\/wp\/v2\/posts"}],"about":[{"href":"https:\/\/www.paranapraia.com.br\/index.php\/wp-json\/wp\/v2\/types\/post"}],"author":[{"embeddable":true,"href":"https:\/\/www.paranapraia.com.br\/index.php\/wp-json\/wp\/v2\/users\/2"}],"replies":[{"embeddable":true,"href":"https:\/\/www.paranapraia.com.br\/index.php\/wp-json\/wp\/v2\/comments?post=64065"}],"version-history":[{"count":1,"href":"https:\/\/www.paranapraia.com.br\/index.php\/wp-json\/wp\/v2\/posts\/64065\/revisions"}],"predecessor-version":[{"id":64069,"href":"https:\/\/www.paranapraia.com.br\/index.php\/wp-json\/wp\/v2\/posts\/64065\/revisions\/64069"}],"wp:featuredmedia":[{"embeddable":true,"href":"https:\/\/www.paranapraia.com.br\/index.php\/wp-json\/wp\/v2\/media\/64068"}],"wp:attachment":[{"href":"https:\/\/www.paranapraia.com.br\/index.php\/wp-json\/wp\/v2\/media?parent=64065"}],"wp:term":[{"taxonomy":"category","embeddable":true,"href":"https:\/\/www.paranapraia.com.br\/index.php\/wp-json\/wp\/v2\/categories?post=64065"},{"taxonomy":"post_tag","embeddable":true,"href":"https:\/\/www.paranapraia.com.br\/index.php\/wp-json\/wp\/v2\/tags?post=64065"}],"curies":[{"name":"wp","href":"https:\/\/api.w.org\/{rel}","templated":true}]}}