{"id":64006,"date":"2025-01-22T20:18:34","date_gmt":"2025-01-22T23:18:34","guid":{"rendered":"https:\/\/www.paranapraia.com.br\/?p=64006"},"modified":"2025-01-22T20:18:36","modified_gmt":"2025-01-22T23:18:36","slug":"paranagua-camara-de-vereadores-recebe-visita-do-juiz-diretor-do-forum-da-comarca-de-paranagua","status":"publish","type":"post","link":"https:\/\/www.paranapraia.com.br\/index.php\/2025\/01\/22\/paranagua-camara-de-vereadores-recebe-visita-do-juiz-diretor-do-forum-da-comarca-de-paranagua\/","title":{"rendered":"Paranagu\u00e1: C\u00e2mara de vereadores recebe visita do juiz diretor do f\u00f3rum da comarca de Paranagu\u00e1"},"content":{"rendered":"\n<p>Na tarde da \u00faltima quarta-feira, 22, a C\u00e2mara Municipal de Paranagu\u00e1 teve a honra de receber a visita do Dr. Eduardo Ressetti Pinheiro Marques Vianna, Juiz de Direito da 2.\u00aa Vara C\u00edvel e diretor do F\u00f3rum da Comarca de Paranagu\u00e1. O encontro aconteceu na sala de reuni\u00f5es do Pal\u00e1cio Carij\u00f3 e marcou um importante momento de di\u00e1logo entre os poderes Legislativo e Judici\u00e1rio.<\/p>\n\n\n\n<p>Recebido pelo presidente da C\u00e2mara, Adalberto Marcos de Ara\u00fajo, e pelos vereadores, o magistrado participou de uma reuni\u00e3o que reuniu outras autoridades locais para discutir pautas de interesse comum. O objetivo foi estreitar os la\u00e7os institucionais, promover a coopera\u00e7\u00e3o entre os dois poderes e buscar solu\u00e7\u00f5es conjuntas para desafios que impactam diretamente a popula\u00e7\u00e3o parnanguara.<\/p>\n\n\n\n<p>Entre os temas debatidos, destacaram-se a\u00e7\u00f5es voltadas ao fortalecimento da justi\u00e7a comunit\u00e1ria, melhorias na tramita\u00e7\u00e3o de processos e projetos que possam beneficiar a cidade no \u00e2mbito legal e social. Durante o encontro, tanto o magistrado quanto os representantes do Legislativo refor\u00e7aram o compromisso com o desenvolvimento sustent\u00e1vel e com o bem-estar dos cidad\u00e3os.<\/p>\n\n\n\n<p>Dr. Eduardo Ressetti Vianna ressaltou a import\u00e2ncia da parceria entre os poderes para garantir uma gest\u00e3o p\u00fablica mais eficiente e que responda aos anseios da sociedade. \u201cO di\u00e1logo constante entre Judici\u00e1rio e Legislativo \u00e9 fundamental para criar pol\u00edticas p\u00fablicas que atendam \u00e0s demandas da popula\u00e7\u00e3o com agilidade e justi\u00e7a,\u201d destacou o juiz.<\/p>\n\n\n\n<p>O presidente Adalberto Marcos de Ara\u00fajo tamb\u00e9m sublinhou a relev\u00e2ncia da visita. \u201cReceber o diretor do F\u00f3rum demonstra a maturidade e a uni\u00e3o entre os poderes em prol de Paranagu\u00e1. Estamos comprometidos em manter essa rela\u00e7\u00e3o produtiva e transparente,\u201d afirmou.<\/p>\n\n\n\n<p>A visita foi vista como um marco para fortalecer o alinhamento entre as institui\u00e7\u00f5es, reafirmando a import\u00e2ncia de um trabalho conjunto que priorize as necessidades da comunidade. Essa aproxima\u00e7\u00e3o abre espa\u00e7o para futuras iniciativas colaborativas, garantindo que o di\u00e1logo entre os poderes se mantenha ativo e produtivo.<\/p>\n\n\n\n<p>A C\u00e2mara de Paranagu\u00e1 reafirma seu compromisso em ser um espa\u00e7o aberto para discuss\u00f5es que contribuam para o progresso do munic\u00edpio, unindo esfor\u00e7os em busca de solu\u00e7\u00f5es que beneficiem toda a popula\u00e7\u00e3o.<\/p>\n\n\n\n<p><\/p>\n","protected":false},"excerpt":{"rendered":"<p>Na tarde da \u00faltima quarta-feira, 22, a C\u00e2mara Municipal de Paranagu\u00e1 teve a honra de receber a visita do Dr. Eduardo Ressetti Pinheiro Marques Vianna, Juiz de Direito da 2.\u00aa Vara C\u00edvel e diretor do F\u00f3rum da Comarca de Paranagu\u00e1. O encontro aconteceu na sala de reuni\u00f5es do Pal\u00e1cio Carij\u00f3 e marcou um importante momento [&hellip;]<\/p>\n","protected":false},"author":2,"featured_media":64007,"comment_status":"open","ping_status":"open","sticky":false,"template":"","format":"standard","meta":{"advanced_seo_description":"","jetpack_seo_html_title":"","jetpack_seo_noindex":false,"_jetpack_memberships_contains_paid_content":false,"footnotes":""},"categories":[77,32],"tags":[321],"class_list":{"0":"post-64006","1":"post","2":"type-post","3":"status-publish","4":"format-standard","5":"has-post-thumbnail","7":"category-paranagua","8":"category-politica","9":"tag-paranagua"},"jetpack_featured_media_url":"https:\/\/www.paranapraia.com.br\/wp-content\/uploads\/2025\/01\/FB_IMG_1737587880326.jpg","jetpack_sharing_enabled":true,"_links":{"self":[{"href":"https:\/\/www.paranapraia.com.br\/index.php\/wp-json\/wp\/v2\/posts\/64006"}],"collection":[{"href":"https:\/\/www.paranapraia.com.br\/index.php\/wp-json\/wp\/v2\/posts"}],"about":[{"href":"https:\/\/www.paranapraia.com.br\/index.php\/wp-json\/wp\/v2\/types\/post"}],"author":[{"embeddable":true,"href":"https:\/\/www.paranapraia.com.br\/index.php\/wp-json\/wp\/v2\/users\/2"}],"replies":[{"embeddable":true,"href":"https:\/\/www.paranapraia.com.br\/index.php\/wp-json\/wp\/v2\/comments?post=64006"}],"version-history":[{"count":1,"href":"https:\/\/www.paranapraia.com.br\/index.php\/wp-json\/wp\/v2\/posts\/64006\/revisions"}],"predecessor-version":[{"id":64008,"href":"https:\/\/www.paranapraia.com.br\/index.php\/wp-json\/wp\/v2\/posts\/64006\/revisions\/64008"}],"wp:featuredmedia":[{"embeddable":true,"href":"https:\/\/www.paranapraia.com.br\/index.php\/wp-json\/wp\/v2\/media\/64007"}],"wp:attachment":[{"href":"https:\/\/www.paranapraia.com.br\/index.php\/wp-json\/wp\/v2\/media?parent=64006"}],"wp:term":[{"taxonomy":"category","embeddable":true,"href":"https:\/\/www.paranapraia.com.br\/index.php\/wp-json\/wp\/v2\/categories?post=64006"},{"taxonomy":"post_tag","embeddable":true,"href":"https:\/\/www.paranapraia.com.br\/index.php\/wp-json\/wp\/v2\/tags?post=64006"}],"curies":[{"name":"wp","href":"https:\/\/api.w.org\/{rel}","templated":true}]}}