{"id":64003,"date":"2025-01-22T20:12:39","date_gmt":"2025-01-22T23:12:39","guid":{"rendered":"https:\/\/www.paranapraia.com.br\/?p=64003"},"modified":"2025-01-22T20:12:42","modified_gmt":"2025-01-22T23:12:42","slug":"espetaculo-no-litoral-mistura-teatro-e-circo-para-conscientizar-sobre-importancia-da-agua","status":"publish","type":"post","link":"https:\/\/www.paranapraia.com.br\/index.php\/2025\/01\/22\/espetaculo-no-litoral-mistura-teatro-e-circo-para-conscientizar-sobre-importancia-da-agua\/","title":{"rendered":"Espet\u00e1culo no Litoral mistura teatro e circo para conscientizar sobre import\u00e2ncia da \u00e1gua"},"content":{"rendered":"\n<p>Come\u00e7ou nesta quarta-feira (22), na Praia Brava de Caiob\u00e1, em Matinhos, o espet\u00e1culo itinerante \u201cA Fonte M\u00e1gica\u201d, que nos pr\u00f3ximos dias percorrer\u00e1 outros balne\u00e1rios do Litoral do Estado. A apresenta\u00e7\u00e3o ocorreu no Palco Sunset, dentro da Arena do Ver\u00e3o Maior Paran\u00e1, e misturou elementos do teatro e do circo para estimular o p\u00fablico a pensar sobre o uso consciente dos recursos h\u00eddricos.<\/p>\n\n\n\n<p>Apesar da chuva no fim da tarde, as pessoas presentes, em sua maioria pais e av\u00f3s com crian\u00e7as, permanecerem firmes para acompanhar o espet\u00e1culo, que durou cerca de 50 minutos. Segundo a diretora e produtora, Michelle Porto, que \u00e9 moradora de Pontal do Paran\u00e1, \u201cA Fonte M\u00e1gica\u201d j\u00e1 foi apresentada mais de 170 vezes em diversos estados brasileiros ao longo dos \u00faltimos tr\u00eas anos, sempre bem recebida pelo p\u00fablico.<\/p>\n\n\n\n<p>\u201c\u00c9 um espet\u00e1culo que mescla na cena a linguagem do circo, do teatro, da m\u00fasica, mas que tamb\u00e9m provoca reflex\u00e3o sobre o uso consciente da \u00e1gua pot\u00e1vel do planeta e dos recursos h\u00eddricos\u201d, explicou Michelle.<\/p>\n\n\n\n<p>\u201cA arte \u00e9 entretenimento, mas tamb\u00e9m uma ferramenta de mudan\u00e7a social, ent\u00e3o para n\u00f3s, estar aqui na praia passando essa mensagem para o p\u00fablico, que mesmo com a chuva ficou at\u00e9 o final, \u00e9 uma grande oportunidade\u201d, acrescentou a diretora.<\/p>\n\n\n\n<p>Assessoria<\/p>\n","protected":false},"excerpt":{"rendered":"<p>Come\u00e7ou nesta quarta-feira (22), na Praia Brava de Caiob\u00e1, em Matinhos, o espet\u00e1culo itinerante \u201cA Fonte M\u00e1gica\u201d, que nos pr\u00f3ximos dias percorrer\u00e1 outros balne\u00e1rios do Litoral do Estado. A apresenta\u00e7\u00e3o ocorreu no Palco Sunset, dentro da Arena do Ver\u00e3o Maior Paran\u00e1, e misturou elementos do teatro e do circo para estimular o p\u00fablico a pensar [&hellip;]<\/p>\n","protected":false},"author":2,"featured_media":64004,"comment_status":"open","ping_status":"open","sticky":false,"template":"","format":"standard","meta":{"advanced_seo_description":"","jetpack_seo_html_title":"","jetpack_seo_noindex":false,"_jetpack_memberships_contains_paid_content":false,"footnotes":""},"categories":[78,40,91,34],"tags":[],"class_list":{"0":"post-64003","1":"post","2":"type-post","3":"status-publish","4":"format-standard","5":"has-post-thumbnail","7":"category-cultura","8":"category-destaques","9":"category-litoral","10":"category-meio-ambiente"},"jetpack_featured_media_url":"https:\/\/www.paranapraia.com.br\/wp-content\/uploads\/2025\/01\/arn09824-scaled.jpg","jetpack_sharing_enabled":true,"_links":{"self":[{"href":"https:\/\/www.paranapraia.com.br\/index.php\/wp-json\/wp\/v2\/posts\/64003"}],"collection":[{"href":"https:\/\/www.paranapraia.com.br\/index.php\/wp-json\/wp\/v2\/posts"}],"about":[{"href":"https:\/\/www.paranapraia.com.br\/index.php\/wp-json\/wp\/v2\/types\/post"}],"author":[{"embeddable":true,"href":"https:\/\/www.paranapraia.com.br\/index.php\/wp-json\/wp\/v2\/users\/2"}],"replies":[{"embeddable":true,"href":"https:\/\/www.paranapraia.com.br\/index.php\/wp-json\/wp\/v2\/comments?post=64003"}],"version-history":[{"count":1,"href":"https:\/\/www.paranapraia.com.br\/index.php\/wp-json\/wp\/v2\/posts\/64003\/revisions"}],"predecessor-version":[{"id":64005,"href":"https:\/\/www.paranapraia.com.br\/index.php\/wp-json\/wp\/v2\/posts\/64003\/revisions\/64005"}],"wp:featuredmedia":[{"embeddable":true,"href":"https:\/\/www.paranapraia.com.br\/index.php\/wp-json\/wp\/v2\/media\/64004"}],"wp:attachment":[{"href":"https:\/\/www.paranapraia.com.br\/index.php\/wp-json\/wp\/v2\/media?parent=64003"}],"wp:term":[{"taxonomy":"category","embeddable":true,"href":"https:\/\/www.paranapraia.com.br\/index.php\/wp-json\/wp\/v2\/categories?post=64003"},{"taxonomy":"post_tag","embeddable":true,"href":"https:\/\/www.paranapraia.com.br\/index.php\/wp-json\/wp\/v2\/tags?post=64003"}],"curies":[{"name":"wp","href":"https:\/\/api.w.org\/{rel}","templated":true}]}}