{"id":63939,"date":"2025-01-22T10:25:28","date_gmt":"2025-01-22T13:25:28","guid":{"rendered":"https:\/\/www.paranapraia.com.br\/?p=63939"},"modified":"2025-01-22T10:25:32","modified_gmt":"2025-01-22T13:25:32","slug":"nova-infraestrutura-das-praias-paranaenses-impressiona-turistas-estrangeiros","status":"publish","type":"post","link":"https:\/\/www.paranapraia.com.br\/index.php\/2025\/01\/22\/nova-infraestrutura-das-praias-paranaenses-impressiona-turistas-estrangeiros\/","title":{"rendered":"Nova infraestrutura das praias paranaenses impressiona turistas estrangeiros"},"content":{"rendered":"\n<p>A nova infraestrutura montada pelo Governo do Estado para o Ver\u00e3o Maior Paran\u00e1 t\u00eam chamado a aten\u00e7\u00e3o de turistas de outras nacionalidades e ajudado a consolidar o Litoral paranaense como um potencial destino internacional. Visitantes do Paraguai e da Argentina, que representam o maior volume de turistas estrangeiros nesta temporada, tamb\u00e9m destacam a seguran\u00e7a e os shows nacionais como diferenciais para a escolha das praias estaduais para passar as f\u00e9rias.<\/p>\n\n\n\n<p>A obra que melhor representa a nova etapa do turismo no Litoral do Estado \u00e9, sem d\u00favidas, a revitaliza\u00e7\u00e3o da orla de Matinhos, cujas interven\u00e7\u00f5es&nbsp;<a href=\"https:\/\/www.aen.pr.gov.br\/Noticia\/Perto-do-fim-intervencoes-na-nova-Orla-de-Matinhos-alcancam-97-de-execucao\" target=\"_blank\" rel=\"noreferrer noopener\">chegaram a 97% de conclus\u00e3o<\/a>&nbsp;no in\u00edcio de janeiro. Com um investimento que ultrapassa os R$ 500 milh\u00f5es do executivo estadual, trata-se de um dos maiores projetos de revitaliza\u00e7\u00e3o litor\u00e2nea da Am\u00e9rica Latina.<\/p>\n\n\n\n<p>As melhorias envolvem a engorda de 6,3 quil\u00f4metros de faixa de areia e a reurbaniza\u00e7\u00e3o do trecho, incluindo novos equipamentos urbanos, cal\u00e7amentos, ciclovias, pista de caminhada e corrida, al\u00e9m de uma preocupa\u00e7\u00e3o com a acessibilidade. Neste momento, os trabalhos se concentram na finaliza\u00e7\u00e3o dos sistemas de microdrenagem, essenciais para evitar as antigas cenas de inunda\u00e7\u00f5es que ocorriam em decorr\u00eancias das chuvas em Matinhos, t\u00e3o comuns no ver\u00e3o.<\/p>\n\n\n\n<p>A psic\u00f3loga argentina Celeste Zangrandi mora em San Juan, cidade que fica quase na divisa do pa\u00eds vizinho com o Chile, e mesmo distante de casa optou pelo Litoral do Paran\u00e1 para passar as f\u00e9rias com a filha pequena. Os dias t\u00eam sido de passeios justamente na orla revitalizada de Matinhos, onde ela tamb\u00e9m se mostrou impressionada com o grande efetivo de policiais e bombeiros para atender os turistas.<\/p>\n\n\n\n<p>\u201cA Argentina n\u00e3o t\u00eam esse tipo de policiamento nas praias. Os policiais t\u00eam nos tratado muito bem e esse cuidado todo que eles t\u00eam com as crian\u00e7as e os turistas de modo geral nos d\u00e1 uma sensa\u00e7\u00e3o de mais seguran\u00e7a. Eu sinto que aqui o meu filho est\u00e1 seguro\u201d, comentou Celeste ap\u00f3s ser atendida em um posto m\u00f3vel da Pol\u00edcia Civil para colocar uma pulseira de identifica\u00e7\u00e3o no filho. No primeiro m\u00eas do Ver\u00e3o Maior,&nbsp;<a href=\"https:\/\/www.aen.pr.gov.br\/Noticia\/Estado-ja-distribuiu-38-mil-pulseiras-e-encontrou-600-criancas-perdidas-nas-praias\" target=\"_blank\" rel=\"noreferrer noopener\">38 mil pulseiras j\u00e1 foram distribu\u00eddas<\/a>&nbsp;e 600 crian\u00e7as foram localizadas com o uso delas.<\/p>\n\n\n\n<p>Em Pontal do Paran\u00e1, o que mais chamou a aten\u00e7\u00e3o dos turistas paraguaios foram as dimens\u00f5es do palco montado pelo Governo do Estado no Centro de Eventos Marissol. Pela cidade, j\u00e1 passaram grandes nomes da m\u00fasica brasileira, como P\u00e9ricles, Guilherme &amp; Santiago e Samb\u00f4, que se apresentaram ao longo dos \u00faltimos dois fins de semana. No total, 33 shows de n\u00edvel nacional acontecem nos palcos do Ver\u00e3o Maior Paran\u00e1 em Pontal do Paran\u00e1 e Matinhos at\u00e9 o fim de fevereiro.<\/p>\n\n\n\n<p>Um dos&nbsp;<a href=\"https:\/\/www.aen.pr.gov.br\/Noticia\/Sambo-toca-grandes-sucessos-e-empolga-publico-de-27-mil-pessoas-em-Pontal-do-Parana\" target=\"_blank\" rel=\"noreferrer noopener\">27 mil presentes no show do grupo Samb\u00f4<\/a>&nbsp;em Pontal do Paran\u00e1 no \u00faltimo s\u00e1bado (18) foi o psic\u00f3logo Richar Ley, de Assun\u00e7\u00e3o, Capital do Paraguai, que j\u00e1 faz planos de retornar com outros amigos e parentes. \u201c\u00c9 a primeira vez que eu venho ao Paran\u00e1 e \u00e9 um prazer fazer parte dessa grande festa. A praia \u00e9 muito bonita, as pessoas s\u00e3o acolhedoras e por isso eu quero voltar no ano que vem com mais pessoas\u201d, disse.<\/p>\n\n\n\n<p>Por morar em Cidade do Leste, na fronteira com Foz do Igua\u00e7u, Luiz Fernando Barreto j\u00e1 est\u00e1 mais acostumado com a cultura brasileira. Agente de turismo na regi\u00e3o, ele soube do Ver\u00e3o Maior Paran\u00e1 gra\u00e7as \u00e0s divulga\u00e7\u00f5es feitas pelo Governo do Estado em eventos do setor. \u201cN\u00f3s ficamos sabendo dessa programa\u00e7\u00e3o no Paraguai, gostamos da ideia e viemos para c\u00e1\u201d, relatou Barreto, que tamb\u00e9m elogiou a programa\u00e7\u00e3o musical e a limpeza das praias.<\/p>\n\n\n\n<p>\u201cO samba e o pagode s\u00e3o ritmos bem brasileiros, mas que os paraguaios gostam muito tamb\u00e9m. Al\u00e9m disso, as praias daqui s\u00e3o muito lindas e muito limpas\u201d, concluiu.<\/p>\n\n\n\n<p><strong>MAIS TURISTAS<\/strong>&nbsp;\u2013 Um dos fatores que tamb\u00e9m tem contribu\u00eddo com o fluxo de visitantes de outros pa\u00edses s\u00e3o os cruzeiros mar\u00edtimos, que desde o ano passado passaram a atracar no Porto de Paranagu\u00e1, em uma parceria firmada pelo Governo do Estado com a MSC.<\/p>\n\n\n\n<p>No total, ser\u00e3o oito escalas do ano no Litoral do Paran\u00e1 at\u00e9 o fim de janeiro, totalizando cerca de 15 mil turistas nacionais e internacionais. Neste ano, o Executivo estadual, por meio da Secretaria do Turismo, fez melhorias no receptivo tur\u00edstico montado no Centro de Paranagu\u00e1, onde s\u00e3o vendidos os ingressos para diversos tipos de passeio na regi\u00e3o, incluindo as praias.<\/p>\n\n\n\n<p><strong>DESTINO GLOBAL<\/strong>&nbsp;\u2013&nbsp;O ano de 2024 foi de grande destaque para o turismo internacional no Paran\u00e1. Dados divulgados pelo Minist\u00e9rio do Turismo, Instituto Brasileiro de Turismo (Embratur) e Pol\u00edcia Federal apontam que o Estado recebeu 894.536&nbsp;turistas estrangeiros ao longo do ano passado, um aumento de 13,2% em rela\u00e7\u00e3o a 2023, que registrou 791.504 turistas. Com o resultado, o Paran\u00e1 foi o terceiro principal port\u00e3o de entrada de turistas estrangeiros no Pa\u00eds.<\/p>\n\n\n\n<p>Al\u00e9m das praias e da Ilha do Mel, o Paran\u00e1 se destaca por destinos como Foz do Igua\u00e7u, Londrina, Maring\u00e1 e Ponta Grossa, que oferecem uma combina\u00e7\u00e3o de belezas naturais e turismo de aventura, e as tradicionais atra\u00e7\u00f5es tur\u00edsticas da Capital.<\/p>\n\n\n\n<figure class=\"wp-block-image\"><a href=\"https:\/\/www.aen.pr.gov.br\/Galeria-de-Imagens\/Nova-infraestrutura-das-praias-paranaenses-impressiona-turistas-estrangeiros#&amp;gid=1&amp;pid=17\"><img decoding=\"async\" src=\"https:\/\/www.aen.pr.gov.br\/sites\/default\/arquivos_restritos\/files\/imagem\/2025-01\/sunset_caioba_foto_rdziura-0819.jpg\" alt=\"-\"\/><\/a><figcaption class=\"wp-element-caption\">Revitaliza\u00e7\u00e3o da Orla de Matinhos transformou o Litoral do Paran\u00e1. Foto: Roberto Dziura Jr.\/AEN<\/figcaption><\/figure>\n\n\n\n<p><br><strong>VER\u00c3O MAIOR PARAN\u00c1<\/strong>&nbsp;\u2013 Toda a programa\u00e7\u00e3o do Ver\u00e3o Maior Paran\u00e1 pode ser conferida no site exclusivo do Governo do Paran\u00e1, o&nbsp;<a href=\"https:\/\/www.verao.pr.gov.br\/\" target=\"_blank\" rel=\"noreferrer noopener\">pr.gov.br\/verao<\/a>. Ser\u00e3o 33 shows nacionais gratuitos nas arenas de Matinhos e Pontal do Paran\u00e1, 50 shows de artistas paranaenses nos Palcos Sunset em Caiob\u00e1, Guaratuba, S\u00e3o Pedro do Paran\u00e1 e Porto Rico, al\u00e9m de grande programa\u00e7\u00e3o esportiva nas arenas das praias do Litoral e na regi\u00e3o Noroeste.<\/p>\n\n\n\n<p>AEN<\/p>\n","protected":false},"excerpt":{"rendered":"<p>A nova infraestrutura montada pelo Governo do Estado para o Ver\u00e3o Maior Paran\u00e1 t\u00eam chamado a aten\u00e7\u00e3o de turistas de outras nacionalidades e ajudado a consolidar o Litoral paranaense como um potencial destino internacional. Visitantes do Paraguai e da Argentina, que representam o maior volume de turistas estrangeiros nesta temporada, tamb\u00e9m destacam a seguran\u00e7a e [&hellip;]<\/p>\n","protected":false},"author":2,"featured_media":63940,"comment_status":"open","ping_status":"open","sticky":false,"template":"","format":"standard","meta":{"advanced_seo_description":"","jetpack_seo_html_title":"","jetpack_seo_noindex":false,"_jetpack_memberships_contains_paid_content":false,"footnotes":""},"categories":[91],"tags":[316,317,319,318],"class_list":{"0":"post-63939","1":"post","2":"type-post","3":"status-publish","4":"format-standard","5":"has-post-thumbnail","7":"category-litoral","8":"tag-litoral","9":"tag-matinhos","10":"tag-parana","11":"tag-pontal-do-parana"},"jetpack_featured_media_url":"https:\/\/www.paranapraia.com.br\/wp-content\/uploads\/2025\/01\/whatsapp_image_2025-01-21_at_18.18.24-scaled.jpg","jetpack_sharing_enabled":true,"_links":{"self":[{"href":"https:\/\/www.paranapraia.com.br\/index.php\/wp-json\/wp\/v2\/posts\/63939"}],"collection":[{"href":"https:\/\/www.paranapraia.com.br\/index.php\/wp-json\/wp\/v2\/posts"}],"about":[{"href":"https:\/\/www.paranapraia.com.br\/index.php\/wp-json\/wp\/v2\/types\/post"}],"author":[{"embeddable":true,"href":"https:\/\/www.paranapraia.com.br\/index.php\/wp-json\/wp\/v2\/users\/2"}],"replies":[{"embeddable":true,"href":"https:\/\/www.paranapraia.com.br\/index.php\/wp-json\/wp\/v2\/comments?post=63939"}],"version-history":[{"count":1,"href":"https:\/\/www.paranapraia.com.br\/index.php\/wp-json\/wp\/v2\/posts\/63939\/revisions"}],"predecessor-version":[{"id":63941,"href":"https:\/\/www.paranapraia.com.br\/index.php\/wp-json\/wp\/v2\/posts\/63939\/revisions\/63941"}],"wp:featuredmedia":[{"embeddable":true,"href":"https:\/\/www.paranapraia.com.br\/index.php\/wp-json\/wp\/v2\/media\/63940"}],"wp:attachment":[{"href":"https:\/\/www.paranapraia.com.br\/index.php\/wp-json\/wp\/v2\/media?parent=63939"}],"wp:term":[{"taxonomy":"category","embeddable":true,"href":"https:\/\/www.paranapraia.com.br\/index.php\/wp-json\/wp\/v2\/categories?post=63939"},{"taxonomy":"post_tag","embeddable":true,"href":"https:\/\/www.paranapraia.com.br\/index.php\/wp-json\/wp\/v2\/tags?post=63939"}],"curies":[{"name":"wp","href":"https:\/\/api.w.org\/{rel}","templated":true}]}}