{"id":63933,"date":"2025-01-22T10:09:46","date_gmt":"2025-01-22T13:09:46","guid":{"rendered":"https:\/\/www.paranapraia.com.br\/?p=63933"},"modified":"2025-01-22T10:09:49","modified_gmt":"2025-01-22T13:09:49","slug":"rede-municipal-de-ensino-de-antonina-inicia-matriculas-e-define-datas-para-retorno-as-atividades","status":"publish","type":"post","link":"https:\/\/www.paranapraia.com.br\/index.php\/2025\/01\/22\/rede-municipal-de-ensino-de-antonina-inicia-matriculas-e-define-datas-para-retorno-as-atividades\/","title":{"rendered":"Rede Municipal de Ensino de Antonina inicia matr\u00edculas e define datas para retorno \u00e0s atividades"},"content":{"rendered":"\n<p>A Rede Municipal de Ensino de Antonina anunciou que as atividades administrativas das escolas municipais ser\u00e3o retomadas no dia 27 de janeiro de 2025. A data marca o in\u00edcio do per\u00edodo ideal para que as fam\u00edlias realizem as matr\u00edculas das crian\u00e7as que ingressar\u00e3o ou continuar\u00e3o estudando na rede p\u00fablica municipal.  Documentos necess\u00e1rios para matr\u00edcula  Para efetivar a matr\u00edcula, os respons\u00e1veis devem apresentar a seguinte documenta\u00e7\u00e3o:  &#8211; Certid\u00e3o de Nascimento (obrigat\u00f3rio);  &#8211; RG e CPF do aluno (se houver);  &#8211; Cart\u00e3o do SUS;  &#8211; Carteira de Vacina\u00e7\u00e3o e Declara\u00e7\u00e3o de Vacina (obrigat\u00f3rios);  &#8211; Comprovante de Resid\u00eancia (fatura da COPEL \u2013 obrigat\u00f3rio);  &#8211; Documentos dos respons\u00e1veis, especialmente o CPF (obrigat\u00f3rio);  &#8211; Declara\u00e7\u00e3o de Guarda, caso o aluno esteja sob tutela de terceiros;  &#8211; Laudo M\u00e9dico, se aplic\u00e1vel;  &#8211; Parecer Descritivo, em caso de transfer\u00eancia;  &#8211; Declara\u00e7\u00e3o de Transfer\u00eancia, para mudan\u00e7as de escola;  &#8211; Cart\u00e3o Bolsa Fam\u00edlia\/Aux\u00edlio Brasil com o c\u00f3digo NIT de 11 d\u00edgitos (se benefici\u00e1rio).  Matr\u00edculas no CMEI Dona Leonor W. Cordeiro  No Centro Municipal de Educa\u00e7\u00e3o Infantil (CMEI) Dona Leonor W. Cordeiro, somente poder\u00e3o ser matriculadas crian\u00e7as com 3 anos completos at\u00e9 o dia 31 de mar\u00e7o de 2025. Aqueles que atingirem essa idade ap\u00f3s a data estipulada n\u00e3o estar\u00e3o aptos para matr\u00edcula nesta unidade.  Retorno das aulas  As aulas na Rede Municipal de Ensino est\u00e3o programadas para iniciar no dia *5 de fevereiro de 2025.  Os respons\u00e1veis que desejarem mais informa\u00e7\u00f5es podem procurar a secretaria da escola municipal mais pr\u00f3xima para esclarecimentos e orienta\u00e7\u00f5es sobre o processo de matr\u00edcula.<\/p>\n\n\n\n<p>Assessoria <\/p>\n","protected":false},"excerpt":{"rendered":"<p>A Rede Municipal de Ensino de Antonina anunciou que as atividades administrativas das escolas municipais ser\u00e3o retomadas no dia 27 de janeiro de 2025. A data marca o in\u00edcio do per\u00edodo ideal para que as fam\u00edlias realizem as matr\u00edculas das crian\u00e7as que ingressar\u00e3o ou continuar\u00e3o estudando na rede p\u00fablica municipal. Documentos necess\u00e1rios para matr\u00edcula Para [&hellip;]<\/p>\n","protected":false},"author":2,"featured_media":63934,"comment_status":"open","ping_status":"open","sticky":false,"template":"","format":"standard","meta":{"advanced_seo_description":"","jetpack_seo_html_title":"","jetpack_seo_noindex":false,"_jetpack_memberships_contains_paid_content":false,"footnotes":""},"categories":[132],"tags":[],"class_list":{"0":"post-63933","1":"post","2":"type-post","3":"status-publish","4":"format-standard","5":"has-post-thumbnail","7":"category-antonina"},"jetpack_featured_media_url":"https:\/\/www.paranapraia.com.br\/wp-content\/uploads\/2025\/01\/images-51-1.jpeg","jetpack_sharing_enabled":true,"_links":{"self":[{"href":"https:\/\/www.paranapraia.com.br\/index.php\/wp-json\/wp\/v2\/posts\/63933"}],"collection":[{"href":"https:\/\/www.paranapraia.com.br\/index.php\/wp-json\/wp\/v2\/posts"}],"about":[{"href":"https:\/\/www.paranapraia.com.br\/index.php\/wp-json\/wp\/v2\/types\/post"}],"author":[{"embeddable":true,"href":"https:\/\/www.paranapraia.com.br\/index.php\/wp-json\/wp\/v2\/users\/2"}],"replies":[{"embeddable":true,"href":"https:\/\/www.paranapraia.com.br\/index.php\/wp-json\/wp\/v2\/comments?post=63933"}],"version-history":[{"count":1,"href":"https:\/\/www.paranapraia.com.br\/index.php\/wp-json\/wp\/v2\/posts\/63933\/revisions"}],"predecessor-version":[{"id":63935,"href":"https:\/\/www.paranapraia.com.br\/index.php\/wp-json\/wp\/v2\/posts\/63933\/revisions\/63935"}],"wp:featuredmedia":[{"embeddable":true,"href":"https:\/\/www.paranapraia.com.br\/index.php\/wp-json\/wp\/v2\/media\/63934"}],"wp:attachment":[{"href":"https:\/\/www.paranapraia.com.br\/index.php\/wp-json\/wp\/v2\/media?parent=63933"}],"wp:term":[{"taxonomy":"category","embeddable":true,"href":"https:\/\/www.paranapraia.com.br\/index.php\/wp-json\/wp\/v2\/categories?post=63933"},{"taxonomy":"post_tag","embeddable":true,"href":"https:\/\/www.paranapraia.com.br\/index.php\/wp-json\/wp\/v2\/tags?post=63933"}],"curies":[{"name":"wp","href":"https:\/\/api.w.org\/{rel}","templated":true}]}}