{"id":63930,"date":"2025-01-22T10:05:43","date_gmt":"2025-01-22T13:05:43","guid":{"rendered":"https:\/\/www.paranapraia.com.br\/?p=63930"},"modified":"2025-01-22T10:05:46","modified_gmt":"2025-01-22T13:05:46","slug":"novidade-programa-ilhas-seguras-comeca-em-paranagua","status":"publish","type":"post","link":"https:\/\/www.paranapraia.com.br\/index.php\/2025\/01\/22\/novidade-programa-ilhas-seguras-comeca-em-paranagua\/","title":{"rendered":"Novidade: Programa Ilhas Seguras come\u00e7a em Paranagu\u00e1"},"content":{"rendered":"\n<p>A Secretaria de Seguran\u00e7a deu in\u00edcio ao programa Ilhas Seguras da Guarda Civil Municipal de Paranagu\u00e1 (GCM). A iniciativa visa garantir a seguran\u00e7a e a tranquilidade nas ilhas e \u00e1reas costeiras. Antes, as a\u00e7\u00f5es eram destinadas apenas \u00e0 Ilha do Mel.<\/p>\n\n\n\n<p>De acordo com o Secretaria de Seguran\u00e7a, a inten\u00e7\u00e3o \u00e9 que essa ronda ocorra de duas a tr\u00eas vezes por semana. J\u00e1 foram atendidas as Ilhas de Pia\u00e7aguera e do Amparo, Ilha da Cotinga e Ponta Oeste.<\/p>\n\n\n\n<p>\u201cAntes, o atendimento era apenas na Ilha do Mel, agora na gest\u00e3o Adriano Ramos, vamos estender para todas as ilhas de Paranagu\u00e1. O servi\u00e7o tem a inten\u00e7\u00e3o de ampliar as a\u00e7\u00f5es de seguran\u00e7a p\u00fablica\u201d, explica o secret\u00e1rio de Seguran\u00e7a, GCM N\u00f3brega.<\/p>\n\n\n\n<p>Entre as a\u00e7\u00f5es realizadas pelo programa est\u00e3o: rondas de seguran\u00e7a com a lancha da guarda, assist\u00eancia aos moradores, levantamentos sobre as demandas da regi\u00e3o com apoio da lideran\u00e7a local, patrulhamento, dentre outras medidas que garantam a seguran\u00e7a da comunidade.<\/p>\n\n\n\n<p>Assessoria <\/p>\n","protected":false},"excerpt":{"rendered":"<p>A Secretaria de Seguran\u00e7a deu in\u00edcio ao programa Ilhas Seguras da Guarda Civil Municipal de Paranagu\u00e1 (GCM). A iniciativa visa garantir a seguran\u00e7a e a tranquilidade nas ilhas e \u00e1reas costeiras. Antes, as a\u00e7\u00f5es eram destinadas apenas \u00e0 Ilha do Mel. De acordo com o Secretaria de Seguran\u00e7a, a inten\u00e7\u00e3o \u00e9 que essa ronda ocorra [&hellip;]<\/p>\n","protected":false},"author":2,"featured_media":63931,"comment_status":"open","ping_status":"open","sticky":false,"template":"","format":"standard","meta":{"advanced_seo_description":"","jetpack_seo_html_title":"","jetpack_seo_noindex":false,"_jetpack_memberships_contains_paid_content":false,"footnotes":""},"categories":[77],"tags":[],"class_list":{"0":"post-63930","1":"post","2":"type-post","3":"status-publish","4":"format-standard","5":"has-post-thumbnail","7":"category-paranagua"},"jetpack_featured_media_url":"https:\/\/www.paranapraia.com.br\/wp-content\/uploads\/2025\/01\/thumb-47-scaled.jpeg","jetpack_sharing_enabled":true,"_links":{"self":[{"href":"https:\/\/www.paranapraia.com.br\/index.php\/wp-json\/wp\/v2\/posts\/63930"}],"collection":[{"href":"https:\/\/www.paranapraia.com.br\/index.php\/wp-json\/wp\/v2\/posts"}],"about":[{"href":"https:\/\/www.paranapraia.com.br\/index.php\/wp-json\/wp\/v2\/types\/post"}],"author":[{"embeddable":true,"href":"https:\/\/www.paranapraia.com.br\/index.php\/wp-json\/wp\/v2\/users\/2"}],"replies":[{"embeddable":true,"href":"https:\/\/www.paranapraia.com.br\/index.php\/wp-json\/wp\/v2\/comments?post=63930"}],"version-history":[{"count":1,"href":"https:\/\/www.paranapraia.com.br\/index.php\/wp-json\/wp\/v2\/posts\/63930\/revisions"}],"predecessor-version":[{"id":63932,"href":"https:\/\/www.paranapraia.com.br\/index.php\/wp-json\/wp\/v2\/posts\/63930\/revisions\/63932"}],"wp:featuredmedia":[{"embeddable":true,"href":"https:\/\/www.paranapraia.com.br\/index.php\/wp-json\/wp\/v2\/media\/63931"}],"wp:attachment":[{"href":"https:\/\/www.paranapraia.com.br\/index.php\/wp-json\/wp\/v2\/media?parent=63930"}],"wp:term":[{"taxonomy":"category","embeddable":true,"href":"https:\/\/www.paranapraia.com.br\/index.php\/wp-json\/wp\/v2\/categories?post=63930"},{"taxonomy":"post_tag","embeddable":true,"href":"https:\/\/www.paranapraia.com.br\/index.php\/wp-json\/wp\/v2\/tags?post=63930"}],"curies":[{"name":"wp","href":"https:\/\/api.w.org\/{rel}","templated":true}]}}