{"id":63926,"date":"2025-01-21T17:30:30","date_gmt":"2025-01-21T20:30:30","guid":{"rendered":"https:\/\/www.paranapraia.com.br\/?p=63926"},"modified":"2025-01-21T17:30:33","modified_gmt":"2025-01-21T20:30:33","slug":"vice-prefeita-fabiana-parro-prestigia-cerimonia-de-transmissao-de-cargo-da-capitania-dos-portos","status":"publish","type":"post","link":"https:\/\/www.paranapraia.com.br\/index.php\/2025\/01\/21\/vice-prefeita-fabiana-parro-prestigia-cerimonia-de-transmissao-de-cargo-da-capitania-dos-portos\/","title":{"rendered":"Vice-prefeita Fabiana Parro prestigia Cerim\u00f4nia de Transmiss\u00e3o de Cargo da Capitania dos Portos"},"content":{"rendered":"\n<p>Aconteceu na manh\u00e3 desta ter\u00e7a (21), a Cerim\u00f4nia de Transmiss\u00e3o de Cargo da Capitania dos Portos do Paran\u00e1, onde o Capit\u00e3o de Mar e Guerra Anderson Brito de Melo passou suas responsabilidades ao Capit\u00e3o de Mar e Guerra Maur\u00edcio Tinoco dos Santos Benvenuto. O evento realizado na Capitania dos Portos, contou com a presen\u00e7a do vice-governador Darci Piana, do diretor-presidente da empresa p\u00fablica Portos do Paran\u00e1, Luiz Fernando Garcia, dentre outras autoridades.<\/p>\n\n\n\n<p>A vice-prefeita Fabiana Parro, representou a Prefeitura de Paranagu\u00e1 no evento. &#8220;Nosso agradecimento ao Capit\u00e3o Anderson Brito de Melo pela dedica\u00e7\u00e3o exemplar ao longo de sua gest\u00e3o e boas-vindas ao Capit\u00e3o Maur\u00edcio Tinoco, desejamos sucesso na condu\u00e7\u00e3o dessa importante miss\u00e3o para o Paran\u00e1 e para Paranagu\u00e1&#8221;.<\/p>\n\n\n\n<p>Assessoria<\/p>\n","protected":false},"excerpt":{"rendered":"<p>Aconteceu na manh\u00e3 desta ter\u00e7a (21), a Cerim\u00f4nia de Transmiss\u00e3o de Cargo da Capitania dos Portos do Paran\u00e1, onde o Capit\u00e3o de Mar e Guerra Anderson Brito de Melo passou suas responsabilidades ao Capit\u00e3o de Mar e Guerra Maur\u00edcio Tinoco dos Santos Benvenuto. O evento realizado na Capitania dos Portos, contou com a presen\u00e7a do [&hellip;]<\/p>\n","protected":false},"author":2,"featured_media":63927,"comment_status":"open","ping_status":"open","sticky":false,"template":"","format":"standard","meta":{"advanced_seo_description":"","jetpack_seo_html_title":"","jetpack_seo_noindex":false,"_jetpack_memberships_contains_paid_content":false,"footnotes":""},"categories":[77],"tags":[],"class_list":{"0":"post-63926","1":"post","2":"type-post","3":"status-publish","4":"format-standard","5":"has-post-thumbnail","7":"category-paranagua"},"jetpack_featured_media_url":"https:\/\/www.paranapraia.com.br\/wp-content\/uploads\/2025\/01\/thumb-81-scaled.jpg","jetpack_sharing_enabled":true,"_links":{"self":[{"href":"https:\/\/www.paranapraia.com.br\/index.php\/wp-json\/wp\/v2\/posts\/63926"}],"collection":[{"href":"https:\/\/www.paranapraia.com.br\/index.php\/wp-json\/wp\/v2\/posts"}],"about":[{"href":"https:\/\/www.paranapraia.com.br\/index.php\/wp-json\/wp\/v2\/types\/post"}],"author":[{"embeddable":true,"href":"https:\/\/www.paranapraia.com.br\/index.php\/wp-json\/wp\/v2\/users\/2"}],"replies":[{"embeddable":true,"href":"https:\/\/www.paranapraia.com.br\/index.php\/wp-json\/wp\/v2\/comments?post=63926"}],"version-history":[{"count":1,"href":"https:\/\/www.paranapraia.com.br\/index.php\/wp-json\/wp\/v2\/posts\/63926\/revisions"}],"predecessor-version":[{"id":63928,"href":"https:\/\/www.paranapraia.com.br\/index.php\/wp-json\/wp\/v2\/posts\/63926\/revisions\/63928"}],"wp:featuredmedia":[{"embeddable":true,"href":"https:\/\/www.paranapraia.com.br\/index.php\/wp-json\/wp\/v2\/media\/63927"}],"wp:attachment":[{"href":"https:\/\/www.paranapraia.com.br\/index.php\/wp-json\/wp\/v2\/media?parent=63926"}],"wp:term":[{"taxonomy":"category","embeddable":true,"href":"https:\/\/www.paranapraia.com.br\/index.php\/wp-json\/wp\/v2\/categories?post=63926"},{"taxonomy":"post_tag","embeddable":true,"href":"https:\/\/www.paranapraia.com.br\/index.php\/wp-json\/wp\/v2\/tags?post=63926"}],"curies":[{"name":"wp","href":"https:\/\/api.w.org\/{rel}","templated":true}]}}