{"id":63919,"date":"2025-01-21T17:18:35","date_gmt":"2025-01-21T20:18:35","guid":{"rendered":"https:\/\/www.paranapraia.com.br\/?p=63919"},"modified":"2025-01-21T17:18:38","modified_gmt":"2025-01-21T20:18:38","slug":"capitania-dos-portos-do-parana-tem-novo-comandante","status":"publish","type":"post","link":"https:\/\/www.paranapraia.com.br\/index.php\/2025\/01\/21\/capitania-dos-portos-do-parana-tem-novo-comandante\/","title":{"rendered":"Capitania dos Portos do Paran\u00e1 tem novo comandante\u00a0"},"content":{"rendered":"\n<p><em><strong>Governo do Estado e a Portos do Paran\u00e1 refor\u00e7aram o compromisso de manter parcerias com a Marinha&nbsp;<\/strong><\/em><br>&nbsp;<br>A parceria entre o Governo do Estado, a Portos do Paran\u00e1 e a Marinha do Brasil foi refor\u00e7ada nesta ter\u00e7a-feira (21), durante a solenidade que marcou a troca de comando da Capitania dos Portos do Paran\u00e1. O capit\u00e3o de mar e guerra Anderson Brito de Melo transferiu o posto de comando para o tamb\u00e9m capit\u00e3o de mar e guerra Maur\u00edcio Tinoco dos Santos Benvenuto. A cerim\u00f4nia contou com a presen\u00e7a do vice-governador Darci Piana e do diretor-presidente da Portos do Paran\u00e1, Luiz Fernando Garcia.<\/p>\n\n\n\n<p>Entre as atribui\u00e7\u00f5es da Capitania est\u00e3o a seguran\u00e7a e a fiscaliza\u00e7\u00e3o do tr\u00e1fego mar\u00edtimo, a defesa da costa e a salvaguarda da vida humana no mar. A unidade de Paranagu\u00e1 foi criada em 1853, oito anos ap\u00f3s a institui\u00e7\u00e3o das Capitanias dos Portos no Brasil, pelo imperador D. Pedro II. Desde ent\u00e3o, presta um servi\u00e7o de extrema relev\u00e2ncia, contribuindo para a operacionalidade dos portos paranaenses.<\/p>\n\n\n\n<p>\u201cA Marinha tem feito um trabalho fant\u00e1stico, apoiando e ajudando o nosso Estado a garantir que nossa produ\u00e7\u00e3o seja escoada pelos portos de Antonina e Paranagu\u00e1\u201d, destacou o vice-governador. Durante sua fala, Piana tamb\u00e9m lembrou que mais de um bilh\u00e3o de pessoas em todo o mundo dependem dos alimentos produzidos no Paran\u00e1. \u201cA Marinha \u00e9 respons\u00e1vel por assegurar a boa navega\u00e7\u00e3o e o acesso aos nossos portos, que levam nossa produ\u00e7\u00e3o ao mundo. Estamos aqui hoje para, mais uma vez, colocar o Estado \u00e0 disposi\u00e7\u00e3o da Marinha\u201d, concluiu.<\/p>\n\n\n\n<p>De acordo com o diretor-presidente da Portos do Paran\u00e1, a Capitania dos Portos tem sido uma parceira fundamental nos \u00faltimos anos. \u201cDesde o in\u00edcio da nossa gest\u00e3o, a Marinha sempre se mostrou ativa e presente\u201d, enalteceu Garcia. O diretor destacou o empenho do capit\u00e3o Anderson para auxiliar a Portos do Paran\u00e1 em todas as suas demandas. Ele tamb\u00e9m refor\u00e7ou que o novo comandante, capit\u00e3o Tinoco, poder\u00e1 sempre contar com a parceria da Portos.<\/p>\n\n\n\n<p>Ao se despedir, o capit\u00e3o Anderson afirmou que sai com a sensa\u00e7\u00e3o de miss\u00e3o cumprida. \u201cParece que foi ontem que assumi a Capitania, mas foram dois anos de intensos desafios. S\u00f3 tenho a agradecer \u00e0 comunidade mar\u00edtima, portu\u00e1ria e a todos os agentes envolvidos nas atividades marinhas e portu\u00e1rias. Paranagu\u00e1 ficar\u00e1 marcada para mim e para a minha fam\u00edlia\u201d, declarou.<\/p>\n\n\n\n<p>O novo comandante falou sobre suas expectativas diante da miss\u00e3o e afirmou estar motivado. \u201cSomos respons\u00e1veis pela seguran\u00e7a, mas tamb\u00e9m pela preven\u00e7\u00e3o \u00e0 polui\u00e7\u00e3o h\u00eddrica em nossas \u00e1guas. Por isso, contamos com a sociedade para essas quest\u00f5es\u201d, destacou o capit\u00e3o Benvenuto. Ele tamb\u00e9m mencionou que a opera\u00e7\u00e3o Navegue Seguro, iniciada em dezembro do ano passado, ter\u00e1 suas a\u00e7\u00f5es intensificadas, garantindo seguran\u00e7a e refor\u00e7ando as boas pr\u00e1ticas de conduta para quem trafega nas \u00e1guas nacionais durante o ver\u00e3o.<\/p>\n\n\n\n<p>A cerim\u00f4nia de troca de comando foi presidida pelo comandante do 8\u00ba Distrito Naval, vice-almirante Marco Antonio Ismael Trov\u00e3o de Oliveira. Tamb\u00e9m estiveram presentes a prefeita de Antonina, Rosane Osaki; a vice-prefeita de Paranagu\u00e1, Fabiana Parro; a prefeita em exerc\u00edcio de Pontal do Paran\u00e1, Patr\u00edcia Marcomini; o diretor de Opera\u00e7\u00f5es Portu\u00e1rias da Portos do Paran\u00e1, Gabriel Vieira; o secret\u00e1rio-geral da Presid\u00eancia da Portos do Paran\u00e1, Felipe Gama; e o diretor-presidente do Porto Ponta do F\u00e9lix, Gilberto Birkhan.<\/p>\n\n\n\n<p>Assessoria<\/p>\n","protected":false},"excerpt":{"rendered":"<p>Governo do Estado e a Portos do Paran\u00e1 refor\u00e7aram o compromisso de manter parcerias com a Marinha&nbsp;&nbsp;A parceria entre o Governo do Estado, a Portos do Paran\u00e1 e a Marinha do Brasil foi refor\u00e7ada nesta ter\u00e7a-feira (21), durante a solenidade que marcou a troca de comando da Capitania dos Portos do Paran\u00e1. O capit\u00e3o de [&hellip;]<\/p>\n","protected":false},"author":2,"featured_media":63920,"comment_status":"open","ping_status":"open","sticky":false,"template":"","format":"standard","meta":{"advanced_seo_description":"","jetpack_seo_html_title":"","jetpack_seo_noindex":false,"_jetpack_memberships_contains_paid_content":false,"footnotes":""},"categories":[40,69,77,1],"tags":[],"class_list":{"0":"post-63919","1":"post","2":"type-post","3":"status-publish","4":"format-standard","5":"has-post-thumbnail","7":"category-destaques","8":"category-marinha","9":"category-paranagua","10":"category-sem-categoria"},"jetpack_featured_media_url":"https:\/\/www.paranapraia.com.br\/wp-content\/uploads\/2025\/01\/WhatsApp-Image-2025-01-21-at-17.08.19-scaled.jpeg","jetpack_sharing_enabled":true,"_links":{"self":[{"href":"https:\/\/www.paranapraia.com.br\/index.php\/wp-json\/wp\/v2\/posts\/63919"}],"collection":[{"href":"https:\/\/www.paranapraia.com.br\/index.php\/wp-json\/wp\/v2\/posts"}],"about":[{"href":"https:\/\/www.paranapraia.com.br\/index.php\/wp-json\/wp\/v2\/types\/post"}],"author":[{"embeddable":true,"href":"https:\/\/www.paranapraia.com.br\/index.php\/wp-json\/wp\/v2\/users\/2"}],"replies":[{"embeddable":true,"href":"https:\/\/www.paranapraia.com.br\/index.php\/wp-json\/wp\/v2\/comments?post=63919"}],"version-history":[{"count":1,"href":"https:\/\/www.paranapraia.com.br\/index.php\/wp-json\/wp\/v2\/posts\/63919\/revisions"}],"predecessor-version":[{"id":63921,"href":"https:\/\/www.paranapraia.com.br\/index.php\/wp-json\/wp\/v2\/posts\/63919\/revisions\/63921"}],"wp:featuredmedia":[{"embeddable":true,"href":"https:\/\/www.paranapraia.com.br\/index.php\/wp-json\/wp\/v2\/media\/63920"}],"wp:attachment":[{"href":"https:\/\/www.paranapraia.com.br\/index.php\/wp-json\/wp\/v2\/media?parent=63919"}],"wp:term":[{"taxonomy":"category","embeddable":true,"href":"https:\/\/www.paranapraia.com.br\/index.php\/wp-json\/wp\/v2\/categories?post=63919"},{"taxonomy":"post_tag","embeddable":true,"href":"https:\/\/www.paranapraia.com.br\/index.php\/wp-json\/wp\/v2\/tags?post=63919"}],"curies":[{"name":"wp","href":"https:\/\/api.w.org\/{rel}","templated":true}]}}