{"id":63916,"date":"2025-01-21T16:26:57","date_gmt":"2025-01-21T19:26:57","guid":{"rendered":"https:\/\/www.paranapraia.com.br\/?p=63916"},"modified":"2025-01-21T16:27:00","modified_gmt":"2025-01-21T19:27:00","slug":"antonina-recebe-carreta-da-inovacao-com-oficinas-tecnologicas-de-27-de-janeiro-a-9-de-fevereiro","status":"publish","type":"post","link":"https:\/\/www.paranapraia.com.br\/index.php\/2025\/01\/21\/antonina-recebe-carreta-da-inovacao-com-oficinas-tecnologicas-de-27-de-janeiro-a-9-de-fevereiro\/","title":{"rendered":"Antonina recebe Carreta da Inova\u00e7\u00e3o com oficinas tecnol\u00f3gicas de 27 de janeiro a 9 de fevereiro"},"content":{"rendered":"\n<p>A cidade de Antonina ser\u00e1 palco de uma iniciativa in\u00e9dita promovida pelo Governo do Estado, em parceria com a Prefeitura Municipal, atrav\u00e9s da Secretaria de Ind\u00fastria e Com\u00e9rcio. Entre os dias 27 de janeiro e 9 de fevereiro, a Carreta da Inova\u00e7\u00e3o estar\u00e1 estacionada na Feira Mar de Antonina, oferecendo uma experi\u00eancia tecnol\u00f3gica e interativa para jovens, adolescentes e toda a comunidade.<\/p>\n\n\n\n<p>O projeto, realizado por meio da Secretaria de Ci\u00eancia, Tecnologia e Ensino Superior e da Secretaria da Inova\u00e7\u00e3o, Moderniza\u00e7\u00e3o e Transforma\u00e7\u00e3o Digital, traz oficinas e atividades voltadas para o aprendizado em \u00e1reas como rob\u00f3tica, intelig\u00eancia artificial, realidade virtual e outras tecnologias.<\/p>\n\n\n\n<p>As oficinas ser\u00e3o realizadas diariamente, das 8h \u00e0s 19h, e as inscri\u00e7\u00f5es poder\u00e3o ser feitas no local, diretamente na carreta, a partir do primeiro dia de atividades. A programa\u00e7\u00e3o inclui tamb\u00e9m atividades interativas direcionadas para crian\u00e7as, garantindo divers\u00e3o e aprendizado para todas as idades.<\/p>\n\n\n\n<p>A Carreta da Inova\u00e7\u00e3o promete transformar o per\u00edodo em momentos de aprendizado enriquecedor e entretenimento, promovendo o acesso \u00e0 tecnologia e \u00e0 inova\u00e7\u00e3o. A iniciativa refor\u00e7a o compromisso do Governo do Estado em ampliar oportunidades de desenvolvimento digital e inclus\u00e3o tecnol\u00f3gica para a popula\u00e7\u00e3o.<\/p>\n\n\n\n<p>Assessoria<\/p>\n","protected":false},"excerpt":{"rendered":"<p>A cidade de Antonina ser\u00e1 palco de uma iniciativa in\u00e9dita promovida pelo Governo do Estado, em parceria com a Prefeitura Municipal, atrav\u00e9s da Secretaria de Ind\u00fastria e Com\u00e9rcio. Entre os dias 27 de janeiro e 9 de fevereiro, a Carreta da Inova\u00e7\u00e3o estar\u00e1 estacionada na Feira Mar de Antonina, oferecendo uma experi\u00eancia tecnol\u00f3gica e interativa [&hellip;]<\/p>\n","protected":false},"author":2,"featured_media":63917,"comment_status":"open","ping_status":"open","sticky":false,"template":"","format":"standard","meta":{"advanced_seo_description":"","jetpack_seo_html_title":"","jetpack_seo_noindex":false,"_jetpack_memberships_contains_paid_content":false,"footnotes":""},"categories":[132],"tags":[388],"class_list":{"0":"post-63916","1":"post","2":"type-post","3":"status-publish","4":"format-standard","5":"has-post-thumbnail","7":"category-antonina","8":"tag-antonina"},"jetpack_featured_media_url":"https:\/\/www.paranapraia.com.br\/wp-content\/uploads\/2025\/01\/WhatsApp-Image-2025-01-21-at-16.26.22.jpeg","jetpack_sharing_enabled":true,"_links":{"self":[{"href":"https:\/\/www.paranapraia.com.br\/index.php\/wp-json\/wp\/v2\/posts\/63916"}],"collection":[{"href":"https:\/\/www.paranapraia.com.br\/index.php\/wp-json\/wp\/v2\/posts"}],"about":[{"href":"https:\/\/www.paranapraia.com.br\/index.php\/wp-json\/wp\/v2\/types\/post"}],"author":[{"embeddable":true,"href":"https:\/\/www.paranapraia.com.br\/index.php\/wp-json\/wp\/v2\/users\/2"}],"replies":[{"embeddable":true,"href":"https:\/\/www.paranapraia.com.br\/index.php\/wp-json\/wp\/v2\/comments?post=63916"}],"version-history":[{"count":1,"href":"https:\/\/www.paranapraia.com.br\/index.php\/wp-json\/wp\/v2\/posts\/63916\/revisions"}],"predecessor-version":[{"id":63918,"href":"https:\/\/www.paranapraia.com.br\/index.php\/wp-json\/wp\/v2\/posts\/63916\/revisions\/63918"}],"wp:featuredmedia":[{"embeddable":true,"href":"https:\/\/www.paranapraia.com.br\/index.php\/wp-json\/wp\/v2\/media\/63917"}],"wp:attachment":[{"href":"https:\/\/www.paranapraia.com.br\/index.php\/wp-json\/wp\/v2\/media?parent=63916"}],"wp:term":[{"taxonomy":"category","embeddable":true,"href":"https:\/\/www.paranapraia.com.br\/index.php\/wp-json\/wp\/v2\/categories?post=63916"},{"taxonomy":"post_tag","embeddable":true,"href":"https:\/\/www.paranapraia.com.br\/index.php\/wp-json\/wp\/v2\/tags?post=63916"}],"curies":[{"name":"wp","href":"https:\/\/api.w.org\/{rel}","templated":true}]}}