{"id":63815,"date":"2025-01-18T12:30:06","date_gmt":"2025-01-18T15:30:06","guid":{"rendered":"https:\/\/www.paranapraia.com.br\/?p=63815"},"modified":"2025-01-18T12:30:08","modified_gmt":"2025-01-18T15:30:08","slug":"imersao-na-floresta-sanepar-e-spvs-promovem-visita-gratuita-a-reserva-guaricica-em-antonina","status":"publish","type":"post","link":"https:\/\/www.paranapraia.com.br\/index.php\/2025\/01\/18\/imersao-na-floresta-sanepar-e-spvs-promovem-visita-gratuita-a-reserva-guaricica-em-antonina\/","title":{"rendered":"Imers\u00e3o na floresta: Sanepar e SPVS promovem visita gratuita \u00e0 Reserva Guaricica, em Antonina"},"content":{"rendered":"\n<p>A Sanepar e a Sociedade de Prote\u00e7\u00e3o \u00e0 Vida Selvagem e Educa\u00e7\u00e3o Ambiental (SPVS) se uniram para oferecer aos turistas que est\u00e3o no Litoral uma experi\u00eancia \u00fanica na Reserva Natural Guaricica, em Antonina. Quem visitar o estande da Sanepar nos espa\u00e7os do Ver\u00e3o Maior Paran\u00e1 pode se inscrever para conhecer a reserva sem custos.<\/p>\n\n\n\n<p>As visitas poder\u00e3o ser realizadas neste s\u00e1bado (18) e no pr\u00f3ximo (dia 25). Elas ocorrem duas vezes ao dia, com grupos pela manh\u00e3, a partir das 9h, e \u00e0 tarde, a partir das 14h, com dura\u00e7\u00e3o m\u00e9dia de 2 a 3 horas. S\u00e3o 60 vagas dispon\u00edveis. Ser\u00e3o 15 participantes por visita.<\/p>\n\n\n\n<p>Para o diretor de Meio Ambiente e A\u00e7\u00e3o Social da Sanepar, Julio Gonchorosky, esta \u00e9 uma oportunidade para que, al\u00e9m de aproveitar as praias, os veranistas tamb\u00e9m conhe\u00e7am a biodiversidade da Mata Atl\u00e2ntica.<\/p>\n\n\n\n<p>No passeio \u00e0 Reserva Natural Guaricica, o turista far\u00e1 uma trilha guiada, ter\u00e1 a oportunidade de imers\u00e3o em uma floresta em processo de restaura\u00e7\u00e3o, de aprendizado sobre a conserva\u00e7\u00e3o da natureza na regi\u00e3o. Tamb\u00e9m vai conhecer hist\u00f3rias de vidas restauradas um melipon\u00e1rio, local onde s\u00e3o criadas esp\u00e9cies de abelhas nativas ou ind\u00edgenas sem ferr\u00e3o.<\/p>\n\n\n\n<p>AEN<\/p>\n","protected":false},"excerpt":{"rendered":"<p>A Sanepar e a Sociedade de Prote\u00e7\u00e3o \u00e0 Vida Selvagem e Educa\u00e7\u00e3o Ambiental (SPVS) se uniram para oferecer aos turistas que est\u00e3o no Litoral uma experi\u00eancia \u00fanica na Reserva Natural Guaricica, em Antonina. Quem visitar o estande da Sanepar nos espa\u00e7os do Ver\u00e3o Maior Paran\u00e1 pode se inscrever para conhecer a reserva sem custos. As [&hellip;]<\/p>\n","protected":false},"author":2,"featured_media":63816,"comment_status":"open","ping_status":"open","sticky":false,"template":"","format":"standard","meta":{"advanced_seo_description":"","jetpack_seo_html_title":"","jetpack_seo_noindex":false,"_jetpack_memberships_contains_paid_content":false,"footnotes":""},"categories":[34,650],"tags":[],"class_list":{"0":"post-63815","1":"post","2":"type-post","3":"status-publish","4":"format-standard","5":"has-post-thumbnail","7":"category-meio-ambiente","8":"category-parana"},"jetpack_featured_media_url":"https:\/\/www.paranapraia.com.br\/wp-content\/uploads\/2025\/01\/passeio_guaricica-scaled.jpg","jetpack_sharing_enabled":true,"_links":{"self":[{"href":"https:\/\/www.paranapraia.com.br\/index.php\/wp-json\/wp\/v2\/posts\/63815"}],"collection":[{"href":"https:\/\/www.paranapraia.com.br\/index.php\/wp-json\/wp\/v2\/posts"}],"about":[{"href":"https:\/\/www.paranapraia.com.br\/index.php\/wp-json\/wp\/v2\/types\/post"}],"author":[{"embeddable":true,"href":"https:\/\/www.paranapraia.com.br\/index.php\/wp-json\/wp\/v2\/users\/2"}],"replies":[{"embeddable":true,"href":"https:\/\/www.paranapraia.com.br\/index.php\/wp-json\/wp\/v2\/comments?post=63815"}],"version-history":[{"count":1,"href":"https:\/\/www.paranapraia.com.br\/index.php\/wp-json\/wp\/v2\/posts\/63815\/revisions"}],"predecessor-version":[{"id":63817,"href":"https:\/\/www.paranapraia.com.br\/index.php\/wp-json\/wp\/v2\/posts\/63815\/revisions\/63817"}],"wp:featuredmedia":[{"embeddable":true,"href":"https:\/\/www.paranapraia.com.br\/index.php\/wp-json\/wp\/v2\/media\/63816"}],"wp:attachment":[{"href":"https:\/\/www.paranapraia.com.br\/index.php\/wp-json\/wp\/v2\/media?parent=63815"}],"wp:term":[{"taxonomy":"category","embeddable":true,"href":"https:\/\/www.paranapraia.com.br\/index.php\/wp-json\/wp\/v2\/categories?post=63815"},{"taxonomy":"post_tag","embeddable":true,"href":"https:\/\/www.paranapraia.com.br\/index.php\/wp-json\/wp\/v2\/tags?post=63815"}],"curies":[{"name":"wp","href":"https:\/\/api.w.org\/{rel}","templated":true}]}}