{"id":63774,"date":"2025-01-17T16:50:11","date_gmt":"2025-01-17T19:50:11","guid":{"rendered":"https:\/\/www.paranapraia.com.br\/?p=63774"},"modified":"2025-01-17T16:50:15","modified_gmt":"2025-01-17T19:50:15","slug":"novas-plataformas-reforcam-seguranca-nos-shows-do-verao-maior-parana","status":"publish","type":"post","link":"https:\/\/www.paranapraia.com.br\/index.php\/2025\/01\/17\/novas-plataformas-reforcam-seguranca-nos-shows-do-verao-maior-parana\/","title":{"rendered":"Novas plataformas refor\u00e7am seguran\u00e7a nos shows do Ver\u00e3o Maior Paran\u00e1"},"content":{"rendered":"\n<p>As plataformas pantogr\u00e1ficas el\u00e9tricas contratadas pela Secretaria da Seguran\u00e7a P\u00fablica do Paran\u00e1 come\u00e7am a ser utilizadas nesta sexta-feira (18) durante os shows realizados em Matinhos e Pontal do Paran\u00e1. A iniciativa integra o Ver\u00e3o Maior Paran\u00e1 e busca garantir seguran\u00e7a e tranquilidade para moradores e turistas durante a alta temporada no Litoral.<\/p>\n\n\n\n<p>Os equipamentos, que alcan\u00e7am at\u00e9 10 metros de altura, ser\u00e3o usados pela Pol\u00edcia Militar e pelo Corpo de Bombeiros para monitorar as \u00e1reas com maior concentra\u00e7\u00e3o de p\u00fablico e garantir respostas r\u00e1pidas em situa\u00e7\u00f5es de emerg\u00eancia. Eles se somam a drones e c\u00e2meras de alta resolu\u00e7\u00e3o j\u00e1 utilizadas para monitoramento das pessoas durante os shows.<\/p>\n\n\n\n<p>\u201cQuem for curtir os shows e eventos no Litoral vai contar a partir dessa semana com uma estrutura de seguran\u00e7a refor\u00e7ada. Estamos trabalhando para que todos aproveitem com tranquilidade e confian\u00e7a. At\u00e9 o momento n\u00e3o tivemos grandes ocorr\u00eancias e vamos garantir que as apresenta\u00e7\u00f5es aconte\u00e7am com muita tranquilidade\u201d, afirmou o secret\u00e1rio da Seguran\u00e7a P\u00fablica, Hudson Le\u00f4ncio Teixeira.<\/p>\n\n\n\n<p>Seis plataformas foram locadas para o per\u00edodo de dois meses, sendo quatro destinadas \u00e0 Pol\u00edcia Militar e duas ao Corpo de Bombeiros. Os equipamentos, contratados por meio de dispensa de licita\u00e7\u00e3o, representam um investimento de R$ 62 mil e ser\u00e3o utilizados em a\u00e7\u00f5es preventivas e de emerg\u00eancia durante os eventos do Ver\u00e3o Maior Paran\u00e1.<\/p>\n\n\n\n<p>Para o Corpo de Bombeiros, as plataformas ser\u00e3o essenciais tamb\u00e9m para atividades como monitorar banhistas, identificar situa\u00e7\u00f5es de risco e atuar em emerg\u00eancias, como corte de \u00e1rvores em \u00e1reas cr\u00edticas.<\/p>\n\n\n\n<p>\u201cEssas plataformas s\u00e3o ferramentas estrat\u00e9gicas que ampliam nossa capacidade de proteger vidas e agir rapidamente em situa\u00e7\u00f5es que exigem aten\u00e7\u00e3o imediata, especialmente em locais lotados\u201d, destacou o comandante-geral do Corpo de Bombeiros Militar do Paran\u00e1, coronel Manoel Vasco de Figueiredo Junior.<\/p>\n\n\n\n<p>J\u00e1 para a Pol\u00edcia Militar, os equipamentos refor\u00e7ar\u00e3o o policiamento ostensivo e o controle de multid\u00f5es em shows e eventos com grande p\u00fablico. \u201cAs plataformas permitem um monitoramento privilegiado, aumentando nossa efici\u00eancia no controle de multid\u00f5es e na manuten\u00e7\u00e3o da ordem p\u00fablica. Isso \u00e9 fundamental para garantir um ambiente seguro para todos\u201d, afirmou o comandante-geral da PMPR, coronel Jefferson Silva.<\/p>\n\n\n\n<p><strong>SHOWS<\/strong>&nbsp;\u2013 Ap\u00f3s um primeiro final de semana com shows lotados e&nbsp;que atra\u00edram 300 mil pessoas, a programa\u00e7\u00e3o do Ver\u00e3o Maior Paran\u00e1 continua nesta sexta-feira e s\u00e1bado (17 e 18) com muito sertanejo e a mistura do samba com diversos estilos musicais. Ser\u00e3o quatro shows no segundo de sete finais de semana repletos de muita m\u00fasica para moradores, turistas e veranistas do Litoral do Estado.<\/p>\n\n\n\n<p>O cantor Gustavo Mioto, de apenas 27 anos, \u00e9 quem abre a agenda em Matinhos, na sexta, a partir das 21h30.&nbsp;Uma das principais revela\u00e7\u00f5es do sertanejo atual, Mioto conta com uma base forte de ouvintes, com cerca de 12 milh\u00f5es mensais apenas em uma plataforma de streaming.<\/p>\n\n\n\n<p>J\u00e1 no Centro de Eventos Marissol, em Pontal do Paran\u00e1, tamb\u00e9m a partir das 21h, a dupla Guilherme &amp; Santiago \u00e9 quem abre o segundo final de semana de shows. Sucesso do sertanejo desde a d\u00e9cada de 1990 e considerados uma das melhores duplas do g\u00eanero do Brasil, os irm\u00e3os goianos acumulam milh\u00f5es de ouvintes nas plataformas digitais e prometem um show regado a hits.<\/p>\n\n\n\n<p>No s\u00e1bado Guilherme &amp; Santiago se apresentam em Matinhos e&nbsp;o grupo Samb\u00f4 toca em Pontal do Paran\u00e1. Formada no interior de S\u00e3o Paulo, a banda est\u00e1 em atividade desde 2003, sendo reconhecida por misturar em seu repert\u00f3rio hinos do samba.<\/p>\n\n\n\n<p><strong>VER\u00c3O MAIOR PARAN\u00c1<\/strong>&nbsp;\u2013&nbsp;Toda a programa\u00e7\u00e3o do Ver\u00e3o Maior Paran\u00e1 pode ser conferida no site exclusivo do Governo do Paran\u00e1, o&nbsp;<a href=\"https:\/\/www.verao.pr.gov.br\/\" target=\"_blank\" rel=\"noreferrer noopener\">pr.gov.br\/verao<\/a>. Ser\u00e3o 33 shows nacionais gratuitos nas arenas de Matinhos e Pontal do Paran\u00e1, al\u00e9m de grande programa\u00e7\u00e3o esportiva nas arenas das praias do Litoral e na regi\u00e3o Noroeste.<\/p>\n\n\n\n<p>AEN<\/p>\n","protected":false},"excerpt":{"rendered":"<p>As plataformas pantogr\u00e1ficas el\u00e9tricas contratadas pela Secretaria da Seguran\u00e7a P\u00fablica do Paran\u00e1 come\u00e7am a ser utilizadas nesta sexta-feira (18) durante os shows realizados em Matinhos e Pontal do Paran\u00e1. A iniciativa integra o Ver\u00e3o Maior Paran\u00e1 e busca garantir seguran\u00e7a e tranquilidade para moradores e turistas durante a alta temporada no Litoral. Os equipamentos, que [&hellip;]<\/p>\n","protected":false},"author":2,"featured_media":63775,"comment_status":"open","ping_status":"open","sticky":false,"template":"","format":"standard","meta":{"advanced_seo_description":"","jetpack_seo_html_title":"","jetpack_seo_noindex":false,"_jetpack_memberships_contains_paid_content":false,"footnotes":""},"categories":[91,802],"tags":[316,317,319,318],"class_list":{"0":"post-63774","1":"post","2":"type-post","3":"status-publish","4":"format-standard","5":"has-post-thumbnail","7":"category-litoral","8":"category-seguranca","9":"tag-litoral","10":"tag-matinhos","11":"tag-parana","12":"tag-pontal-do-parana"},"jetpack_featured_media_url":"https:\/\/www.paranapraia.com.br\/wp-content\/uploads\/2025\/01\/20250117_agb_plataforma_pm-7-scaled.jpg","jetpack_sharing_enabled":true,"_links":{"self":[{"href":"https:\/\/www.paranapraia.com.br\/index.php\/wp-json\/wp\/v2\/posts\/63774"}],"collection":[{"href":"https:\/\/www.paranapraia.com.br\/index.php\/wp-json\/wp\/v2\/posts"}],"about":[{"href":"https:\/\/www.paranapraia.com.br\/index.php\/wp-json\/wp\/v2\/types\/post"}],"author":[{"embeddable":true,"href":"https:\/\/www.paranapraia.com.br\/index.php\/wp-json\/wp\/v2\/users\/2"}],"replies":[{"embeddable":true,"href":"https:\/\/www.paranapraia.com.br\/index.php\/wp-json\/wp\/v2\/comments?post=63774"}],"version-history":[{"count":1,"href":"https:\/\/www.paranapraia.com.br\/index.php\/wp-json\/wp\/v2\/posts\/63774\/revisions"}],"predecessor-version":[{"id":63776,"href":"https:\/\/www.paranapraia.com.br\/index.php\/wp-json\/wp\/v2\/posts\/63774\/revisions\/63776"}],"wp:featuredmedia":[{"embeddable":true,"href":"https:\/\/www.paranapraia.com.br\/index.php\/wp-json\/wp\/v2\/media\/63775"}],"wp:attachment":[{"href":"https:\/\/www.paranapraia.com.br\/index.php\/wp-json\/wp\/v2\/media?parent=63774"}],"wp:term":[{"taxonomy":"category","embeddable":true,"href":"https:\/\/www.paranapraia.com.br\/index.php\/wp-json\/wp\/v2\/categories?post=63774"},{"taxonomy":"post_tag","embeddable":true,"href":"https:\/\/www.paranapraia.com.br\/index.php\/wp-json\/wp\/v2\/tags?post=63774"}],"curies":[{"name":"wp","href":"https:\/\/api.w.org\/{rel}","templated":true}]}}