{"id":63771,"date":"2025-01-17T15:59:47","date_gmt":"2025-01-17T18:59:47","guid":{"rendered":"https:\/\/www.paranapraia.com.br\/?p=63771"},"modified":"2025-01-17T15:59:50","modified_gmt":"2025-01-17T18:59:50","slug":"mis-pr-inaugura-exposicao-sobre-antonina-na-estacao-ferroviaria-da-cidade","status":"publish","type":"post","link":"https:\/\/www.paranapraia.com.br\/index.php\/2025\/01\/17\/mis-pr-inaugura-exposicao-sobre-antonina-na-estacao-ferroviaria-da-cidade\/","title":{"rendered":"MIS-PR inaugura exposi\u00e7\u00e3o sobre Antonina na esta\u00e7\u00e3o ferrovi\u00e1ria da cidade"},"content":{"rendered":"\n<p>O Museu da Imagem e do Som do Paran\u00e1 (MIS-PR) inaugura na quarta-feira (22), \u00e0s 15h, uma exposi\u00e7\u00e3o dedicada \u00e0 cidade de Antonina, na esta\u00e7\u00e3o ferrovi\u00e1ria do munic\u00edpio litor\u00e2neo. A entrada \u00e9 gratuita.<\/p>\n\n\n\n<p>Como parte da&nbsp;<strong><a href=\"https:\/\/www.aen.pr.gov.br\/Noticia\/Museus-do-Estado-integram-Verao-Maior-Parana-com-oficinas-artisticas-nas-praias\" target=\"_blank\" rel=\"noreferrer noopener\">programa\u00e7\u00e3o da Secretaria estadual da Cultura no Ver\u00e3o Maior Paran\u00e1<\/a><\/strong>, a mostra celebra a relev\u00e2ncia cultural e hist\u00f3rica de Antonina por meio de uma sele\u00e7\u00e3o de imagens do fot\u00f3grafo Jesus Santoro (1994-2003) e de objetos tridimensionais do acervo do museu, incluindo equipamentos hist\u00f3ricos que ilustram a evolu\u00e7\u00e3o das tecnologias de imagem e som.<\/p>\n\n\n\n<p>A exposi\u00e7\u00e3o em Antonina, inclu\u00edda no programa itinerante Ra\u00edzes do MIS-PR, ser\u00e1 uma oportunidade para o p\u00fablico mergulhar na hist\u00f3ria e na cultura da cidade, que ocupa um lugar de destaque nas cole\u00e7\u00f5es do Museu. Fotografias, filmes, m\u00fasicas e outros registros documentam as paisagens, eventos e viv\u00eancias que fazem parte da identidade do munic\u00edpio, refor\u00e7ando sua import\u00e2ncia na constru\u00e7\u00e3o da hist\u00f3ria paranaense.<\/p>\n\n\n\n<p>\u201cEsse projeto \u00e9 uma forma de unir o acervo do MIS \u00e0 comunidade local para, juntos, fortalecer a mem\u00f3ria fotogr\u00e1fica, musical e audiovisual regional\u201d, destaca Mirele Camargo, diretora do MIS-PR. A mostra, que estar\u00e1 em cartaz at\u00e9 mar\u00e7o, re\u00fane 13 fotografias e objetos tridimensionais, com curadoria e montagem de Alex Godoy Padilha de Souza e Gefferson Vaz.<\/p>\n\n\n\n<p><strong>JESUS SANTORO&nbsp;<\/strong>\u2013&nbsp;Jesus Santoro (1924-2003), fot\u00f3grafo mineiro, atravessou S\u00e3o Paulo at\u00e9 se erradicar no Paran\u00e1 em meados de 1950. Muito al\u00e9m de ser reconhecido pelas suas fotografias, tamb\u00e9m projetava estandes para exposi\u00e7\u00f5es, esculpia, modelava e desenhava, chegando at\u00e9 a trabalhar como diretor de fotografia em longa metragens. Hoje, o Museu da Imagem e do Som do Paran\u00e1 preserva e guarda seu acervo de mais de 23 mil negativos fotogr\u00e1ficos.<\/p>\n\n\n\n<p><strong>PROJETO RA\u00cdZES DO MIS-PR<\/strong>&nbsp;\u2013 O principal objetivo do Projeto \u201cRa\u00edzes do MIS-PR\u201d \u00e9 fomentar a participa\u00e7\u00e3o dos munic\u00edpios na forma\u00e7\u00e3o da mem\u00f3ria fotogr\u00e1fica, musicogr\u00e1fica e audiovisual local, gerando conhecimento e criando redes de participa\u00e7\u00e3o conjunta com os demais munic\u00edpios da regi\u00e3o e o Estado.<\/p>\n\n\n\n<p>Ao mesmo tempo em que o MIS atuar\u00e1 na interioriza\u00e7\u00e3o, instrumentalizando os munic\u00edpios para que eles possam identificar e preservar suas cole\u00e7\u00f5es iconogr\u00e1ficas, o Ra\u00edzes do MIS tamb\u00e9m prev\u00ea a reprodu\u00e7\u00e3o e doa\u00e7\u00e3o de acervos. Esses materiais integram a Cole\u00e7\u00e3o Paran\u00e1, que faz parte do patrim\u00f4nio do museu.<\/p>\n\n\n\n<p><strong>SOBRE O MIS-PR&nbsp;<\/strong>\u2013 O Museu da Imagem e do Som do Paran\u00e1 \u00e9 um equipamento cultural do Governo do Estado. Criado em fevereiro de 1969, o museu \u00e9 o segundo mais antigo do g\u00eanero no Brasil e tem como principal finalidade preservar, conservar e divulgar a mem\u00f3ria audiovisual paranaense.<\/p>\n\n\n\n<p>Possui um acervo com mais de 3 milh\u00f5es de itens, entre discos em vinil, fotografias, negativos fotogr\u00e1ficos, depoimentos, fitas de \u00e1udio, documentos e filmes. Tamb\u00e9m conta com um acervo tridimensional com centenas de equipamentos como r\u00e1dios, radiolas, moviolas, c\u00e2meras fotogr\u00e1ficas e projetores. Al\u00e9m disso, tem biblioteca com mais de 2 mil itens, como livros e peri\u00f3dicos sobre cinema, fotografias, cartazes e outros impressos.<\/p>\n\n\n\n<p><strong>VER\u00c3O MAIOR PARAN\u00c1<\/strong>&nbsp;\u2013 Toda a programa\u00e7\u00e3o do Ver\u00e3o Maior Paran\u00e1 pode ser conferida no site exclusivo do Governo do Paran\u00e1, o&nbsp;<strong><a href=\"https:\/\/www.verao.pr.gov.br\/\" target=\"_blank\" rel=\"noreferrer noopener\">pr.gov.br\/verao<\/a><\/strong>. Ser\u00e3o 33 shows nacionais gratuitos nas arenas de Matinhos e Pontal do Paran\u00e1, 50 shows de artistas paranaenses, al\u00e9m de grande programa\u00e7\u00e3o esportiva nas arenas das praias do Litoral e na regi\u00e3o Noroeste.<\/p>\n\n\n\n<p><strong>Servi\u00e7o:<\/strong><\/p>\n\n\n\n<p>Exposi\u00e7\u00e3o \u201cAntonina\u201d do MIS-PR<\/p>\n\n\n\n<p>Inaugura\u00e7\u00e3o: 22\/01, quarta-feira<\/p>\n\n\n\n<p>Hor\u00e1rio: 15h<\/p>\n\n\n\n<p>Local: Esta\u00e7\u00e3o Ferrovi\u00e1ria de Antonina, R. Uruguai &#8211; Antonina<\/p>\n\n\n\n<p>Hor\u00e1rio de funcionamento da esta\u00e7\u00e3o: segunda a segunda, das 9h \u00e0s 18h<\/p>\n\n\n\n<p>Entrada gratuita<\/p>\n\n\n\n<p>AEN<\/p>\n","protected":false},"excerpt":{"rendered":"<p>O Museu da Imagem e do Som do Paran\u00e1 (MIS-PR) inaugura na quarta-feira (22), \u00e0s 15h, uma exposi\u00e7\u00e3o dedicada \u00e0 cidade de Antonina, na esta\u00e7\u00e3o ferrovi\u00e1ria do munic\u00edpio litor\u00e2neo. A entrada \u00e9 gratuita. Como parte da&nbsp;programa\u00e7\u00e3o da Secretaria estadual da Cultura no Ver\u00e3o Maior Paran\u00e1, a mostra celebra a relev\u00e2ncia cultural e hist\u00f3rica de Antonina [&hellip;]<\/p>\n","protected":false},"author":2,"featured_media":63772,"comment_status":"open","ping_status":"open","sticky":false,"template":"","format":"standard","meta":{"advanced_seo_description":"","jetpack_seo_html_title":"","jetpack_seo_noindex":false,"_jetpack_memberships_contains_paid_content":false,"footnotes":""},"categories":[132],"tags":[388,316,319],"class_list":{"0":"post-63771","1":"post","2":"type-post","3":"status-publish","4":"format-standard","5":"has-post-thumbnail","7":"category-antonina","8":"tag-antonina","9":"tag-litoral","10":"tag-parana"},"jetpack_featured_media_url":"https:\/\/www.paranapraia.com.br\/wp-content\/uploads\/2025\/01\/jesus_santoro_-_anderson_tozato_seec_7-scaled.jpg","jetpack_sharing_enabled":true,"_links":{"self":[{"href":"https:\/\/www.paranapraia.com.br\/index.php\/wp-json\/wp\/v2\/posts\/63771"}],"collection":[{"href":"https:\/\/www.paranapraia.com.br\/index.php\/wp-json\/wp\/v2\/posts"}],"about":[{"href":"https:\/\/www.paranapraia.com.br\/index.php\/wp-json\/wp\/v2\/types\/post"}],"author":[{"embeddable":true,"href":"https:\/\/www.paranapraia.com.br\/index.php\/wp-json\/wp\/v2\/users\/2"}],"replies":[{"embeddable":true,"href":"https:\/\/www.paranapraia.com.br\/index.php\/wp-json\/wp\/v2\/comments?post=63771"}],"version-history":[{"count":1,"href":"https:\/\/www.paranapraia.com.br\/index.php\/wp-json\/wp\/v2\/posts\/63771\/revisions"}],"predecessor-version":[{"id":63773,"href":"https:\/\/www.paranapraia.com.br\/index.php\/wp-json\/wp\/v2\/posts\/63771\/revisions\/63773"}],"wp:featuredmedia":[{"embeddable":true,"href":"https:\/\/www.paranapraia.com.br\/index.php\/wp-json\/wp\/v2\/media\/63772"}],"wp:attachment":[{"href":"https:\/\/www.paranapraia.com.br\/index.php\/wp-json\/wp\/v2\/media?parent=63771"}],"wp:term":[{"taxonomy":"category","embeddable":true,"href":"https:\/\/www.paranapraia.com.br\/index.php\/wp-json\/wp\/v2\/categories?post=63771"},{"taxonomy":"post_tag","embeddable":true,"href":"https:\/\/www.paranapraia.com.br\/index.php\/wp-json\/wp\/v2\/tags?post=63771"}],"curies":[{"name":"wp","href":"https:\/\/api.w.org\/{rel}","templated":true}]}}