{"id":63768,"date":"2025-01-17T15:56:04","date_gmt":"2025-01-17T18:56:04","guid":{"rendered":"https:\/\/www.paranapraia.com.br\/?p=63768"},"modified":"2025-01-17T15:56:08","modified_gmt":"2025-01-17T18:56:08","slug":"cota-unica-e-primeira-parcela-do-ipva-vencem-na-proxima-semana-veja-como-pagar","status":"publish","type":"post","link":"https:\/\/www.paranapraia.com.br\/index.php\/2025\/01\/17\/cota-unica-e-primeira-parcela-do-ipva-vencem-na-proxima-semana-veja-como-pagar\/","title":{"rendered":"Cota \u00fanica e primeira parcela do IPVA vencem na pr\u00f3xima semana; veja como pagar"},"content":{"rendered":"\n<p>Os donos de ve\u00edculos de todo o Paran\u00e1 precisam ficar atentos \u00e0s datas. Encerra na pr\u00f3xima semana o prazo para o pagamento em cota \u00fanica do Imposto sobre a Propriedade de Ve\u00edculo Automotor (IPVA) 2025. E quem vai optar pelo parcelamento tamb\u00e9m precisa se atentar, j\u00e1 que a primeira parcela tamb\u00e9m vence nos pr\u00f3ximos dias.<\/p>\n\n\n\n<p>Em ambos os casos, os vencimentos acontecem entre os dias 20 e 24 de janeiro, variando de acordo com o final da placa do ve\u00edculo (confira o calend\u00e1rio abaixo).<\/p>\n\n\n\n<p>No caso do pagamento em cota \u00fanica, o propriet\u00e1rio ainda conta com desconto de 6% no valor total do imposto. Tamb\u00e9m \u00e9 poss\u00edvel pagar o IPVA 2025 com cart\u00e3o de cr\u00e9dito, o que permite parcelar os d\u00e9bitos em at\u00e9 12 vezes \u2014 sujeitas, neste caso, a juros aplicados pela institui\u00e7\u00e3o emissora dos cart\u00f5es. As taxas podem ser verificadas&nbsp;<strong><a href=\"https:\/\/www.fazenda.pr.gov.br\/Pagina\/Empresas-credenciadas-para-pagamento-do-IPVA-com-cartao-de-credito\" target=\"_blank\" rel=\"noreferrer noopener\">AQUI<\/a><\/strong>.<\/p>\n\n\n\n<p>O IPVA \u00e9 a segunda maior fonte de arrecada\u00e7\u00e3o do Estado, atr\u00e1s apenas do Imposto sobre Circula\u00e7\u00e3o de Mercadorias e Servi\u00e7os (ICMS). No Paran\u00e1, a al\u00edquota \u00e9 de 3,5% sobre o valor venal de carros e motos em geral, e de 1% para \u00f4nibus, caminh\u00f5es, ve\u00edculos de aluguel, utilit\u00e1rios de carga ou movidos a g\u00e1s natural veicular (GNV).<\/p>\n\n\n\n<p>Desde o dia 1\u00ba de janeiro, motocicletas, motonetas e ciclomotores de at\u00e9 170 cilindradas est\u00e3o isentos.<\/p>\n\n\n\n<p>Para 2025, a Receita Estadual lan\u00e7ou um total de R$ 6,78 bilh\u00f5es sobre uma frota tribut\u00e1vel de mais de 4 milh\u00f5es de ve\u00edculos. Pela legisla\u00e7\u00e3o, metade do valor arrecadado com o imposto \u00e9 repassado aos munic\u00edpios de emplacamento e o restante \u00e9 usado pelo Estado para o financiamento de obras e custeio de atividades das \u00e1reas de sa\u00fade, educa\u00e7\u00e3o e seguran\u00e7a p\u00fablica.<\/p>\n\n\n\n<p><strong>Os prazos tanto para cota \u00fanica quanto a primeira parcela do imposto se encerram nas seguintes datas:<\/strong><\/p>\n\n\n\n<p><strong><u>Finais 1 e 2:<\/u><\/strong>&nbsp;20\/01\/2025<\/p>\n\n\n\n<p><strong><u>Finais 3 e 4:<\/u><\/strong>&nbsp;21\/01\/2025<\/p>\n\n\n\n<p><strong>Finais 5 e 6:&nbsp;<\/strong>22\/01\/2025<\/p>\n\n\n\n<p><strong>Finais 7 e 8:<\/strong>&nbsp;23\/01\/2025<\/p>\n\n\n\n<p><strong>Finais 9 e 0<\/strong>: 24\/01\/2025<\/p>\n\n\n\n<p><strong>\u00daNICO DESCONTO<\/strong>&nbsp;\u2013 O gerente do IPVA da Receita Estadual, Leonardo Marcon, destaca o desconto de 6% como o principal atrativo para o pagamento do imposto em cota \u00fanica. \u201cO pagamento \u00e0 vista \u00e9 a \u00fanica forma de aproveitar esse desconto\u201d, afirma. \u201cAo longo das \u00faltimas semanas, vimos mensagens falsas nas redes sociais sobre supostos programas e maneiras de pagar menos, mas refor\u00e7amos que o \u00fanico desconto oferecido no Paran\u00e1 s\u00e3o esses 6% para quem pagar em cota \u00fanica\u201d.<\/p>\n\n\n\n<p>Marcon refor\u00e7a, ainda, que o contribuinte precisa tomar cuidado com os golpes que normalmente circulam no per\u00edodo de pagamento do IPVA. A recomenda\u00e7\u00e3o \u00e9 gerar sempre as guias de pagamento atrav\u00e9s dos sites oficiais, identific\u00e1veis por endere\u00e7os que terminam com a extens\u00e3o \u201c.pr.gov.br\u201d, como o&nbsp;<strong><a href=\"https:\/\/www.contribuinte.fazenda.pr.gov.br\/ipva\/faces\/home?_afrRedirect=65043079280529540\" target=\"_blank\" rel=\"noreferrer noopener\">Portal do IPVA&nbsp;<\/a><\/strong>ou o&nbsp;<strong><a href=\"https:\/\/arrecadacao.fazenda.pr.gov.br\/\" target=\"_blank\" rel=\"noreferrer noopener\">Portal de Pagamentos de Tributos<\/a><\/strong>. Outra op\u00e7\u00e3o \u00e9 usar o aplicativo Servi\u00e7os R\u00e1pidos, da Receita Estadual, dispon\u00edvel para&nbsp;<strong><a href=\"https:\/\/play.google.com\/store\/apps\/details?id=br.gov.pr.celepar.receita.servicos&amp;pli=1\" target=\"_blank\" rel=\"noreferrer noopener\">Android&nbsp;<\/a><\/strong>e&nbsp;<strong><a href=\"https:\/\/apps.apple.com\/br\/app\/receita-paran%C3%A1\/id1613796501\" target=\"_blank\" rel=\"noreferrer noopener\">iOS.<\/a><\/strong><\/p>\n\n\n\n<p><strong>IPVA EM DIA&nbsp;<\/strong>\u2013 A inadimpl\u00eancia com o tributo impede a emiss\u00e3o do Certificado e Licenciamento do Registro do Ve\u00edculo (CRLV), documento de uso obrigat\u00f3rio para circula\u00e7\u00e3o. Trafegar sem ele implica em multa pelas autoridades de tr\u00e2nsito e na reten\u00e7\u00e3o do ve\u00edculo at\u00e9 a regulariza\u00e7\u00e3o da pend\u00eancia.<\/p>\n\n\n\n<p>O n\u00e3o pagamento do IPVA tamb\u00e9m impossibilita a transfer\u00eancia de propriedade do ve\u00edculo, al\u00e9m de restringir a obten\u00e7\u00e3o de Certid\u00e3o Negativa de Tributos junto \u00e0 Receita Estadual.<\/p>\n\n\n\n<p>O Paran\u00e1 fechou o ano de 2024 com uma taxa de adimpl\u00eancia de 88,2% \u2014 o que significa que apenas um a cada 10 propriet\u00e1rios do Estado encerraram o exerc\u00edcio anterior com d\u00e9bitos no imposto. Esse percentual, afirma Marcon, est\u00e1 dentro da m\u00e9dia hist\u00f3rica.&nbsp;<\/p>\n\n\n\n<p><strong>J\u00c1 VENCIDAS&nbsp;<\/strong>\u2013<strong>&nbsp;<\/strong>As parcelas j\u00e1 vencidas de 2024 podem ser quitadas no mesmo sistema com acr\u00e9scimo de multa e juros (multa de 0,33% por dia e juros de mora com base na taxa Selic). Passados 30 dias, o percentual da multa \u00e9 fixado em 10% do valor do imposto. Tamb\u00e9m \u00e9 poss\u00edvel parcelar os d\u00e9bitos de IPVA de exerc\u00edcios anteriores ao atual. As informa\u00e7\u00f5es est\u00e3o no site do IPVA.<\/p>\n\n\n\n<p>AEN<\/p>\n","protected":false},"excerpt":{"rendered":"<p>Os donos de ve\u00edculos de todo o Paran\u00e1 precisam ficar atentos \u00e0s datas. Encerra na pr\u00f3xima semana o prazo para o pagamento em cota \u00fanica do Imposto sobre a Propriedade de Ve\u00edculo Automotor (IPVA) 2025. E quem vai optar pelo parcelamento tamb\u00e9m precisa se atentar, j\u00e1 que a primeira parcela tamb\u00e9m vence nos pr\u00f3ximos dias. [&hellip;]<\/p>\n","protected":false},"author":2,"featured_media":63769,"comment_status":"open","ping_status":"open","sticky":false,"template":"","format":"standard","meta":{"advanced_seo_description":"","jetpack_seo_html_title":"","jetpack_seo_noindex":false,"_jetpack_memberships_contains_paid_content":false,"footnotes":""},"categories":[40],"tags":[855,319],"class_list":{"0":"post-63768","1":"post","2":"type-post","3":"status-publish","4":"format-standard","5":"has-post-thumbnail","7":"category-destaques","8":"tag-ipva","9":"tag-parana"},"jetpack_featured_media_url":"https:\/\/www.paranapraia.com.br\/wp-content\/uploads\/2025\/01\/geraldo_bubniakaen.jpg","jetpack_sharing_enabled":true,"_links":{"self":[{"href":"https:\/\/www.paranapraia.com.br\/index.php\/wp-json\/wp\/v2\/posts\/63768"}],"collection":[{"href":"https:\/\/www.paranapraia.com.br\/index.php\/wp-json\/wp\/v2\/posts"}],"about":[{"href":"https:\/\/www.paranapraia.com.br\/index.php\/wp-json\/wp\/v2\/types\/post"}],"author":[{"embeddable":true,"href":"https:\/\/www.paranapraia.com.br\/index.php\/wp-json\/wp\/v2\/users\/2"}],"replies":[{"embeddable":true,"href":"https:\/\/www.paranapraia.com.br\/index.php\/wp-json\/wp\/v2\/comments?post=63768"}],"version-history":[{"count":1,"href":"https:\/\/www.paranapraia.com.br\/index.php\/wp-json\/wp\/v2\/posts\/63768\/revisions"}],"predecessor-version":[{"id":63770,"href":"https:\/\/www.paranapraia.com.br\/index.php\/wp-json\/wp\/v2\/posts\/63768\/revisions\/63770"}],"wp:featuredmedia":[{"embeddable":true,"href":"https:\/\/www.paranapraia.com.br\/index.php\/wp-json\/wp\/v2\/media\/63769"}],"wp:attachment":[{"href":"https:\/\/www.paranapraia.com.br\/index.php\/wp-json\/wp\/v2\/media?parent=63768"}],"wp:term":[{"taxonomy":"category","embeddable":true,"href":"https:\/\/www.paranapraia.com.br\/index.php\/wp-json\/wp\/v2\/categories?post=63768"},{"taxonomy":"post_tag","embeddable":true,"href":"https:\/\/www.paranapraia.com.br\/index.php\/wp-json\/wp\/v2\/tags?post=63768"}],"curies":[{"name":"wp","href":"https:\/\/api.w.org\/{rel}","templated":true}]}}