{"id":63706,"date":"2025-01-16T16:31:44","date_gmt":"2025-01-16T19:31:44","guid":{"rendered":"https:\/\/www.paranapraia.com.br\/?p=63706"},"modified":"2025-01-16T16:31:46","modified_gmt":"2025-01-16T19:31:46","slug":"pontal-do-parana-agencia-do-trabalhador-e-policia-civil-oferecem-atendimento-para-emissao-de-rg-em-praia-de-leste","status":"publish","type":"post","link":"https:\/\/www.paranapraia.com.br\/index.php\/2025\/01\/16\/pontal-do-parana-agencia-do-trabalhador-e-policia-civil-oferecem-atendimento-para-emissao-de-rg-em-praia-de-leste\/","title":{"rendered":"Pontal do Paran\u00e1: Ag\u00eancia do Trabalhador e Pol\u00edcia Civil oferecem atendimento para emiss\u00e3o de RG em Praia de Leste"},"content":{"rendered":"\n<p>Durante a Opera\u00e7\u00e3o Ver\u00e3o, a Ag\u00eancia do Trabalhador de Praia de Leste, em Pontal do Paran\u00e1, est\u00e1 oferecendo atendimento para a emiss\u00e3o de carteiras de identidade (RG). O servi\u00e7o est\u00e1 sendo realizado pelo policial civil Carlos Augusto Vieira, papiloscopista, e estar\u00e1 dispon\u00edvel at\u00e9 o dia 7 de fevereiro.<\/p>\n\n\n\n<figure class=\"wp-block-image size-large\"><img loading=\"lazy\" decoding=\"async\" width=\"1024\" height=\"682\" src=\"https:\/\/www.paranapraia.com.br\/wp-content\/uploads\/2025\/01\/1000272266-1-1024x682.jpg\" alt=\"\" class=\"wp-image-63710\" srcset=\"https:\/\/www.paranapraia.com.br\/wp-content\/uploads\/2025\/01\/1000272266-1-1024x682.jpg 1024w, https:\/\/www.paranapraia.com.br\/wp-content\/uploads\/2025\/01\/1000272266-1-300x200.jpg 300w, https:\/\/www.paranapraia.com.br\/wp-content\/uploads\/2025\/01\/1000272266-1-768x512.jpg 768w, https:\/\/www.paranapraia.com.br\/wp-content\/uploads\/2025\/01\/1000272266-1-696x464.jpg 696w, https:\/\/www.paranapraia.com.br\/wp-content\/uploads\/2025\/01\/1000272266-1-1068x712.jpg 1068w, https:\/\/www.paranapraia.com.br\/wp-content\/uploads\/2025\/01\/1000272266-1-scaled.jpg 800w\" sizes=\"(max-width: 1024px) 100vw, 1024px\" \/><\/figure>\n\n\n\n<p>O atendimento ocorre de segunda a sexta-feira, das 8h \u00e0s 11h e das 13h30 \u00e0s 16h, na sede da Ag\u00eancia do Trabalhador, localizada na Rua Baronesa do Cerro Azul, n\u00ba 386.<\/p>\n\n\n\n<p>Uma das facilidades oferecidas pelo servi\u00e7o \u00e9 que n\u00e3o h\u00e1 necessidade de agendamento pr\u00e9vio. Segundo Albor Neto, gerente da Ag\u00eancia do Trabalhador, o processo \u00e9 simples e acess\u00edvel. \u201cCom este policial l\u00e1, n\u00e3o precisa ter agendamento, \u00e9 s\u00f3 chegar com a documenta\u00e7\u00e3o. Estamos facilitando para atender a maior quantidade de pessoas poss\u00edvel durante a temporada\u201d, afirmou.<\/p>\n\n\n\n<p>Documentos Necess\u00e1rios:<br>Para emitir o RG, \u00e9 necess\u00e1rio apresentar:<\/p>\n\n\n\n<ul class=\"wp-block-list\">\n<li>Certid\u00e3o de nascimento ou casamento (original e leg\u00edvel);<\/li>\n\n\n\n<li>CPF.<\/li>\n<\/ul>\n\n\n\n<p>A emiss\u00e3o do RG na Ag\u00eancia do Trabalhador atende tanto moradores quanto turistas, proporcionando praticidade e agilidade.<br>Se voc\u00ea precisa renovar ou emitir sua carteira de identidade, aproveite esta oportunidade \u00fanica.<\/p>\n\n\n\n<p>O atendimento \u00e9 r\u00e1pido e acess\u00edvel, facilitando a vida de quem est\u00e1 na regi\u00e3o.<\/p>\n\n\n\n<p>\ud83d\udcf8PMPPR\/Clovis Santos<\/p>\n\n\n\n<h1 class=\"wp-block-heading\">agenciadotrabalhador<\/h1>\n\n\n\n<h1 class=\"wp-block-heading\">pontaldoparana<\/h1>\n\n\n\n<h1 class=\"wp-block-heading\">policiacivil<\/h1>\n","protected":false},"excerpt":{"rendered":"<p>Durante a Opera\u00e7\u00e3o Ver\u00e3o, a Ag\u00eancia do Trabalhador de Praia de Leste, em Pontal do Paran\u00e1, est\u00e1 oferecendo atendimento para a emiss\u00e3o de carteiras de identidade (RG). O servi\u00e7o est\u00e1 sendo realizado pelo policial civil Carlos Augusto Vieira, papiloscopista, e estar\u00e1 dispon\u00edvel at\u00e9 o dia 7 de fevereiro. O atendimento ocorre de segunda a sexta-feira, [&hellip;]<\/p>\n","protected":false},"author":2,"featured_media":63707,"comment_status":"open","ping_status":"open","sticky":false,"template":"","format":"standard","meta":{"advanced_seo_description":"","jetpack_seo_html_title":"","jetpack_seo_noindex":false,"_jetpack_memberships_contains_paid_content":false,"footnotes":""},"categories":[40,65],"tags":[],"class_list":{"0":"post-63706","1":"post","2":"type-post","3":"status-publish","4":"format-standard","5":"has-post-thumbnail","7":"category-destaques","8":"category-pontal-do-parana"},"jetpack_featured_media_url":"https:\/\/www.paranapraia.com.br\/wp-content\/uploads\/2025\/01\/FB_IMG_1737055763590-scaled.jpg","jetpack_sharing_enabled":true,"_links":{"self":[{"href":"https:\/\/www.paranapraia.com.br\/index.php\/wp-json\/wp\/v2\/posts\/63706"}],"collection":[{"href":"https:\/\/www.paranapraia.com.br\/index.php\/wp-json\/wp\/v2\/posts"}],"about":[{"href":"https:\/\/www.paranapraia.com.br\/index.php\/wp-json\/wp\/v2\/types\/post"}],"author":[{"embeddable":true,"href":"https:\/\/www.paranapraia.com.br\/index.php\/wp-json\/wp\/v2\/users\/2"}],"replies":[{"embeddable":true,"href":"https:\/\/www.paranapraia.com.br\/index.php\/wp-json\/wp\/v2\/comments?post=63706"}],"version-history":[{"count":1,"href":"https:\/\/www.paranapraia.com.br\/index.php\/wp-json\/wp\/v2\/posts\/63706\/revisions"}],"predecessor-version":[{"id":63711,"href":"https:\/\/www.paranapraia.com.br\/index.php\/wp-json\/wp\/v2\/posts\/63706\/revisions\/63711"}],"wp:featuredmedia":[{"embeddable":true,"href":"https:\/\/www.paranapraia.com.br\/index.php\/wp-json\/wp\/v2\/media\/63707"}],"wp:attachment":[{"href":"https:\/\/www.paranapraia.com.br\/index.php\/wp-json\/wp\/v2\/media?parent=63706"}],"wp:term":[{"taxonomy":"category","embeddable":true,"href":"https:\/\/www.paranapraia.com.br\/index.php\/wp-json\/wp\/v2\/categories?post=63706"},{"taxonomy":"post_tag","embeddable":true,"href":"https:\/\/www.paranapraia.com.br\/index.php\/wp-json\/wp\/v2\/tags?post=63706"}],"curies":[{"name":"wp","href":"https:\/\/api.w.org\/{rel}","templated":true}]}}