{"id":63693,"date":"2025-01-16T15:37:02","date_gmt":"2025-01-16T18:37:02","guid":{"rendered":"https:\/\/www.paranapraia.com.br\/?p=63693"},"modified":"2025-01-16T15:37:54","modified_gmt":"2025-01-16T18:37:54","slug":"mais-seguranca-e-novo-cenario-turistas-aprovam-145-superpostes-da-orla-de-matinhos","status":"publish","type":"post","link":"https:\/\/www.paranapraia.com.br\/index.php\/2025\/01\/16\/mais-seguranca-e-novo-cenario-turistas-aprovam-145-superpostes-da-orla-de-matinhos\/","title":{"rendered":"Mais seguran\u00e7a e novo cen\u00e1rio: turistas aprovam 145 superpostes da Orla de Matinhos"},"content":{"rendered":"\n<p>A nova ilumina\u00e7\u00e3o da Orla de Matinhos, no Litoral do Paran\u00e1, j\u00e1 \u00e9 um dos destaques entre turistas e moradores que frequentam a regi\u00e3o. Com 145 superpostes inteligentes de 17 metros de altura, instalados ao longo dos 6,3 quil\u00f4metros revitalizados entre o Morro do Boi e o Balne\u00e1rio Fl\u00f3rida, a transforma\u00e7\u00e3o trouxe mais seguran\u00e7a, beleza e modernidade \u00e0 principal faixa costeira do Estado.<\/p>\n\n\n\n<p>Os superpostes contam com projetores de LED e placas fotovoltaicas para gera\u00e7\u00e3o de energia solar, tornando o projeto ambientalmente sustent\u00e1vel. A ilumina\u00e7\u00e3o destaca n\u00e3o s\u00f3 a pista de caminhada e a ciclovia, mas toda a praia, que fica bem iluminada durante a noite.<\/p>\n\n\n\n<p>Para o empres\u00e1rio Rog\u00e9rio Martini, que tem im\u00f3vel em Matinhos h\u00e1 25 anos, a mudan\u00e7a \u00e9 motivo de celebra\u00e7\u00e3o. \u201cO Litoral nunca esteve t\u00e3o bem cuidado, essa ilumina\u00e7\u00e3o ficou muito boa, d\u00e1 seguran\u00e7a e agora \u00e9 normal ver gente caminhando e andando na praia at\u00e9 mais tarde. \u00c9 uma estrutura de primeiro mundo\u201d, comenta.<\/p>\n\n\n\n<p>A revitaliza\u00e7\u00e3o tamb\u00e9m foi um ponto positivo para quem est\u00e1 passeando em fam\u00edlia, Vanderl\u00e9ia Vaz, de Campo Largo, que gosta de caminhar pela orla com o filho pequeno. \u201cAntigamente era bem escuro e a\u00ed dava medo de vir, agora ficou legal e mais seguro\u201d, explica.<\/p>\n\n\n\n<p>Rebeca Oliveira, terapeuta de 26 anos, chegou de noite na praia, mas com a sensa\u00e7\u00e3o de \u201cser dia\u201d, por conta dos superpostes. \u201cEst\u00e1 maravilhoso, porque a ilumina\u00e7\u00e3o pega o cal\u00e7ad\u00e3o at\u00e9 o mar, muito gostoso. D\u00e1 mais seguran\u00e7a e mais divers\u00e3o aqui nos shows\u201d, disse enquanto curtia as atra\u00e7\u00f5es do Palco Sunset do Ver\u00e3o Maior Paran\u00e1.<\/p>\n\n\n\n<p><strong>SUSTENT\u00c1VEL<\/strong>&nbsp;\u2013 Os superpostes inteligentes fazem parte de um projeto, que inclui a instala\u00e7\u00e3o de sistemas de automa\u00e7\u00e3o e infraestrutura para pontos de internet wi-fi gratuitos. Eles tamb\u00e9m permitem a cria\u00e7\u00e3o de \u00e1reas de descanso ao longo da orla, onde os visitantes podem recarregar celulares e outros aparelhos eletr\u00f4nicos utilizando tomadas gratuitas alimentadas pela energia solar.<\/p>\n\n\n\n<p>As melhorias, que come\u00e7aram a ser implementadas em fevereiro de 2024 pelo Instituto \u00c1gua e Terra (IAT) e foram entregues em outubro do mesmo ano, fazem parte do projeto de revitaliza\u00e7\u00e3o da orla de Matinhos. As obras incluem a engorda da faixa de areia, macrodrenagem, plantio de esp\u00e9cies nativas e a recupera\u00e7\u00e3o de vias urbanas.<\/p>\n\n\n\n<p>De acordo com o diretor-presidente do IAT, Jos\u00e9 Luiz Scrocaro, os superpostes tamb\u00e9m funcionam como para-raios. \u201cAs estruturas possuem um im\u00e3, que absorvem as descargas el\u00e9tricas e o aterramento necess\u00e1rio para que os raios sejam dissipados, aumentando a seguran\u00e7a desde o Morro do Boi at\u00e9 o Balne\u00e1rio Fl\u00f3rida\u201d, detalha.<\/p>\n\n\n\n<p><strong>VER\u00c3O MAIOR PARAN\u00c1<\/strong>&nbsp;\u2013 Toda a programa\u00e7\u00e3o do Ver\u00e3o Maior Paran\u00e1 pode ser conferida no site exclusivo do Governo do Estado, o&nbsp;<a href=\"https:\/\/www.verao.pr.gov.br\/\" target=\"_blank\" rel=\"noreferrer noopener\">pr.gov.br\/verao<\/a>. Ser\u00e3o 33 shows nacionais gratuitos nas arenas de Matinhos e Pontal do Paran\u00e1, mais de 48 shows de artistas paranaenses nos Palcos Sunset em Caiob\u00e1, Guaratuba, S\u00e3o Pedro do Paran\u00e1 e Porto Rico, al\u00e9m de grande programa\u00e7\u00e3o esportiva nas arenas das praias do Litoral e na regi\u00e3o Noroeste.<\/p>\n\n\n\n<p>AEN<\/p>\n","protected":false},"excerpt":{"rendered":"<p>A nova ilumina\u00e7\u00e3o da Orla de Matinhos, no Litoral do Paran\u00e1, j\u00e1 \u00e9 um dos destaques entre turistas e moradores que frequentam a regi\u00e3o. Com 145 superpostes inteligentes de 17 metros de altura, instalados ao longo dos 6,3 quil\u00f4metros revitalizados entre o Morro do Boi e o Balne\u00e1rio Fl\u00f3rida, a transforma\u00e7\u00e3o trouxe mais seguran\u00e7a, beleza [&hellip;]<\/p>\n","protected":false},"author":2,"featured_media":63694,"comment_status":"open","ping_status":"open","sticky":false,"template":"","format":"standard","meta":{"advanced_seo_description":"","jetpack_seo_html_title":"","jetpack_seo_noindex":false,"_jetpack_memberships_contains_paid_content":false,"footnotes":""},"categories":[88,1],"tags":[316,317,319],"class_list":{"0":"post-63693","1":"post","2":"type-post","3":"status-publish","4":"format-standard","5":"has-post-thumbnail","7":"category-matinhos","8":"category-sem-categoria","9":"tag-litoral","10":"tag-matinhos","11":"tag-parana"},"jetpack_featured_media_url":"https:\/\/www.paranapraia.com.br\/wp-content\/uploads\/2025\/01\/20250115_agb_superpostes-13-scaled.jpg","jetpack_sharing_enabled":true,"_links":{"self":[{"href":"https:\/\/www.paranapraia.com.br\/index.php\/wp-json\/wp\/v2\/posts\/63693"}],"collection":[{"href":"https:\/\/www.paranapraia.com.br\/index.php\/wp-json\/wp\/v2\/posts"}],"about":[{"href":"https:\/\/www.paranapraia.com.br\/index.php\/wp-json\/wp\/v2\/types\/post"}],"author":[{"embeddable":true,"href":"https:\/\/www.paranapraia.com.br\/index.php\/wp-json\/wp\/v2\/users\/2"}],"replies":[{"embeddable":true,"href":"https:\/\/www.paranapraia.com.br\/index.php\/wp-json\/wp\/v2\/comments?post=63693"}],"version-history":[{"count":1,"href":"https:\/\/www.paranapraia.com.br\/index.php\/wp-json\/wp\/v2\/posts\/63693\/revisions"}],"predecessor-version":[{"id":63695,"href":"https:\/\/www.paranapraia.com.br\/index.php\/wp-json\/wp\/v2\/posts\/63693\/revisions\/63695"}],"wp:featuredmedia":[{"embeddable":true,"href":"https:\/\/www.paranapraia.com.br\/index.php\/wp-json\/wp\/v2\/media\/63694"}],"wp:attachment":[{"href":"https:\/\/www.paranapraia.com.br\/index.php\/wp-json\/wp\/v2\/media?parent=63693"}],"wp:term":[{"taxonomy":"category","embeddable":true,"href":"https:\/\/www.paranapraia.com.br\/index.php\/wp-json\/wp\/v2\/categories?post=63693"},{"taxonomy":"post_tag","embeddable":true,"href":"https:\/\/www.paranapraia.com.br\/index.php\/wp-json\/wp\/v2\/tags?post=63693"}],"curies":[{"name":"wp","href":"https:\/\/api.w.org\/{rel}","templated":true}]}}