{"id":63690,"date":"2025-01-16T15:33:20","date_gmt":"2025-01-16T18:33:20","guid":{"rendered":"https:\/\/www.paranapraia.com.br\/?p=63690"},"modified":"2025-01-16T15:33:23","modified_gmt":"2025-01-16T18:33:23","slug":"destino-de-lazer-mar-de-agua-doce-no-norte-do-parana-atrai-turistas-e-beneficia-as-cidades","status":"publish","type":"post","link":"https:\/\/www.paranapraia.com.br\/index.php\/2025\/01\/16\/destino-de-lazer-mar-de-agua-doce-no-norte-do-parana-atrai-turistas-e-beneficia-as-cidades\/","title":{"rendered":"Destino de lazer, mar de \u00e1gua doce no Norte do Paran\u00e1 atrai turistas e beneficia as cidades"},"content":{"rendered":"\n<p>O Norte Pioneiro do Paran\u00e1 se destaca como uma das principais op\u00e7\u00f5es tur\u00edsticas para quem busca lazer, aventura e tranquilidade durante o ver\u00e3o. Com paisagens exuberantes, infraestrutura em expans\u00e3o e atrativos naturais \u00fanicos, as cidades de Ribeir\u00e3o Claro e Carl\u00f3polis, situadas \u00e0s margens da represa da Hidrel\u00e9trica de Chavantes, s\u00e3o exemplos do potencial para o turismo da regi\u00e3o.<\/p>\n\n\n\n<p>A regi\u00e3o faz parte do projeto Angra Doce, que une cinco cidades do Paran\u00e1 e cinco de S\u00e3o Paulo em torno das belezas naturais e da infraestrutura proporcionada pela represa da hidrel\u00e9trica.<\/p>\n\n\n\n<p>A represa, com seus impressionantes 420 quil\u00f4metros quadrados de \u00e1guas azul-esmeralda, \u00e9 o cora\u00e7\u00e3o da \u00e1rea e oferece diversas atividades ao ar livre.<\/p>\n\n\n\n<p>&#8220;O que mais atrai aqui \u00e9 a natureza e o ambiente familiar, com locais para pr\u00e1tica de esportes, nata\u00e7\u00e3o e pesca&#8221;, comenta Emerson de Oliveira, um orgulhoso morador de Carl\u00f3polis. Al\u00e9m disso, outros pontos tur\u00edsticos s\u00e3o parada obrigat\u00f3rias para quem conhece o munic\u00edpio: o mirante e a igrejinha de Nossa Senhora de F\u00e1tima, por exemplo, tem vista privilegiada de toda a regi\u00e3o.<\/p>\n\n\n\n<p>Em Ribeir\u00e3o Claro, o Morro do Gavi\u00e3o \u00e9 um dos destaques. Com uma vista panor\u00e2mica que \u00e9 um verdadeiro cart\u00e3o postal, o local proporciona ambiente de paz e conex\u00e3o com a natureza. &#8220;Fiquei encantada com essa vista. A subidinha n\u00e3o \u00e9 f\u00e1cil, mas vale a pena\u201d, brinca a turista Alessandra Ferreira, de Ourinhos, no interior de S\u00e3o Paulo.<\/p>\n\n\n\n<figure class=\"wp-block-image\"><a href=\"https:\/\/www.aen.pr.gov.br\/Galeria-de-Imagens\/Destino-de-lazer-mar-de-agua-doce-no-Norte-do-Parana-atrai-turistas-e-beneficia#&amp;gid=1&amp;pid=5\"><img decoding=\"async\" src=\"https:\/\/www.aen.pr.gov.br\/sites\/default\/arquivos_restritos\/files\/imagem\/2025-01\/dji_20241128095912_0020_d.jpg\" alt=\"DESTINOS NORTE TURISTAS\"\/><\/a><figcaption class=\"wp-element-caption\">Foto: Ricardo Ribeiro\/AEN<\/figcaption><\/figure>\n\n\n\n<p><br><strong>CRESCIMENTO<\/strong>&nbsp;\u2013&nbsp;O turismo na regi\u00e3o vem sendo impulsionado por investimentos em infraestrutura, que ampliam a capacidade de receber visitantes. Resorts, pesqueiros e atra\u00e7\u00f5es como a Rota do Ros\u00e1rio integram o conjunto de op\u00e7\u00f5es para quem busca experi\u00eancias completas.<\/p>\n\n\n\n<p>&#8220;As cidades est\u00e3o com uma estrutura muito boa, e a expectativa para o ver\u00e3o \u00e9 muito positiva. Tenho a certeza de que teremos recordes de visita\u00e7\u00f5es&#8221;, afirma Mara Melo, presidente da Associa\u00e7\u00e3o Tur\u00edstica do Norte Pioneiro (Aturnopi).<\/p>\n\n\n\n<p>Os impactos econ\u00f4micos tamb\u00e9m s\u00e3o celebrados pelos empres\u00e1rios locais. Rodrigo Amaral, dono de uma pastelaria em Carl\u00f3polis, enumera os benef\u00edcios para o com\u00e9rcio. &#8220;O turista chega, o hotel fica cheio, as pessoas consomem nas lojas. Todo mundo ganha com esse movimento, \u00e9 uma rea\u00e7\u00e3o em cadeia&#8221;, afirma.<\/p>\n\n\n\n<p>J\u00e1 Phelipe Higgins, empres\u00e1rio de Ribeir\u00e3o Claro, ressalta o apelo irresist\u00edvel dos atrativos naturais. &#8220;No ver\u00e3o, a represa \u00e9 um dos maiores atrativos, com turismo n\u00e1utico e diversas atividades ao ar livre. \u00c9 como ter um verdadeiro mar de \u00e1gua doce no interior do Paran\u00e1&#8221;, descreve.<\/p>\n\n\n\n<p><strong>ANGRA DOCE<\/strong>&nbsp;\u2013&nbsp;O projeto Angra Doce tem atra\u00eddo a aten\u00e7\u00e3o de investidores de todo o Brasil e promovido o desenvolvimento local. &#8220;Estamos percebendo o interesse em promover investimentos nas cidades inclu\u00eddas no projeto de Angra Doce, o que fortalece o turismo e gera crescimento econ\u00f4mico&#8221;, complementa Mara Melo, presidente da Aturnopi.<\/p>\n\n\n\n<p><strong>VER\u00c3O MAIOR PARAN\u00c1&nbsp;\u2013<\/strong>&nbsp;Toda a programa\u00e7\u00e3o do Ver\u00e3o Maior Paran\u00e1 pode ser conferida no site exclusivo do Governo do Paran\u00e1, o&nbsp;<a href=\"https:\/\/www.verao.pr.gov.br\/\" target=\"_blank\" rel=\"noreferrer noopener\">pr.gov.br\/verao.<\/a>&nbsp;Ser\u00e3o 33 shows nacionais gratuitos nas arenas de Matinhos e Pontal do Paran\u00e1, al\u00e9m de grande programa\u00e7\u00e3o esportiva nas arenas das praias do Litoral e na regi\u00e3o Noroeste.<\/p>\n\n\n\n<p>AEN<\/p>\n","protected":false},"excerpt":{"rendered":"<p>O Norte Pioneiro do Paran\u00e1 se destaca como uma das principais op\u00e7\u00f5es tur\u00edsticas para quem busca lazer, aventura e tranquilidade durante o ver\u00e3o. Com paisagens exuberantes, infraestrutura em expans\u00e3o e atrativos naturais \u00fanicos, as cidades de Ribeir\u00e3o Claro e Carl\u00f3polis, situadas \u00e0s margens da represa da Hidrel\u00e9trica de Chavantes, s\u00e3o exemplos do potencial para o [&hellip;]<\/p>\n","protected":false},"author":2,"featured_media":63691,"comment_status":"open","ping_status":"open","sticky":false,"template":"","format":"standard","meta":{"advanced_seo_description":"","jetpack_seo_html_title":"","jetpack_seo_noindex":false,"_jetpack_memberships_contains_paid_content":false,"footnotes":""},"categories":[650],"tags":[319],"class_list":{"0":"post-63690","1":"post","2":"type-post","3":"status-publish","4":"format-standard","5":"has-post-thumbnail","7":"category-parana","8":"tag-parana"},"jetpack_featured_media_url":"https:\/\/www.paranapraia.com.br\/wp-content\/uploads\/2025\/01\/dsc04761-scaled.jpg","jetpack_sharing_enabled":true,"_links":{"self":[{"href":"https:\/\/www.paranapraia.com.br\/index.php\/wp-json\/wp\/v2\/posts\/63690"}],"collection":[{"href":"https:\/\/www.paranapraia.com.br\/index.php\/wp-json\/wp\/v2\/posts"}],"about":[{"href":"https:\/\/www.paranapraia.com.br\/index.php\/wp-json\/wp\/v2\/types\/post"}],"author":[{"embeddable":true,"href":"https:\/\/www.paranapraia.com.br\/index.php\/wp-json\/wp\/v2\/users\/2"}],"replies":[{"embeddable":true,"href":"https:\/\/www.paranapraia.com.br\/index.php\/wp-json\/wp\/v2\/comments?post=63690"}],"version-history":[{"count":1,"href":"https:\/\/www.paranapraia.com.br\/index.php\/wp-json\/wp\/v2\/posts\/63690\/revisions"}],"predecessor-version":[{"id":63692,"href":"https:\/\/www.paranapraia.com.br\/index.php\/wp-json\/wp\/v2\/posts\/63690\/revisions\/63692"}],"wp:featuredmedia":[{"embeddable":true,"href":"https:\/\/www.paranapraia.com.br\/index.php\/wp-json\/wp\/v2\/media\/63691"}],"wp:attachment":[{"href":"https:\/\/www.paranapraia.com.br\/index.php\/wp-json\/wp\/v2\/media?parent=63690"}],"wp:term":[{"taxonomy":"category","embeddable":true,"href":"https:\/\/www.paranapraia.com.br\/index.php\/wp-json\/wp\/v2\/categories?post=63690"},{"taxonomy":"post_tag","embeddable":true,"href":"https:\/\/www.paranapraia.com.br\/index.php\/wp-json\/wp\/v2\/tags?post=63690"}],"curies":[{"name":"wp","href":"https:\/\/api.w.org\/{rel}","templated":true}]}}