{"id":63687,"date":"2025-01-16T15:30:15","date_gmt":"2025-01-16T18:30:15","guid":{"rendered":"https:\/\/www.paranapraia.com.br\/?p=63687"},"modified":"2025-01-16T15:30:20","modified_gmt":"2025-01-16T18:30:20","slug":"prospera-parana-tera-programa-de-capacitacao-em-ods-para-liderancas-locais","status":"publish","type":"post","link":"https:\/\/www.paranapraia.com.br\/index.php\/2025\/01\/16\/prospera-parana-tera-programa-de-capacitacao-em-ods-para-liderancas-locais\/","title":{"rendered":"Prospera: Paran\u00e1 ter\u00e1 programa de capacita\u00e7\u00e3o em ODS para lideran\u00e7as locais"},"content":{"rendered":"\n<p>O Paran\u00e1 deu um importante passo para o fortalecimento da sustentabilidade em todo o Estado, nesta quinta-feira (16), com o lan\u00e7amento do Programa de Capacita\u00e7\u00e3o de Lideran\u00e7as Locais para o Desenvolvimento Sustent\u00e1vel (Prospera). O objetivo do projeto \u00e9 qualificar gestores, l\u00edderes e servidores municipais para implementar pol\u00edticas p\u00fablicas alinhadas aos Objetivos de Desenvolvimento Sustent\u00e1vel (ODS) da ONU. O lan\u00e7amento contou com a presen\u00e7a do vice-governador Darci Piana.<\/p>\n\n\n\n<p>A iniciativa \u00e9 do Tribunal de Contas do Estado (TCE-PR), em parceria com a Superintend\u00eancia Geral de Desenvolvimento Econ\u00f4mico e Social (SGDES) do Governo do Estado e visa ajudar os munic\u00edpios a implementarem pol\u00edticas p\u00fablicas que reduzam desigualdades, ajudem a erradicar a pobreza, melhorem o bem-estar dos cidad\u00e3os e adotem pr\u00e1ticas sustent\u00e1veis, entre outras que integram a Agenda 2030 da ONU.<\/p>\n\n\n\n<p>\u201cDe nada adianta o Estado ser forte e apresentar excelentes \u00edndices de crescimento se alguns munic\u00edpios n\u00e3o acompanharem este movimento. Queremos que todos estejam no mesmo ritmo de desenvolvimento e que isso aconte\u00e7a de forma uniforme, em todas as regi\u00f5es do Paran\u00e1. Este programa ser\u00e1 fundamental para atingirmos estes objetivos\u201d, afirmou Darci Piana.<\/p>\n\n\n\n<p>O programa vai trabalhar cada um dos 17 ODS, que se desmembram em 169 metas espec\u00edficas. A ideia \u00e9 apresentar os objetivos, criar ferramentas de diagn\u00f3stico local e ajudar a desenvolver pol\u00edticas que alcancem estas metas nos pr\u00f3ximos anos. O curso ser\u00e1 organizado pela Escola de Gest\u00e3o P\u00fablica do TCE-PR.<\/p>\n\n\n\n<p>\u201cIsso faz parte da natureza do Tribunal de Contas, que tem em um de seus v\u00e9rtices o controle social. Esse compromisso com os Objetivos de Desenvolvimento Sustent\u00e1vel vem de muito tempo e agora d\u00e1 mais um passo com este programa\u201d, afirmou o presidente do TCE-PR, Fernando Guimar\u00e3es.<\/p>\n\n\n\n<p><strong>CURSO<\/strong>&nbsp;\u2013 O Prospera ser\u00e1 um curso destinado a prefeitos, vice-prefeitos, secret\u00e1rios municipais, vereadores, servidores, lideran\u00e7as comunit\u00e1rias, entidades do terceiro setor e agentes locais que possam ajudar a implementar a Agenda 2030 em n\u00edvel municipal. As inscri\u00e7\u00f5es est\u00e3o abertas e podem ser feitas no&nbsp;<strong><a href=\"https:\/\/egp.tce.pr.gov.br\/Home\/CursoDetalhe?idInscricao=1640\" target=\"_blank\" rel=\"noreferrer noopener\">site da Escola de Gest\u00e3o P\u00fablica do TCE-PR<\/a><\/strong>.<\/p>\n\n\n\n<p>Ao todo, a capacita\u00e7\u00e3o tem 160 horas de carga hor\u00e1ria, dividida em tr\u00eas trilhas sequenciais. Em um primeiro momento, o curso vai nivelar o conhecimento dos inscritos em rela\u00e7\u00e3o aos objetivos estabelecidos pela ONU, apresentando os 17 ODS e suas metas espec\u00edficas. Neste est\u00e1gio, todas as palestras s\u00e3o online.<\/p>\n\n\n\n<p>Na segunda trilha, o curso prev\u00ea a capacita\u00e7\u00e3o das lideran\u00e7as para a elabora\u00e7\u00e3o de projetos, cria\u00e7\u00e3o de indicadores e fontes de financiamento, al\u00e9m do desenvolvimento de habilidades pessoais para a gest\u00e3o destes programas locais. Por fim, os inscritos ser\u00e3o reunidos em uma terceira fase da capacita\u00e7\u00e3o, em Curitiba, para a cria\u00e7\u00e3o dos programas locais.<\/p>\n\n\n\n<p>\u201c\u00c9 muito importante que todos os munic\u00edpios enviem representantes, para que estejam capacitados para cumprir estes objetivos. Muitos munic\u00edpios s\u00e3o pequenos e n\u00e3o conseguem. Eles s\u00e3o importantes para desenvolver as economias locais e melhorar a vida dos moradores destas cidades\u201d, afirmou a superintendente-geral da SGDES, Keli Guimar\u00e3es.<\/p>\n\n\n\n<p><strong>AGENDA 2030&nbsp;<\/strong>\u2013 Firmada por 193 chefes de Estado e de Governo durante a Assembleia Geral da ONU em 2015, a Agenda 2030 estabeleceu os 17 ODS, com metas que devem ser alcan\u00e7adas at\u00e9 o final desta d\u00e9cada.<\/p>\n\n\n\n<p>O Paran\u00e1 j\u00e1 \u00e9 uma refer\u00eancia nacional e internacional em desenvolvimento sustent\u00e1vel, mas busca com o Prospera intensificar ainda mais sua atua\u00e7\u00e3o nesta \u00e1rea, mobilizando e envolvendo os munic\u00edpios e os cidad\u00e3os para o cumprimento dos objetivos.<\/p>\n\n\n\n<p>Al\u00e9m de mais qualidade de vida \u00e0s pessoas e promover o desenvolvimento sustent\u00e1vel, o comprometimento com as metas permitem que, entre outras coisas, o Estado acesse cr\u00e9ditos internacionais a menor custo e amplie rela\u00e7\u00f5es comerciais com diversos pa\u00edses.<\/p>\n\n\n\n<p><strong>PRESEN\u00c7AS&nbsp;<\/strong>\u2013<strong>&nbsp;<\/strong>Tamb\u00e9m estiveram presentes no lan\u00e7amento do Prospera a secret\u00e1ria estadual das Cidades, Camila Mileke Scucato; o secret\u00e1rio em exerc\u00edcio da secretaria estadual da Ci\u00eancia, Tecnologia e Ensino Superior, Jamil Abdanur Junior; o procurador-geral do Estado, Luciano Borges; o senador Fl\u00e1vio Arns; o vice-presidente do Tribunal de Contas do Estado do Paran\u00e1, Ivens Linhares; e demais autoridades.<\/p>\n\n\n\n<p>AEN<\/p>\n","protected":false},"excerpt":{"rendered":"<p>O Paran\u00e1 deu um importante passo para o fortalecimento da sustentabilidade em todo o Estado, nesta quinta-feira (16), com o lan\u00e7amento do Programa de Capacita\u00e7\u00e3o de Lideran\u00e7as Locais para o Desenvolvimento Sustent\u00e1vel (Prospera). O objetivo do projeto \u00e9 qualificar gestores, l\u00edderes e servidores municipais para implementar pol\u00edticas p\u00fablicas alinhadas aos Objetivos de Desenvolvimento Sustent\u00e1vel (ODS) [&hellip;]<\/p>\n","protected":false},"author":2,"featured_media":63688,"comment_status":"open","ping_status":"open","sticky":false,"template":"","format":"standard","meta":{"advanced_seo_description":"","jetpack_seo_html_title":"","jetpack_seo_noindex":false,"_jetpack_memberships_contains_paid_content":false,"footnotes":""},"categories":[650],"tags":[],"class_list":{"0":"post-63687","1":"post","2":"type-post","3":"status-publish","4":"format-standard","5":"has-post-thumbnail","7":"category-parana"},"jetpack_featured_media_url":"https:\/\/www.paranapraia.com.br\/wp-content\/uploads\/2025\/01\/whatsapp_image_2025-01-16_at_10.12.15-scaled.jpg","jetpack_sharing_enabled":true,"_links":{"self":[{"href":"https:\/\/www.paranapraia.com.br\/index.php\/wp-json\/wp\/v2\/posts\/63687"}],"collection":[{"href":"https:\/\/www.paranapraia.com.br\/index.php\/wp-json\/wp\/v2\/posts"}],"about":[{"href":"https:\/\/www.paranapraia.com.br\/index.php\/wp-json\/wp\/v2\/types\/post"}],"author":[{"embeddable":true,"href":"https:\/\/www.paranapraia.com.br\/index.php\/wp-json\/wp\/v2\/users\/2"}],"replies":[{"embeddable":true,"href":"https:\/\/www.paranapraia.com.br\/index.php\/wp-json\/wp\/v2\/comments?post=63687"}],"version-history":[{"count":1,"href":"https:\/\/www.paranapraia.com.br\/index.php\/wp-json\/wp\/v2\/posts\/63687\/revisions"}],"predecessor-version":[{"id":63689,"href":"https:\/\/www.paranapraia.com.br\/index.php\/wp-json\/wp\/v2\/posts\/63687\/revisions\/63689"}],"wp:featuredmedia":[{"embeddable":true,"href":"https:\/\/www.paranapraia.com.br\/index.php\/wp-json\/wp\/v2\/media\/63688"}],"wp:attachment":[{"href":"https:\/\/www.paranapraia.com.br\/index.php\/wp-json\/wp\/v2\/media?parent=63687"}],"wp:term":[{"taxonomy":"category","embeddable":true,"href":"https:\/\/www.paranapraia.com.br\/index.php\/wp-json\/wp\/v2\/categories?post=63687"},{"taxonomy":"post_tag","embeddable":true,"href":"https:\/\/www.paranapraia.com.br\/index.php\/wp-json\/wp\/v2\/tags?post=63687"}],"curies":[{"name":"wp","href":"https:\/\/api.w.org\/{rel}","templated":true}]}}