{"id":63679,"date":"2025-01-16T15:12:52","date_gmt":"2025-01-16T18:12:52","guid":{"rendered":"https:\/\/www.paranapraia.com.br\/?p=63679"},"modified":"2025-01-16T15:12:56","modified_gmt":"2025-01-16T18:12:56","slug":"prefeitura-e-iat-realizam-vistoria-ambiental-em-pontal-do-parana","status":"publish","type":"post","link":"https:\/\/www.paranapraia.com.br\/index.php\/2025\/01\/16\/prefeitura-e-iat-realizam-vistoria-ambiental-em-pontal-do-parana\/","title":{"rendered":"Prefeitura e IAT realizam vistoria ambiental em Pontal do Paran\u00e1"},"content":{"rendered":"\n<p>Na tarde desta quarta-feira (15), o prefeito de Pontal do Paran\u00e1, Rud\u00e3o Gimenes, acompanhado do secret\u00e1rio municipal de Meio Ambiente, Agricultura e Pesca, Jackson Bassfeld, do chefe regional do Instituto \u00c1gua e Terra (IAT) no litoral, Altamir Hacke, e de Alexandre Paim, respons\u00e1vel pelas opera\u00e7\u00f5es com aeronaves do IAT, participou de um sobrevoo pelo munic\u00edpio. A a\u00e7\u00e3o teve como objetivo identificar e diagnosticar problemas ambientais que afetam a regi\u00e3o.<\/p>\n\n\n\n<figure class=\"wp-block-gallery has-nested-images columns-default is-cropped wp-block-gallery-1 is-layout-flex wp-block-gallery-is-layout-flex\">\n<figure class=\"wp-block-image size-large\"><img loading=\"lazy\" decoding=\"async\" width=\"600\" height=\"800\" data-id=\"63681\" src=\"https:\/\/www.paranapraia.com.br\/wp-content\/uploads\/2025\/01\/473669068_951781870384104_758319276118653237_n.jpg\" alt=\"\" class=\"wp-image-63681\" srcset=\"https:\/\/www.paranapraia.com.br\/wp-content\/uploads\/2025\/01\/473669068_951781870384104_758319276118653237_n.jpg 600w, https:\/\/www.paranapraia.com.br\/wp-content\/uploads\/2025\/01\/473669068_951781870384104_758319276118653237_n-225x300.jpg 225w\" sizes=\"(max-width: 600px) 100vw, 600px\" \/><\/figure>\n\n\n\n<figure class=\"wp-block-image size-large\"><img loading=\"lazy\" decoding=\"async\" width=\"600\" height=\"800\" data-id=\"63682\" src=\"https:\/\/www.paranapraia.com.br\/wp-content\/uploads\/2025\/01\/473574074_951781767050781_1025813030275768846_n.jpg\" alt=\"\" class=\"wp-image-63682\" srcset=\"https:\/\/www.paranapraia.com.br\/wp-content\/uploads\/2025\/01\/473574074_951781767050781_1025813030275768846_n.jpg 600w, https:\/\/www.paranapraia.com.br\/wp-content\/uploads\/2025\/01\/473574074_951781767050781_1025813030275768846_n-225x300.jpg 225w\" sizes=\"(max-width: 600px) 100vw, 600px\" \/><\/figure>\n<\/figure>\n\n\n\n<p>O trajeto do sobrevoo teve in\u00edcio no Rio das Pombas, na regi\u00e3o do Guaragua\u00e7u, seguindo at\u00e9 a Col\u00f4nia Pereira e retornando em dire\u00e7\u00e3o aos Molhes de Pontal do Sul. Durante o percurso, foram inspecionados canais de drenagem, \u00e1reas de ocupa\u00e7\u00e3o irregular, poss\u00edveis focos de desmatamento e, no retorno pela orla, eventuais manchas no mar.<\/p>\n\n\n\n<p>De acordo com Altamir Hacke, o sobrevoo \u00e9 uma ferramenta fundamental para levantar dados e mapear as \u00e1reas cr\u00edticas do munic\u00edpio. \u201cA partir desse diagn\u00f3stico, ser\u00e1 poss\u00edvel elaborar um cronograma de fiscaliza\u00e7\u00e3o mais eficiente, que permitir\u00e1 coibir pr\u00e1ticas ilegais, como o desmatamento e as ocupa\u00e7\u00f5es irregulares, al\u00e9m de melhorar o monitoramento da qualidade das \u00e1guas e a drenagem dos canais\u201d, destacou o chefe do IAT.<\/p>\n\n\n\n<p>O prefeito Rud\u00e3o Gimenes enfatizou a relev\u00e2ncia da parceria com o IAT para promover o desenvolvimento sustent\u00e1vel. \u201cA vistoria a\u00e9rea nos proporciona uma vis\u00e3o ampla das \u00e1reas de maior vulnerabilidade, ajudando no planejamento das a\u00e7\u00f5es necess\u00e1rias para proteger nosso meio ambiente. Esse trabalho conjunto refor\u00e7a o nosso compromisso com a preserva\u00e7\u00e3o ambiental e o bem-estar da nossa popula\u00e7\u00e3o\u201d, declarou.<\/p>\n\n\n\n<p>A vistoria integra um conjunto de iniciativas voltadas \u00e0 sustentabilidade e ao combate de atividades que amea\u00e7am os recursos naturais de Pontal do Paran\u00e1. Nos pr\u00f3ximos meses, a Prefeitura e o IAT intensificar\u00e3o as fiscaliza\u00e7\u00f5es e buscar\u00e3o solu\u00e7\u00f5es para os problemas identificados.<\/p>\n\n\n\n<p>PMPPR<\/p>\n","protected":false},"excerpt":{"rendered":"<p>Na tarde desta quarta-feira (15), o prefeito de Pontal do Paran\u00e1, Rud\u00e3o Gimenes, acompanhado do secret\u00e1rio municipal de Meio Ambiente, Agricultura e Pesca, Jackson Bassfeld, do chefe regional do Instituto \u00c1gua e Terra (IAT) no litoral, Altamir Hacke, e de Alexandre Paim, respons\u00e1vel pelas opera\u00e7\u00f5es com aeronaves do IAT, participou de um sobrevoo pelo munic\u00edpio. [&hellip;]<\/p>\n","protected":false},"author":2,"featured_media":63680,"comment_status":"open","ping_status":"open","sticky":false,"template":"","format":"standard","meta":{"advanced_seo_description":"","jetpack_seo_html_title":"","jetpack_seo_noindex":false,"_jetpack_memberships_contains_paid_content":false,"footnotes":""},"categories":[40,65],"tags":[318],"class_list":{"0":"post-63679","1":"post","2":"type-post","3":"status-publish","4":"format-standard","5":"has-post-thumbnail","7":"category-destaques","8":"category-pontal-do-parana","9":"tag-pontal-do-parana"},"jetpack_featured_media_url":"https:\/\/www.paranapraia.com.br\/wp-content\/uploads\/2025\/01\/473697685_951781770384114_8555609545990297996_n-scaled.jpg","jetpack_sharing_enabled":true,"_links":{"self":[{"href":"https:\/\/www.paranapraia.com.br\/index.php\/wp-json\/wp\/v2\/posts\/63679"}],"collection":[{"href":"https:\/\/www.paranapraia.com.br\/index.php\/wp-json\/wp\/v2\/posts"}],"about":[{"href":"https:\/\/www.paranapraia.com.br\/index.php\/wp-json\/wp\/v2\/types\/post"}],"author":[{"embeddable":true,"href":"https:\/\/www.paranapraia.com.br\/index.php\/wp-json\/wp\/v2\/users\/2"}],"replies":[{"embeddable":true,"href":"https:\/\/www.paranapraia.com.br\/index.php\/wp-json\/wp\/v2\/comments?post=63679"}],"version-history":[{"count":1,"href":"https:\/\/www.paranapraia.com.br\/index.php\/wp-json\/wp\/v2\/posts\/63679\/revisions"}],"predecessor-version":[{"id":63683,"href":"https:\/\/www.paranapraia.com.br\/index.php\/wp-json\/wp\/v2\/posts\/63679\/revisions\/63683"}],"wp:featuredmedia":[{"embeddable":true,"href":"https:\/\/www.paranapraia.com.br\/index.php\/wp-json\/wp\/v2\/media\/63680"}],"wp:attachment":[{"href":"https:\/\/www.paranapraia.com.br\/index.php\/wp-json\/wp\/v2\/media?parent=63679"}],"wp:term":[{"taxonomy":"category","embeddable":true,"href":"https:\/\/www.paranapraia.com.br\/index.php\/wp-json\/wp\/v2\/categories?post=63679"},{"taxonomy":"post_tag","embeddable":true,"href":"https:\/\/www.paranapraia.com.br\/index.php\/wp-json\/wp\/v2\/tags?post=63679"}],"curies":[{"name":"wp","href":"https:\/\/api.w.org\/{rel}","templated":true}]}}